{"id":4653,"date":"2025-05-29T12:15:50","date_gmt":"2025-05-29T10:15:50","guid":{"rendered":"https:\/\/blog.carillohome.com\/?p=4653"},"modified":"2025-07-31T11:27:58","modified_gmt":"2025-07-31T09:27:58","slug":"coperta-estiva-matrimoniale-guida-completa-per-dormire-freschi-con-stile","status":"publish","type":"post","link":"https:\/\/www.carillohome.com\/blog\/coperta-estiva-matrimoniale-guida-completa-per-dormire-freschi-con-stile\/","title":{"rendered":"Coperta Estiva Matrimoniale: guida completa per dormire freschi con stile"},"content":{"rendered":"\n<figure class=\"wp-block-image\"><img loading=\"lazy\" decoding=\"async\" width=\"1024\" height=\"683\" src=\"https:\/\/blog.carillohome.com\/wp-content\/uploads\/2025\/05\/coperte-estive-1024x683.jpg\" alt=\"coperte estive\" class=\"wp-image-4669\" srcset=\"https:\/\/blog.carillohome.com\/wp-content\/uploads\/2025\/05\/coperte-estive-1024x683.jpg 1024w, https:\/\/blog.carillohome.com\/wp-content\/uploads\/2025\/05\/coperte-estive-300x200.jpg 300w, https:\/\/blog.carillohome.com\/wp-content\/uploads\/2025\/05\/coperte-estive-768x512.jpg 768w, https:\/\/blog.carillohome.com\/wp-content\/uploads\/2025\/05\/coperte-estive-600x400.jpg 600w, https:\/\/blog.carillohome.com\/wp-content\/uploads\/2025\/05\/coperte-estive.jpg 1200w\" sizes=\"auto, (max-width: 1024px) 100vw, 1024px\" \/><\/figure>\n\n\n\n<p>Con l\u2019arrivo della bella stagione, le esigenze in camera da\nletto cambiano. Le notti si fanno pi\u00f9 calde, l\u2019aria diventa pi\u00f9 secca, e il\ncomfort termico notturno diventa essenziale per garantire un riposo di qualit\u00e0.\nIn questo contesto, scegliere la <strong>coperta estiva matrimoniale<\/strong> giusta pu\u00f2\nfare la differenza tra un sonno agitato e una notte fresca e rigenerante.<\/p>\n\n\n\n<p>Che tu stia cercando <strong>trapuntini leggeri<\/strong>, <strong>copriletti estivi<\/strong> decorativi o <strong>teli arredo multiuso<\/strong>, \u00e8 importante optare per materiali freschi e traspiranti, come <strong>cotone<\/strong>, <strong>lino<\/strong> e <strong>microfibra<\/strong>, capaci di offrire benessere e stile. <a href=\"https:\/\/www.carillohome.com\/it\/\">Carillo Home<\/a> propone soluzioni estive di <a href=\"https:\/\/www.carillohome.com\/it\/biancheria-da-letto\/\">biancheria da letto<\/a> pensate per coniugare estetica, funzionalit\u00e0 e qualit\u00e0.<\/p>\n\n\n\n\n\n<figure class=\"wp-block-image\"><img loading=\"lazy\" decoding=\"async\" width=\"945\" height=\"630\" src=\"https:\/\/blog.carillohome.com\/wp-content\/uploads\/2025\/05\/coperta-estiva-matrimoniale.jpg\" alt=\"coperta estiva matrimoniale\" class=\"wp-image-4675\" srcset=\"https:\/\/blog.carillohome.com\/wp-content\/uploads\/2025\/05\/coperta-estiva-matrimoniale.jpg 945w, https:\/\/blog.carillohome.com\/wp-content\/uploads\/2025\/05\/coperta-estiva-matrimoniale-300x200.jpg 300w, https:\/\/blog.carillohome.com\/wp-content\/uploads\/2025\/05\/coperta-estiva-matrimoniale-768x512.jpg 768w, https:\/\/blog.carillohome.com\/wp-content\/uploads\/2025\/05\/coperta-estiva-matrimoniale-600x400.jpg 600w\" sizes=\"auto, (max-width: 945px) 100vw, 945px\" \/><\/figure>\n\n\n\n<h2 class=\"wp-block-heading western\">Perch\u00e9 scegliere una coperta estiva?<br><\/h2>\n\n\n\n<p>A differenza delle coperte invernali, le <strong>coperte estive<\/strong>\nsono progettate per offrire <strong>leggerezza<\/strong> e <strong>traspirabilit\u00e0<\/strong>, conservando\nun corretto equilibrio termico anche durante le notti pi\u00f9 calde. Quali sono i\nprincipali vantaggi dell\u2019uso di una coperta nelle notti d\u2019estate?<\/p>\n\n\n\n<ul class=\"wp-block-list\">\n<li>Regolazione della temperatura corporea<\/li>\n\n\n\n<li>Assorbimento dell\u2019umidit\u00e0 e maggiore traspirazione<\/li>\n\n\n\n<li>Comfort notturno senza appesantire il corpo<\/li>\n\n\n\n<li>Funzione decorativa con tessuti e design estivi<\/li>\n<\/ul>\n\n\n\n<figure class=\"wp-block-image\"><img loading=\"lazy\" decoding=\"async\" width=\"945\" height=\"630\" src=\"https:\/\/blog.carillohome.com\/wp-content\/uploads\/2025\/05\/copriletto-estivo.jpg\" alt=\"copriletto estivo\" class=\"wp-image-4671\" srcset=\"https:\/\/blog.carillohome.com\/wp-content\/uploads\/2025\/05\/copriletto-estivo.jpg 945w, https:\/\/blog.carillohome.com\/wp-content\/uploads\/2025\/05\/copriletto-estivo-300x200.jpg 300w, https:\/\/blog.carillohome.com\/wp-content\/uploads\/2025\/05\/copriletto-estivo-768x512.jpg 768w, https:\/\/blog.carillohome.com\/wp-content\/uploads\/2025\/05\/copriletto-estivo-600x400.jpg 600w\" sizes=\"auto, (max-width: 945px) 100vw, 945px\" \/><\/figure>\n\n\n\n<h2 class=\"wp-block-heading western\">Le migliori tipologie di coperta estiva<br><\/h2>\n\n\n\n<p>Chi cerca una <strong>coperta matrimoniale estiva<\/strong> ha a disposizione diverse soluzioni, ognuna pensata per rispondere a esigenze specifiche.<br><\/p>\n\n\n\n<h3 class=\"wp-block-heading\">Trapuntini estivi<br><\/h3>\n\n\n\n<p>I <a href=\"https:\/\/www.carillohome.com\/it\/biancheria-da-letto\/trapuntini\/\">trapuntini<\/a> estivi matrimoniali sono perfetti per chi desidera una coperta leggera ma comunque avvolgente. Realizzati con una sottile imbottitura in cotone o fibra anallergica, offrono comfort anche con l\u2019aria condizionata accesa. Sono versatili e si adattano bene anche alle mezze stagioni.<br><\/p>\n\n\n\n<figure class=\"wp-block-gallery has-nested-images columns-default is-cropped wp-block-gallery-1 is-layout-flex wp-block-gallery-is-layout-flex\">\n<figure class=\"wp-block-image\"><img loading=\"lazy\" decoding=\"async\" width=\"600\" height=\"600\" data-id=\"4658\" src=\"https:\/\/blog.carillohome.com\/wp-content\/uploads\/2025\/05\/Trapuntino-In-Raso-Gardenia.jpg\" alt=\"Trapuntino In Raso Gardenia\" class=\"wp-image-4658\" srcset=\"https:\/\/blog.carillohome.com\/wp-content\/uploads\/2025\/05\/Trapuntino-In-Raso-Gardenia.jpg 600w, https:\/\/blog.carillohome.com\/wp-content\/uploads\/2025\/05\/Trapuntino-In-Raso-Gardenia-150x150.jpg 150w, https:\/\/blog.carillohome.com\/wp-content\/uploads\/2025\/05\/Trapuntino-In-Raso-Gardenia-300x300.jpg 300w, https:\/\/blog.carillohome.com\/wp-content\/uploads\/2025\/05\/Trapuntino-In-Raso-Gardenia-60x60.jpg 60w\" sizes=\"auto, (max-width: 600px) 100vw, 600px\" \/><figcaption class=\"wp-element-caption\"><a aria-label=\"Trapuntino In Raso Gardenia (si apre in una nuova scheda)\" href=\"https:\/\/www.carillohome.com\/it\/trapuntino-in-raso-gardenia\/\" target=\"_blank\" rel=\"noreferrer noopener\">Trapuntino In Raso Gardenia<\/a><\/figcaption><\/figure>\n\n\n\n<figure class=\"wp-block-image\"><img loading=\"lazy\" decoding=\"async\" width=\"600\" height=\"600\" data-id=\"4659\" src=\"https:\/\/blog.carillohome.com\/wp-content\/uploads\/2025\/05\/Trapuntino-In-Jacquard-Chloe.jpg\" alt=\"Trapuntino In Jacquard Chloe'\" class=\"wp-image-4659\" srcset=\"https:\/\/blog.carillohome.com\/wp-content\/uploads\/2025\/05\/Trapuntino-In-Jacquard-Chloe.jpg 600w, https:\/\/blog.carillohome.com\/wp-content\/uploads\/2025\/05\/Trapuntino-In-Jacquard-Chloe-150x150.jpg 150w, https:\/\/blog.carillohome.com\/wp-content\/uploads\/2025\/05\/Trapuntino-In-Jacquard-Chloe-300x300.jpg 300w, https:\/\/blog.carillohome.com\/wp-content\/uploads\/2025\/05\/Trapuntino-In-Jacquard-Chloe-60x60.jpg 60w\" sizes=\"auto, (max-width: 600px) 100vw, 600px\" \/><figcaption class=\"wp-element-caption\"><a aria-label=\"Trapuntino In Jacquard Chloe' (si apre in una nuova scheda)\" href=\"https:\/\/www.carillohome.com\/it\/trapuntino-in-jacquard-chloe\/\" target=\"_blank\" rel=\"noreferrer noopener\">Trapuntino In Jacquard Chloe&#8217;<\/a><\/figcaption><\/figure>\n<\/figure>\n\n\n\n<h3 class=\"wp-block-heading\"> Copriletti estivi <\/h3>\n\n\n\n<p>I <a href=\"https:\/\/www.carillohome.com\/it\/biancheria-da-letto\/copriletti\/\">copriletti<\/a> estivi uniscono praticit\u00e0 e valore estetico. Disponibili in un\u2019ampia gamma di colori, tessuti e motivi, sono l\u2019ideale per rinnovare lo stile della camera da letto e allo stesso tempo offrire una copertura leggera durante le notti estive.<br><\/p>\n\n\n\n<figure class=\"wp-block-gallery has-nested-images columns-default is-cropped wp-block-gallery-2 is-layout-flex wp-block-gallery-is-layout-flex\">\n<figure class=\"wp-block-image\"><img loading=\"lazy\" decoding=\"async\" width=\"600\" height=\"600\" data-id=\"4660\" src=\"https:\/\/blog.carillohome.com\/wp-content\/uploads\/2025\/05\/Copriletto-Jacquard-Animalier.jpg\" alt=\"Copriletto Jacquard Animalier\" class=\"wp-image-4660\" srcset=\"https:\/\/blog.carillohome.com\/wp-content\/uploads\/2025\/05\/Copriletto-Jacquard-Animalier.jpg 600w, https:\/\/blog.carillohome.com\/wp-content\/uploads\/2025\/05\/Copriletto-Jacquard-Animalier-150x150.jpg 150w, https:\/\/blog.carillohome.com\/wp-content\/uploads\/2025\/05\/Copriletto-Jacquard-Animalier-300x300.jpg 300w, https:\/\/blog.carillohome.com\/wp-content\/uploads\/2025\/05\/Copriletto-Jacquard-Animalier-60x60.jpg 60w\" sizes=\"auto, (max-width: 600px) 100vw, 600px\" \/><figcaption class=\"wp-element-caption\"><a aria-label=\"Copriletto Jacquard Animalier (si apre in una nuova scheda)\" href=\"https:\/\/www.carillohome.com\/it\/copriletto-jacquard-animalier\/\" target=\"_blank\" rel=\"noreferrer noopener\">Copriletto Jacquard Animalier<\/a><\/figcaption><\/figure>\n\n\n\n<figure class=\"wp-block-image\"><img loading=\"lazy\" decoding=\"async\" width=\"600\" height=\"600\" data-id=\"4661\" src=\"https:\/\/blog.carillohome.com\/wp-content\/uploads\/2025\/05\/Copriletto-Jacquard-Imbottito-Aurora.jpg\" alt=\"Copriletto Jacquard Imbottito Aurora\" class=\"wp-image-4661\" srcset=\"https:\/\/blog.carillohome.com\/wp-content\/uploads\/2025\/05\/Copriletto-Jacquard-Imbottito-Aurora.jpg 600w, https:\/\/blog.carillohome.com\/wp-content\/uploads\/2025\/05\/Copriletto-Jacquard-Imbottito-Aurora-150x150.jpg 150w, https:\/\/blog.carillohome.com\/wp-content\/uploads\/2025\/05\/Copriletto-Jacquard-Imbottito-Aurora-300x300.jpg 300w, https:\/\/blog.carillohome.com\/wp-content\/uploads\/2025\/05\/Copriletto-Jacquard-Imbottito-Aurora-60x60.jpg 60w\" sizes=\"auto, (max-width: 600px) 100vw, 600px\" \/><figcaption class=\"wp-element-caption\"><a aria-label=\"Copriletto Jacquard Imbottito Aurora (si apre in una nuova scheda)\" href=\"https:\/\/www.carillohome.com\/it\/copriletto-jacquard-aurora\/\" target=\"_blank\" rel=\"noreferrer noopener\">Copriletto Jacquard Imbottito Aurora<\/a><\/figcaption><\/figure>\n<\/figure>\n\n\n\n<h3 class=\"wp-block-heading\">Teli arredo multiuso<\/h3>\n\n\n\n<p>Versatili per natura, i <a href=\"https:\/\/www.carillohome.com\/it\/salone\/teli-arredo\/\">teli arredo o coverall<\/a> possono\nessere utilizzati come coperte leggere, copridivano, tovaglie o copri lettino\nda esterno. In cotone naturale o microfibra, sono facili da lavare e si\nasciugano rapidamente, il che li rende perfetti per un utilizzo quotidiano\nanche in vacanza.<\/p>\n\n\n\n<figure class=\"wp-block-gallery has-nested-images columns-default is-cropped wp-block-gallery-3 is-layout-flex wp-block-gallery-is-layout-flex\">\n<figure class=\"wp-block-image\"><img loading=\"lazy\" decoding=\"async\" width=\"600\" height=\"600\" data-id=\"4656\" src=\"https:\/\/blog.carillohome.com\/wp-content\/uploads\/2025\/05\/Telo-Multiarredo-Soneki.jpg\" alt=\"\" class=\"wp-image-4656\" srcset=\"https:\/\/blog.carillohome.com\/wp-content\/uploads\/2025\/05\/Telo-Multiarredo-Soneki.jpg 600w, https:\/\/blog.carillohome.com\/wp-content\/uploads\/2025\/05\/Telo-Multiarredo-Soneki-150x150.jpg 150w, https:\/\/blog.carillohome.com\/wp-content\/uploads\/2025\/05\/Telo-Multiarredo-Soneki-300x300.jpg 300w, https:\/\/blog.carillohome.com\/wp-content\/uploads\/2025\/05\/Telo-Multiarredo-Soneki-60x60.jpg 60w\" sizes=\"auto, (max-width: 600px) 100vw, 600px\" \/><figcaption class=\"wp-element-caption\"><a aria-label=\"Telo Multiarredo Soneki (si apre in una nuova scheda)\" href=\"https:\/\/www.carillohome.com\/it\/telo-multiarredo-soneki\/\" target=\"_blank\" rel=\"noreferrer noopener\">Telo Multiarredo Soneki<\/a><\/figcaption><\/figure>\n\n\n\n<figure class=\"wp-block-image\"><img loading=\"lazy\" decoding=\"async\" width=\"600\" height=\"600\" data-id=\"4657\" src=\"https:\/\/blog.carillohome.com\/wp-content\/uploads\/2025\/05\/Coverall-In-Cotone-Stampato-Hibis.jpg\" alt=\"\" class=\"wp-image-4657\" srcset=\"https:\/\/blog.carillohome.com\/wp-content\/uploads\/2025\/05\/Coverall-In-Cotone-Stampato-Hibis.jpg 600w, https:\/\/blog.carillohome.com\/wp-content\/uploads\/2025\/05\/Coverall-In-Cotone-Stampato-Hibis-150x150.jpg 150w, https:\/\/blog.carillohome.com\/wp-content\/uploads\/2025\/05\/Coverall-In-Cotone-Stampato-Hibis-300x300.jpg 300w, https:\/\/blog.carillohome.com\/wp-content\/uploads\/2025\/05\/Coverall-In-Cotone-Stampato-Hibis-60x60.jpg 60w\" sizes=\"auto, (max-width: 600px) 100vw, 600px\" \/><figcaption class=\"wp-element-caption\"><a aria-label=\"Coverall In Cotone Stampato Hibis (si apre in una nuova scheda)\" href=\"https:\/\/www.carillohome.com\/it\/coverall-in-cotone-stampato-hibis\/\" target=\"_blank\" rel=\"noreferrer noopener\">Coverall In Cotone Stampato Hibis<\/a><\/figcaption><\/figure>\n<\/figure>\n\n\n\n<h2 class=\"wp-block-heading\">Coperte estive: quali sono i tessuti ideali <\/h2>\n\n\n\n<p>La scelta del materiale \u00e8 fondamentale per garantire freschezza e traspirabilit\u00e0. Una <strong>coperta estiva matrimoniale<\/strong> di qualit\u00e0 deve essere realizzata con tessuti che permettano all\u2019aria di circolare e all\u2019umidit\u00e0 di evaporare.<br><\/p>\n\n\n\n<h3 class=\"wp-block-heading\">Coperte estive in cotone<\/h3>\n\n\n\n<p>Il <strong>cotone<\/strong> \u00e8 uno dei materiali pi\u00f9 richiesti per le coperte estive grazie alla sua capacit\u00e0 di assorbire l\u2019umidit\u00e0 e garantire freschezza. Una <strong>coperta estiva matrimoniale in cotone<\/strong> \u00e8 leggera, lavabile in lavatrice e adatta anche a chi ha la pelle sensibile.<br><\/p>\n\n\n\n<figure class=\"wp-block-gallery has-nested-images columns-default is-cropped wp-block-gallery-4 is-layout-flex wp-block-gallery-is-layout-flex\">\n<figure class=\"wp-block-image\"><img loading=\"lazy\" decoding=\"async\" width=\"600\" height=\"600\" data-id=\"4662\" src=\"https:\/\/blog.carillohome.com\/wp-content\/uploads\/2025\/05\/Copriletto-Matelasse-Jacquard-Michela.jpg\" alt=\"Copriletto Matelasse Jacquard Michela\" class=\"wp-image-4662\" srcset=\"https:\/\/blog.carillohome.com\/wp-content\/uploads\/2025\/05\/Copriletto-Matelasse-Jacquard-Michela.jpg 600w, https:\/\/blog.carillohome.com\/wp-content\/uploads\/2025\/05\/Copriletto-Matelasse-Jacquard-Michela-150x150.jpg 150w, https:\/\/blog.carillohome.com\/wp-content\/uploads\/2025\/05\/Copriletto-Matelasse-Jacquard-Michela-300x300.jpg 300w, https:\/\/blog.carillohome.com\/wp-content\/uploads\/2025\/05\/Copriletto-Matelasse-Jacquard-Michela-60x60.jpg 60w\" sizes=\"auto, (max-width: 600px) 100vw, 600px\" \/><figcaption class=\"wp-element-caption\"><a aria-label=\"Copriletto Matelasse Jacquard Michela (si apre in una nuova scheda)\" href=\"https:\/\/www.carillohome.com\/it\/copriletto-matelasse-michela\/\" target=\"_blank\" rel=\"noreferrer noopener\">Copriletto Matelasse Jacquard Michela<\/a><\/figcaption><\/figure>\n\n\n\n<figure class=\"wp-block-image\"><img loading=\"lazy\" decoding=\"async\" width=\"600\" height=\"600\" data-id=\"4663\" src=\"https:\/\/blog.carillohome.com\/wp-content\/uploads\/2025\/05\/Copriletto-In-Cotone-Yucca.jpg\" alt=\"Copriletto In Cotone Yucca\" class=\"wp-image-4663\" srcset=\"https:\/\/blog.carillohome.com\/wp-content\/uploads\/2025\/05\/Copriletto-In-Cotone-Yucca.jpg 600w, https:\/\/blog.carillohome.com\/wp-content\/uploads\/2025\/05\/Copriletto-In-Cotone-Yucca-150x150.jpg 150w, https:\/\/blog.carillohome.com\/wp-content\/uploads\/2025\/05\/Copriletto-In-Cotone-Yucca-300x300.jpg 300w, https:\/\/blog.carillohome.com\/wp-content\/uploads\/2025\/05\/Copriletto-In-Cotone-Yucca-60x60.jpg 60w\" sizes=\"auto, (max-width: 600px) 100vw, 600px\" \/><figcaption class=\"wp-element-caption\"><a aria-label=\"Copriletto In Cotone Yucca (si apre in una nuova scheda)\" href=\"https:\/\/www.carillohome.com\/it\/copriletto-in-cotone-yucca\/\" target=\"_blank\" rel=\"noreferrer noopener\">Copriletto In Cotone Yucca<\/a><\/figcaption><\/figure>\n<\/figure>\n\n\n\n<h3 class=\"wp-block-heading\">Coperte estive in Lino<\/h3>\n\n\n\n<p>Il <strong>lino<\/strong> \u00e8 ideale per chi cerca il massimo della\ntraspirabilit\u00e0. Oltre ad essere termoregolatore, \u00e8 resistente, ecologico e\nconferisce un tocco naturale e sofisticato all\u2019ambiente. Le <strong>coperte\nmatrimoniali estive in lino<\/strong> sono particolarmente adatte per climi molto\ncaldi.<\/p>\n\n\n\n<figure class=\"wp-block-gallery has-nested-images columns-default is-cropped wp-block-gallery-5 is-layout-flex wp-block-gallery-is-layout-flex\">\n<figure class=\"wp-block-image\"><img loading=\"lazy\" decoding=\"async\" width=\"600\" height=\"600\" data-id=\"4664\" src=\"https:\/\/blog.carillohome.com\/wp-content\/uploads\/2025\/05\/Trapuntino-Misto-Lino-Blom.jpg\" alt=\"Trapuntino Misto Lino Blom\" class=\"wp-image-4664\" srcset=\"https:\/\/blog.carillohome.com\/wp-content\/uploads\/2025\/05\/Trapuntino-Misto-Lino-Blom.jpg 600w, https:\/\/blog.carillohome.com\/wp-content\/uploads\/2025\/05\/Trapuntino-Misto-Lino-Blom-150x150.jpg 150w, https:\/\/blog.carillohome.com\/wp-content\/uploads\/2025\/05\/Trapuntino-Misto-Lino-Blom-300x300.jpg 300w, https:\/\/blog.carillohome.com\/wp-content\/uploads\/2025\/05\/Trapuntino-Misto-Lino-Blom-60x60.jpg 60w\" sizes=\"auto, (max-width: 600px) 100vw, 600px\" \/><figcaption class=\"wp-element-caption\"><a aria-label=\"Trapuntino Misto Lino Blom (si apre in una nuova scheda)\" href=\"https:\/\/www.carillohome.com\/it\/trapuntino-misto-lino-blom\/\" target=\"_blank\" rel=\"noreferrer noopener\">Trapuntino Misto Lino Blom<\/a><\/figcaption><\/figure>\n\n\n\n<figure class=\"wp-block-image\"><img loading=\"lazy\" decoding=\"async\" width=\"600\" height=\"600\" data-id=\"4665\" src=\"https:\/\/blog.carillohome.com\/wp-content\/uploads\/2025\/05\/Quilt-In-Lino-Aman.jpg\" alt=\"Quilt In Lino Aman\" class=\"wp-image-4665\" srcset=\"https:\/\/blog.carillohome.com\/wp-content\/uploads\/2025\/05\/Quilt-In-Lino-Aman.jpg 600w, https:\/\/blog.carillohome.com\/wp-content\/uploads\/2025\/05\/Quilt-In-Lino-Aman-150x150.jpg 150w, https:\/\/blog.carillohome.com\/wp-content\/uploads\/2025\/05\/Quilt-In-Lino-Aman-300x300.jpg 300w, https:\/\/blog.carillohome.com\/wp-content\/uploads\/2025\/05\/Quilt-In-Lino-Aman-60x60.jpg 60w\" sizes=\"auto, (max-width: 600px) 100vw, 600px\" \/><figcaption class=\"wp-element-caption\"><a aria-label=\"Quilt In Lino Aman (si apre in una nuova scheda)\" href=\"https:\/\/www.carillohome.com\/it\/quilt-in-lino-aman\/\" target=\"_blank\" rel=\"noreferrer noopener\">Quilt In Lino Aman<\/a><\/figcaption><\/figure>\n<\/figure>\n\n\n\n<h3 class=\"wp-block-heading\">Coperte estive in Microfibra<\/h3>\n\n\n\n<p>La <strong>microfibra<\/strong> \u00e8 apprezzata per la sua leggerezza,\npraticit\u00e0 e resistenza. \u00c8 perfetta per chi cerca una soluzione comoda e rapida\nda gestire, anche quotidianamente. Le <strong>coperte estive in microfibra<\/strong> si\nasciugano velocemente e non necessitano di stiratura.<\/p>\n\n\n\n<figure class=\"wp-block-gallery has-nested-images columns-default is-cropped wp-block-gallery-6 is-layout-flex wp-block-gallery-is-layout-flex\">\n<figure class=\"wp-block-image\"><img loading=\"lazy\" decoding=\"async\" width=\"600\" height=\"600\" data-id=\"4666\" src=\"https:\/\/blog.carillohome.com\/wp-content\/uploads\/2025\/05\/Trapuntino-In-Microfibra-Alma.jpg\" alt=\"Trapuntino In Microfibra Alma\" class=\"wp-image-4666\" srcset=\"https:\/\/blog.carillohome.com\/wp-content\/uploads\/2025\/05\/Trapuntino-In-Microfibra-Alma.jpg 600w, https:\/\/blog.carillohome.com\/wp-content\/uploads\/2025\/05\/Trapuntino-In-Microfibra-Alma-150x150.jpg 150w, https:\/\/blog.carillohome.com\/wp-content\/uploads\/2025\/05\/Trapuntino-In-Microfibra-Alma-300x300.jpg 300w, https:\/\/blog.carillohome.com\/wp-content\/uploads\/2025\/05\/Trapuntino-In-Microfibra-Alma-60x60.jpg 60w\" sizes=\"auto, (max-width: 600px) 100vw, 600px\" \/><figcaption class=\"wp-element-caption\"><a aria-label=\"Trapuntino In Microfibra Alma (si apre in una nuova scheda)\" href=\"https:\/\/www.carillohome.com\/it\/trapuntino-in-microfibra-alma\/\" target=\"_blank\" rel=\"noreferrer noopener\">Trapuntino In Microfibra Alma<\/a><\/figcaption><\/figure>\n\n\n\n<figure class=\"wp-block-image\"><img loading=\"lazy\" decoding=\"async\" width=\"600\" height=\"600\" data-id=\"4667\" src=\"https:\/\/blog.carillohome.com\/wp-content\/uploads\/2025\/05\/Trapuntino-In-Microfibra-Aroa.jpg\" alt=\"Trapuntino In Microfibra Aroa\" class=\"wp-image-4667\" srcset=\"https:\/\/blog.carillohome.com\/wp-content\/uploads\/2025\/05\/Trapuntino-In-Microfibra-Aroa.jpg 600w, https:\/\/blog.carillohome.com\/wp-content\/uploads\/2025\/05\/Trapuntino-In-Microfibra-Aroa-150x150.jpg 150w, https:\/\/blog.carillohome.com\/wp-content\/uploads\/2025\/05\/Trapuntino-In-Microfibra-Aroa-300x300.jpg 300w, https:\/\/blog.carillohome.com\/wp-content\/uploads\/2025\/05\/Trapuntino-In-Microfibra-Aroa-60x60.jpg 60w\" sizes=\"auto, (max-width: 600px) 100vw, 600px\" \/><figcaption class=\"wp-element-caption\"><a aria-label=\"Trapuntino In Microfibra Aroa (si apre in una nuova scheda)\" href=\"https:\/\/www.carillohome.com\/it\/trapuntino-in-microfibra-aroa\/\" target=\"_blank\" rel=\"noreferrer noopener\">Trapuntino In Microfibra Aroa<\/a><\/figcaption><\/figure>\n<\/figure>\n\n\n\n<h2 class=\"wp-block-heading\">Coperte da usare in estate per tutta la famiglia <\/h2>\n\n\n\n<p>Non solo letto matrimoniale: le <strong>coperte estive<\/strong> sono\ndisponibili anche in versione singola, da una piazza e mezza e per bambini. La <strong>coperta\nestiva neonato<\/strong>, ad esempio, deve essere realizzata in cotone certificato,\npriva di sostanze chimiche e pensata per garantire traspirazione e sicurezza\ndurante il sonno. <strong>Carillo Home<\/strong> propone collezioni pensate per tutta la\nfamiglia, con taglie e tessuti adatti a ogni esigenza stagionale.<\/p>\n\n\n\n<figure class=\"wp-block-image\"><img loading=\"lazy\" decoding=\"async\" width=\"945\" height=\"630\" src=\"https:\/\/blog.carillohome.com\/wp-content\/uploads\/2025\/05\/coperta-estiva.jpg\" alt=\"coperta estiva\" class=\"wp-image-4670\" srcset=\"https:\/\/blog.carillohome.com\/wp-content\/uploads\/2025\/05\/coperta-estiva.jpg 945w, https:\/\/blog.carillohome.com\/wp-content\/uploads\/2025\/05\/coperta-estiva-300x200.jpg 300w, https:\/\/blog.carillohome.com\/wp-content\/uploads\/2025\/05\/coperta-estiva-768x512.jpg 768w, https:\/\/blog.carillohome.com\/wp-content\/uploads\/2025\/05\/coperta-estiva-600x400.jpg 600w\" sizes=\"auto, (max-width: 945px) 100vw, 945px\" \/><\/figure>\n\n\n\n<h2 class=\"wp-block-heading\">Come scegliere la coperta estiva matrimoniale giusta<\/h2>\n\n\n\n<p>Scegliere la <strong>coperta estiva matrimoniale ideale<\/strong> richiede attenzione a diversi fattori: non si tratta solo di un accessorio funzionale, ma di un elemento che influisce direttamente sul comfort del sonno e sull\u2019estetica della camera. In estate, ogni dettaglio conta: dalla traspirabilit\u00e0 del materiale alla leggerezza della copertura, fino al design coordinato con lo stile della stanza.<\/p>\n\n\n\n<h3 class=\"wp-block-heading\">Considera il clima della tua zona<\/h3>\n\n\n\n<p>In ambienti molto caldi, meglio scegliere <strong>copriletti in\nlino<\/strong> o teli leggeri in cotone. In presenza di aria condizionata o notti pi\u00f9\nfresche, i <strong>trapuntini leggeri<\/strong> rappresentano un\u2019ottima alternativa.<\/p>\n\n\n\n<h3 class=\"wp-block-heading\">Valuta le tue abitudini<\/h3>\n\n\n\n<p>Chi tende a sudare molto durante la notte dovrebbe preferire materiali naturali e traspiranti. Al contrario, se hai bisogno di un po\u2019 pi\u00f9 di calore, una <strong>coperta matrimoniale estiva<\/strong> con imbottitura leggera potrebbe fare al caso tuo.<\/p>\n\n\n\n<h3 class=\"wp-block-heading\">Abbina allo stile della stanza<\/h3>\n\n\n\n<p>Scegli colori chiari e fantasie sobrie per ambienti moderni o minimalisti, oppure tonalit\u00e0 calde e motivi floreali per uno stile pi\u00f9 classico o boho. Coordinare la <strong>coperta estiva<\/strong> con <a href=\"https:\/\/www.carillohome.com\/it\/biancheria-da-letto\/completi-letto\/\">completi letto<\/a>, <a href=\"https:\/\/www.carillohome.com\/it\/salone\/cuscini-arredo\/\">cuscini arredo<\/a> e <a href=\"https:\/\/www.carillohome.com\/it\/salone\/tappeti\/\" target=\"_blank\" rel=\"noreferrer noopener\" aria-label=\" (si apre in una nuova scheda)\">tappeti<\/a> rende l\u2019ambiente pi\u00f9 armonico e accogliente.<\/p>\n\n\n\n<h3 class=\"wp-block-heading\">Considera la praticit\u00e0<\/h3>\n\n\n\n<p>Cotone e microfibra sono materiali facili da lavare e\nasciugare. Il lino, pi\u00f9 delicato, richiede invece cicli di lavaggio specifici,\nma offre un\u2019eleganza inimitabile.<\/p>\n\n\n\n<figure class=\"wp-block-image\"><img loading=\"lazy\" decoding=\"async\" width=\"945\" height=\"630\" src=\"https:\/\/blog.carillohome.com\/wp-content\/uploads\/2025\/05\/trapuntino-estivo.jpg\" alt=\"trapuntino estivo\" class=\"wp-image-4672\" srcset=\"https:\/\/blog.carillohome.com\/wp-content\/uploads\/2025\/05\/trapuntino-estivo.jpg 945w, https:\/\/blog.carillohome.com\/wp-content\/uploads\/2025\/05\/trapuntino-estivo-300x200.jpg 300w, https:\/\/blog.carillohome.com\/wp-content\/uploads\/2025\/05\/trapuntino-estivo-768x512.jpg 768w, https:\/\/blog.carillohome.com\/wp-content\/uploads\/2025\/05\/trapuntino-estivo-600x400.jpg 600w\" sizes=\"auto, (max-width: 945px) 100vw, 945px\" \/><\/figure>\n\n\n\n<h2 class=\"wp-block-heading western\">Come abbinare la coperta estiva all\u2019arredo<\/h2>\n\n\n\n<p>Una <strong>coperta estiva matrimoniale<\/strong> \u00e8 anche un elemento\ndecorativo. Pu\u00f2 definire il mood della stanza, valorizzare il letto e persino\nrinnovare l\u2019intero arredo con pochi dettagli. I <strong>copriletti estivi in cotone<\/strong>\na tinta unita sono perfetti per camere dallo stile nordico o contemporaneo. Le\nversioni in lino o con texture lavorate, invece, si abbinano bene a interni\nrustici, mediterranei o etnici. Anche i <strong>teli arredo multiuso<\/strong>, se scelti\ncon gusto, possono essere impiegati su poltrone, panche o testiere per creare\nun effetto coordinato ed estivo.<\/p>\n\n\n\n<figure class=\"wp-block-image\"><a href=\"https:\/\/www.carillohome.com\/it\/biancheria-da-letto\/copriletti\/\" target=\"_blank\" rel=\"noreferrer noopener\"><img loading=\"lazy\" decoding=\"async\" width=\"945\" height=\"315\" src=\"https:\/\/blog.carillohome.com\/wp-content\/uploads\/2025\/05\/coperte-estive-in-offerta.jpg\" alt=\"coperte estive in offerta\" class=\"wp-image-4668\" srcset=\"https:\/\/blog.carillohome.com\/wp-content\/uploads\/2025\/05\/coperte-estive-in-offerta.jpg 945w, https:\/\/blog.carillohome.com\/wp-content\/uploads\/2025\/05\/coperte-estive-in-offerta-300x100.jpg 300w, https:\/\/blog.carillohome.com\/wp-content\/uploads\/2025\/05\/coperte-estive-in-offerta-768x256.jpg 768w, https:\/\/blog.carillohome.com\/wp-content\/uploads\/2025\/05\/coperte-estive-in-offerta-600x200.jpg 600w\" sizes=\"auto, (max-width: 945px) 100vw, 945px\" \/><\/a><\/figure>\n\n\n\n<h2 class=\"wp-block-heading western\">FAQ \u2013  Domande frequenti su Coperte Estive Matrimoniali <\/h2>\n\n\n\n<div class=\"schema-faq wp-block-yoast-faq-block\"><div class=\"schema-faq-section\" id=\"faq-question-1748509691311\"><h3 class=\"schema-faq-question\"><strong>Qual \u00e8 la differenza tra coperta estiva matrimoniale e trapuntino estivo?<\/strong> <\/h3> <p class=\"schema-faq-answer\">La coperta estiva \u00e8 priva di imbottitura, pensata solo per coprire e decorare. Il trapuntino ha una leggera imbottitura che lo rende adatto a climi freschi o ambienti climatizzati. <\/p> <\/div> <div class=\"schema-faq-section\" id=\"faq-question-1748509734391\"><h3 class=\"schema-faq-question\"><strong>Qual \u00e8 il miglior materiale per una coperta estiva matrimoniale?<\/strong> <\/h3> <p class=\"schema-faq-answer\">Il lino \u00e8 il pi\u00f9 fresco e traspirante, il cotone \u00e8 il pi\u00f9 versatile e naturale, mentre la microfibra \u00e8 la pi\u00f9 pratica e leggera. <\/p> <\/div> <div class=\"schema-faq-section\" id=\"faq-question-1748509770149\"><h3 class=\"schema-faq-question\"><strong>Dove acquistare una coperta estiva matrimoniale in cotone di qualit\u00e0?<\/strong> <\/h3> <p class=\"schema-faq-answer\">\u00c8 possibile trovare coperte in cotone di alta qualit\u00e0 su e-commerce specializzati in biancheria per la casa come Carillo Home, con modelli pensati per ogni esigenza. <\/p> <\/div> <div class=\"schema-faq-section\" id=\"faq-question-1748509839724\"><h3 class=\"schema-faq-question\"><strong>La coperta estiva matrimoniale \u00e8 lavabile in lavatrice?<\/strong><br\/><\/h3> <p class=\"schema-faq-answer\">S\u00ec, i modelli in cotone e microfibra si lavano facilmente. Il lino richiede un lavaggio delicato a basse temperature. <\/p> <\/div> <div class=\"schema-faq-section\" id=\"faq-question-1748509878110\"><h3 class=\"schema-faq-question\"><strong>La coperta estiva pu\u00f2 essere usata anche in autunno?<\/strong> <\/h3> <p class=\"schema-faq-answer\">Assolutamente s\u00ec. I trapuntini leggeri sono perfetti anche nelle mezze stagioni, da soli o combinati con altri strati. <\/p> <\/div> <\/div>\n","protected":false},"excerpt":{"rendered":"<p>Carillo Home propone coperte estive pensate per coniugare estetica, funzionalit\u00e0 e qualit\u00e0.<\/p>\n","protected":false},"author":1,"featured_media":4669,"comment_status":"open","ping_status":"open","sticky":true,"template":"","format":"standard","meta":{"footnotes":""},"categories":[16],"tags":[],"class_list":["post-4653","post","type-post","status-publish","format-standard","has-post-thumbnail","hentry","category-style-pills"],"yoast_head":"<!-- This site is optimized with the Yoast SEO plugin v27.4 - https:\/\/yoast.com\/product\/yoast-seo-wordpress\/ -->\n<title>Coperta Estiva Matrimoniale: dormire freschi con stile - Carillo Home Blog<\/title>\n<meta name=\"description\" content=\"Con la bella stagione, le esigenze in camera da letto cambiano: Carillo Home propone tipi di coperta estiva per coniugare estetica, funzionalit\u00e0 e qualit\u00e0.\" \/>\n<meta name=\"robots\" content=\"index, follow, max-snippet:-1, max-image-preview:large, max-video-preview:-1\" \/>\n<link rel=\"canonical\" href=\"https:\/\/blog.carillohome.com\/coperta-estiva-matrimoniale-guida-completa-per-dormire-freschi-con-stile\/\" \/>\n<meta property=\"og:locale\" content=\"it_IT\" \/>\n<meta property=\"og:type\" content=\"article\" \/>\n<meta property=\"og:title\" content=\"Coperta Estiva Matrimoniale: dormire freschi con stile - Carillo Home Blog\" \/>\n<meta property=\"og:description\" content=\"Con la bella stagione, le esigenze in camera da letto cambiano: Carillo Home propone tipi di coperta estiva per coniugare estetica, funzionalit\u00e0 e qualit\u00e0.\" \/>\n<meta property=\"og:url\" content=\"https:\/\/blog.carillohome.com\/coperta-estiva-matrimoniale-guida-completa-per-dormire-freschi-con-stile\/\" \/>\n<meta property=\"og:site_name\" content=\"Carillo Home Blog\" \/>\n<meta property=\"article:published_time\" content=\"2025-05-29T10:15:50+00:00\" \/>\n<meta property=\"article:modified_time\" content=\"2025-07-31T09:27:58+00:00\" \/>\n<meta property=\"og:image\" content=\"https:\/\/blog.carillohome.com\/wp-content\/uploads\/2025\/05\/coperte-estive.jpg\" \/>\n\t<meta property=\"og:image:width\" content=\"1200\" \/>\n\t<meta property=\"og:image:height\" content=\"800\" \/>\n\t<meta property=\"og:image:type\" content=\"image\/jpeg\" \/>\n<meta name=\"author\" content=\"matrixconsulting\" \/>\n<meta name=\"twitter:card\" content=\"summary_large_image\" \/>\n<meta name=\"twitter:label1\" content=\"Scritto da\" \/>\n\t<meta name=\"twitter:data1\" content=\"matrixconsulting\" \/>\n\t<meta name=\"twitter:label2\" content=\"Tempo di lettura stimato\" \/>\n\t<meta name=\"twitter:data2\" content=\"10 minuti\" \/>\n<script type=\"application\/ld+json\" class=\"yoast-schema-graph\">{\"@context\":\"https:\\\/\\\/schema.org\",\"@graph\":[{\"@type\":\"Article\",\"@id\":\"https:\\\/\\\/blog.carillohome.com\\\/coperta-estiva-matrimoniale-guida-completa-per-dormire-freschi-con-stile\\\/#article\",\"isPartOf\":{\"@id\":\"https:\\\/\\\/blog.carillohome.com\\\/coperta-estiva-matrimoniale-guida-completa-per-dormire-freschi-con-stile\\\/\"},\"author\":{\"name\":\"matrixconsulting\",\"@id\":\"https:\\\/\\\/www.carillohome.com\\\/blog\\\/#\\\/schema\\\/person\\\/f21041096f5e302d2bb374bb0a2d6fd1\"},\"headline\":\"Coperta Estiva Matrimoniale: guida completa per dormire freschi con stile\",\"datePublished\":\"2025-05-29T10:15:50+00:00\",\"dateModified\":\"2025-07-31T09:27:58+00:00\",\"mainEntityOfPage\":{\"@id\":\"https:\\\/\\\/blog.carillohome.com\\\/coperta-estiva-matrimoniale-guida-completa-per-dormire-freschi-con-stile\\\/\"},\"wordCount\":1105,\"commentCount\":0,\"image\":{\"@id\":\"https:\\\/\\\/blog.carillohome.com\\\/coperta-estiva-matrimoniale-guida-completa-per-dormire-freschi-con-stile\\\/#primaryimage\"},\"thumbnailUrl\":\"https:\\\/\\\/blog.carillohome.com\\\/wp-content\\\/uploads\\\/2025\\\/05\\\/coperte-estive.jpg\",\"articleSection\":[\"Style Pills\"],\"inLanguage\":\"it-IT\",\"potentialAction\":[{\"@type\":\"CommentAction\",\"name\":\"Comment\",\"target\":[\"https:\\\/\\\/blog.carillohome.com\\\/coperta-estiva-matrimoniale-guida-completa-per-dormire-freschi-con-stile\\\/#respond\"]}]},{\"@type\":[\"WebPage\",\"FAQPage\"],\"@id\":\"https:\\\/\\\/blog.carillohome.com\\\/coperta-estiva-matrimoniale-guida-completa-per-dormire-freschi-con-stile\\\/\",\"url\":\"https:\\\/\\\/blog.carillohome.com\\\/coperta-estiva-matrimoniale-guida-completa-per-dormire-freschi-con-stile\\\/\",\"name\":\"Coperta Estiva Matrimoniale: dormire freschi con stile - Carillo Home Blog\",\"isPartOf\":{\"@id\":\"https:\\\/\\\/www.carillohome.com\\\/blog\\\/#website\"},\"primaryImageOfPage\":{\"@id\":\"https:\\\/\\\/blog.carillohome.com\\\/coperta-estiva-matrimoniale-guida-completa-per-dormire-freschi-con-stile\\\/#primaryimage\"},\"image\":{\"@id\":\"https:\\\/\\\/blog.carillohome.com\\\/coperta-estiva-matrimoniale-guida-completa-per-dormire-freschi-con-stile\\\/#primaryimage\"},\"thumbnailUrl\":\"https:\\\/\\\/blog.carillohome.com\\\/wp-content\\\/uploads\\\/2025\\\/05\\\/coperte-estive.jpg\",\"datePublished\":\"2025-05-29T10:15:50+00:00\",\"dateModified\":\"2025-07-31T09:27:58+00:00\",\"author\":{\"@id\":\"https:\\\/\\\/www.carillohome.com\\\/blog\\\/#\\\/schema\\\/person\\\/f21041096f5e302d2bb374bb0a2d6fd1\"},\"description\":\"Con la bella stagione, le esigenze in camera da letto cambiano: Carillo Home propone tipi di coperta estiva per coniugare estetica, funzionalit\u00e0 e qualit\u00e0.\",\"breadcrumb\":{\"@id\":\"https:\\\/\\\/blog.carillohome.com\\\/coperta-estiva-matrimoniale-guida-completa-per-dormire-freschi-con-stile\\\/#breadcrumb\"},\"mainEntity\":[{\"@id\":\"https:\\\/\\\/blog.carillohome.com\\\/coperta-estiva-matrimoniale-guida-completa-per-dormire-freschi-con-stile\\\/#faq-question-1748509691311\"},{\"@id\":\"https:\\\/\\\/blog.carillohome.com\\\/coperta-estiva-matrimoniale-guida-completa-per-dormire-freschi-con-stile\\\/#faq-question-1748509734391\"},{\"@id\":\"https:\\\/\\\/blog.carillohome.com\\\/coperta-estiva-matrimoniale-guida-completa-per-dormire-freschi-con-stile\\\/#faq-question-1748509770149\"},{\"@id\":\"https:\\\/\\\/blog.carillohome.com\\\/coperta-estiva-matrimoniale-guida-completa-per-dormire-freschi-con-stile\\\/#faq-question-1748509839724\"},{\"@id\":\"https:\\\/\\\/blog.carillohome.com\\\/coperta-estiva-matrimoniale-guida-completa-per-dormire-freschi-con-stile\\\/#faq-question-1748509878110\"}],\"inLanguage\":\"it-IT\",\"potentialAction\":[{\"@type\":\"ReadAction\",\"target\":[\"https:\\\/\\\/blog.carillohome.com\\\/coperta-estiva-matrimoniale-guida-completa-per-dormire-freschi-con-stile\\\/\"]}]},{\"@type\":\"ImageObject\",\"inLanguage\":\"it-IT\",\"@id\":\"https:\\\/\\\/blog.carillohome.com\\\/coperta-estiva-matrimoniale-guida-completa-per-dormire-freschi-con-stile\\\/#primaryimage\",\"url\":\"https:\\\/\\\/blog.carillohome.com\\\/wp-content\\\/uploads\\\/2025\\\/05\\\/coperte-estive.jpg\",\"contentUrl\":\"https:\\\/\\\/blog.carillohome.com\\\/wp-content\\\/uploads\\\/2025\\\/05\\\/coperte-estive.jpg\",\"width\":1200,\"height\":800,\"caption\":\"coperte estive\"},{\"@type\":\"BreadcrumbList\",\"@id\":\"https:\\\/\\\/blog.carillohome.com\\\/coperta-estiva-matrimoniale-guida-completa-per-dormire-freschi-con-stile\\\/#breadcrumb\",\"itemListElement\":[{\"@type\":\"ListItem\",\"position\":1,\"name\":\"Home\",\"item\":\"https:\\\/\\\/www.carillohome.com\\\/blog\\\/\"},{\"@type\":\"ListItem\",\"position\":2,\"name\":\"Coperta Estiva Matrimoniale: guida completa per dormire freschi con stile\"}]},{\"@type\":\"WebSite\",\"@id\":\"https:\\\/\\\/www.carillohome.com\\\/blog\\\/#website\",\"url\":\"https:\\\/\\\/www.carillohome.com\\\/blog\\\/\",\"name\":\"Carillo Home Blog\",\"description\":\"\",\"potentialAction\":[{\"@type\":\"SearchAction\",\"target\":{\"@type\":\"EntryPoint\",\"urlTemplate\":\"https:\\\/\\\/www.carillohome.com\\\/blog\\\/?s={search_term_string}\"},\"query-input\":{\"@type\":\"PropertyValueSpecification\",\"valueRequired\":true,\"valueName\":\"search_term_string\"}}],\"inLanguage\":\"it-IT\"},{\"@type\":\"Person\",\"@id\":\"https:\\\/\\\/www.carillohome.com\\\/blog\\\/#\\\/schema\\\/person\\\/f21041096f5e302d2bb374bb0a2d6fd1\",\"name\":\"matrixconsulting\",\"image\":{\"@type\":\"ImageObject\",\"inLanguage\":\"it-IT\",\"@id\":\"https:\\\/\\\/secure.gravatar.com\\\/avatar\\\/f49d301130b38e3c7fd149b9ccada20ea06e5ed1efc366e565f7a4f1ae209b6a?s=96&d=mm&r=g\",\"url\":\"https:\\\/\\\/secure.gravatar.com\\\/avatar\\\/f49d301130b38e3c7fd149b9ccada20ea06e5ed1efc366e565f7a4f1ae209b6a?s=96&d=mm&r=g\",\"contentUrl\":\"https:\\\/\\\/secure.gravatar.com\\\/avatar\\\/f49d301130b38e3c7fd149b9ccada20ea06e5ed1efc366e565f7a4f1ae209b6a?s=96&d=mm&r=g\",\"caption\":\"matrixconsulting\"}},{\"@type\":\"Question\",\"@id\":\"https:\\\/\\\/blog.carillohome.com\\\/coperta-estiva-matrimoniale-guida-completa-per-dormire-freschi-con-stile\\\/#faq-question-1748509691311\",\"position\":1,\"url\":\"https:\\\/\\\/blog.carillohome.com\\\/coperta-estiva-matrimoniale-guida-completa-per-dormire-freschi-con-stile\\\/#faq-question-1748509691311\",\"name\":\"Qual \u00e8 la differenza tra coperta estiva matrimoniale e trapuntino estivo?\",\"answerCount\":1,\"acceptedAnswer\":{\"@type\":\"Answer\",\"text\":\"La coperta estiva \u00e8 priva di imbottitura, pensata solo per coprire e decorare. Il trapuntino ha una leggera imbottitura che lo rende adatto a climi freschi o ambienti climatizzati. \",\"inLanguage\":\"it-IT\"},\"inLanguage\":\"it-IT\"},{\"@type\":\"Question\",\"@id\":\"https:\\\/\\\/blog.carillohome.com\\\/coperta-estiva-matrimoniale-guida-completa-per-dormire-freschi-con-stile\\\/#faq-question-1748509734391\",\"position\":2,\"url\":\"https:\\\/\\\/blog.carillohome.com\\\/coperta-estiva-matrimoniale-guida-completa-per-dormire-freschi-con-stile\\\/#faq-question-1748509734391\",\"name\":\"Qual \u00e8 il miglior materiale per una coperta estiva matrimoniale?\",\"answerCount\":1,\"acceptedAnswer\":{\"@type\":\"Answer\",\"text\":\"Il lino \u00e8 il pi\u00f9 fresco e traspirante, il cotone \u00e8 il pi\u00f9 versatile e naturale, mentre la microfibra \u00e8 la pi\u00f9 pratica e leggera. \",\"inLanguage\":\"it-IT\"},\"inLanguage\":\"it-IT\"},{\"@type\":\"Question\",\"@id\":\"https:\\\/\\\/blog.carillohome.com\\\/coperta-estiva-matrimoniale-guida-completa-per-dormire-freschi-con-stile\\\/#faq-question-1748509770149\",\"position\":3,\"url\":\"https:\\\/\\\/blog.carillohome.com\\\/coperta-estiva-matrimoniale-guida-completa-per-dormire-freschi-con-stile\\\/#faq-question-1748509770149\",\"name\":\"Dove acquistare una coperta estiva matrimoniale in cotone di qualit\u00e0?\",\"answerCount\":1,\"acceptedAnswer\":{\"@type\":\"Answer\",\"text\":\"\u00c8 possibile trovare coperte in cotone di alta qualit\u00e0 su e-commerce specializzati in biancheria per la casa come Carillo Home, con modelli pensati per ogni esigenza. \",\"inLanguage\":\"it-IT\"},\"inLanguage\":\"it-IT\"},{\"@type\":\"Question\",\"@id\":\"https:\\\/\\\/blog.carillohome.com\\\/coperta-estiva-matrimoniale-guida-completa-per-dormire-freschi-con-stile\\\/#faq-question-1748509839724\",\"position\":4,\"url\":\"https:\\\/\\\/blog.carillohome.com\\\/coperta-estiva-matrimoniale-guida-completa-per-dormire-freschi-con-stile\\\/#faq-question-1748509839724\",\"name\":\"La coperta estiva matrimoniale \u00e8 lavabile in lavatrice?\",\"answerCount\":1,\"acceptedAnswer\":{\"@type\":\"Answer\",\"text\":\"S\u00ec, i modelli in cotone e microfibra si lavano facilmente. Il lino richiede un lavaggio delicato a basse temperature. \",\"inLanguage\":\"it-IT\"},\"inLanguage\":\"it-IT\"},{\"@type\":\"Question\",\"@id\":\"https:\\\/\\\/blog.carillohome.com\\\/coperta-estiva-matrimoniale-guida-completa-per-dormire-freschi-con-stile\\\/#faq-question-1748509878110\",\"position\":5,\"url\":\"https:\\\/\\\/blog.carillohome.com\\\/coperta-estiva-matrimoniale-guida-completa-per-dormire-freschi-con-stile\\\/#faq-question-1748509878110\",\"name\":\"La coperta estiva pu\u00f2 essere usata anche in autunno?\",\"answerCount\":1,\"acceptedAnswer\":{\"@type\":\"Answer\",\"text\":\"Assolutamente s\u00ec. I trapuntini leggeri sono perfetti anche nelle mezze stagioni, da soli o combinati con altri strati. \",\"inLanguage\":\"it-IT\"},\"inLanguage\":\"it-IT\"}]}<\/script>\n<!-- \/ Yoast SEO plugin. -->","yoast_head_json":{"title":"Coperta Estiva Matrimoniale: dormire freschi con stile - Carillo Home Blog","description":"Con la bella stagione, le esigenze in camera da letto cambiano: Carillo Home propone tipi di coperta estiva per coniugare estetica, funzionalit\u00e0 e qualit\u00e0.","robots":{"index":"index","follow":"follow","max-snippet":"max-snippet:-1","max-image-preview":"max-image-preview:large","max-video-preview":"max-video-preview:-1"},"canonical":"https:\/\/blog.carillohome.com\/coperta-estiva-matrimoniale-guida-completa-per-dormire-freschi-con-stile\/","og_locale":"it_IT","og_type":"article","og_title":"Coperta Estiva Matrimoniale: dormire freschi con stile - Carillo Home Blog","og_description":"Con la bella stagione, le esigenze in camera da letto cambiano: Carillo Home propone tipi di coperta estiva per coniugare estetica, funzionalit\u00e0 e qualit\u00e0.","og_url":"https:\/\/blog.carillohome.com\/coperta-estiva-matrimoniale-guida-completa-per-dormire-freschi-con-stile\/","og_site_name":"Carillo Home Blog","article_published_time":"2025-05-29T10:15:50+00:00","article_modified_time":"2025-07-31T09:27:58+00:00","og_image":[{"width":1200,"height":800,"url":"https:\/\/blog.carillohome.com\/wp-content\/uploads\/2025\/05\/coperte-estive.jpg","type":"image\/jpeg"}],"author":"matrixconsulting","twitter_card":"summary_large_image","twitter_misc":{"Scritto da":"matrixconsulting","Tempo di lettura stimato":"10 minuti"},"schema":{"@context":"https:\/\/schema.org","@graph":[{"@type":"Article","@id":"https:\/\/blog.carillohome.com\/coperta-estiva-matrimoniale-guida-completa-per-dormire-freschi-con-stile\/#article","isPartOf":{"@id":"https:\/\/blog.carillohome.com\/coperta-estiva-matrimoniale-guida-completa-per-dormire-freschi-con-stile\/"},"author":{"name":"matrixconsulting","@id":"https:\/\/www.carillohome.com\/blog\/#\/schema\/person\/f21041096f5e302d2bb374bb0a2d6fd1"},"headline":"Coperta Estiva Matrimoniale: guida completa per dormire freschi con stile","datePublished":"2025-05-29T10:15:50+00:00","dateModified":"2025-07-31T09:27:58+00:00","mainEntityOfPage":{"@id":"https:\/\/blog.carillohome.com\/coperta-estiva-matrimoniale-guida-completa-per-dormire-freschi-con-stile\/"},"wordCount":1105,"commentCount":0,"image":{"@id":"https:\/\/blog.carillohome.com\/coperta-estiva-matrimoniale-guida-completa-per-dormire-freschi-con-stile\/#primaryimage"},"thumbnailUrl":"https:\/\/blog.carillohome.com\/wp-content\/uploads\/2025\/05\/coperte-estive.jpg","articleSection":["Style Pills"],"inLanguage":"it-IT","potentialAction":[{"@type":"CommentAction","name":"Comment","target":["https:\/\/blog.carillohome.com\/coperta-estiva-matrimoniale-guida-completa-per-dormire-freschi-con-stile\/#respond"]}]},{"@type":["WebPage","FAQPage"],"@id":"https:\/\/blog.carillohome.com\/coperta-estiva-matrimoniale-guida-completa-per-dormire-freschi-con-stile\/","url":"https:\/\/blog.carillohome.com\/coperta-estiva-matrimoniale-guida-completa-per-dormire-freschi-con-stile\/","name":"Coperta Estiva Matrimoniale: dormire freschi con stile - Carillo Home Blog","isPartOf":{"@id":"https:\/\/www.carillohome.com\/blog\/#website"},"primaryImageOfPage":{"@id":"https:\/\/blog.carillohome.com\/coperta-estiva-matrimoniale-guida-completa-per-dormire-freschi-con-stile\/#primaryimage"},"image":{"@id":"https:\/\/blog.carillohome.com\/coperta-estiva-matrimoniale-guida-completa-per-dormire-freschi-con-stile\/#primaryimage"},"thumbnailUrl":"https:\/\/blog.carillohome.com\/wp-content\/uploads\/2025\/05\/coperte-estive.jpg","datePublished":"2025-05-29T10:15:50+00:00","dateModified":"2025-07-31T09:27:58+00:00","author":{"@id":"https:\/\/www.carillohome.com\/blog\/#\/schema\/person\/f21041096f5e302d2bb374bb0a2d6fd1"},"description":"Con la bella stagione, le esigenze in camera da letto cambiano: Carillo Home propone tipi di coperta estiva per coniugare estetica, funzionalit\u00e0 e qualit\u00e0.","breadcrumb":{"@id":"https:\/\/blog.carillohome.com\/coperta-estiva-matrimoniale-guida-completa-per-dormire-freschi-con-stile\/#breadcrumb"},"mainEntity":[{"@id":"https:\/\/blog.carillohome.com\/coperta-estiva-matrimoniale-guida-completa-per-dormire-freschi-con-stile\/#faq-question-1748509691311"},{"@id":"https:\/\/blog.carillohome.com\/coperta-estiva-matrimoniale-guida-completa-per-dormire-freschi-con-stile\/#faq-question-1748509734391"},{"@id":"https:\/\/blog.carillohome.com\/coperta-estiva-matrimoniale-guida-completa-per-dormire-freschi-con-stile\/#faq-question-1748509770149"},{"@id":"https:\/\/blog.carillohome.com\/coperta-estiva-matrimoniale-guida-completa-per-dormire-freschi-con-stile\/#faq-question-1748509839724"},{"@id":"https:\/\/blog.carillohome.com\/coperta-estiva-matrimoniale-guida-completa-per-dormire-freschi-con-stile\/#faq-question-1748509878110"}],"inLanguage":"it-IT","potentialAction":[{"@type":"ReadAction","target":["https:\/\/blog.carillohome.com\/coperta-estiva-matrimoniale-guida-completa-per-dormire-freschi-con-stile\/"]}]},{"@type":"ImageObject","inLanguage":"it-IT","@id":"https:\/\/blog.carillohome.com\/coperta-estiva-matrimoniale-guida-completa-per-dormire-freschi-con-stile\/#primaryimage","url":"https:\/\/blog.carillohome.com\/wp-content\/uploads\/2025\/05\/coperte-estive.jpg","contentUrl":"https:\/\/blog.carillohome.com\/wp-content\/uploads\/2025\/05\/coperte-estive.jpg","width":1200,"height":800,"caption":"coperte estive"},{"@type":"BreadcrumbList","@id":"https:\/\/blog.carillohome.com\/coperta-estiva-matrimoniale-guida-completa-per-dormire-freschi-con-stile\/#breadcrumb","itemListElement":[{"@type":"ListItem","position":1,"name":"Home","item":"https:\/\/www.carillohome.com\/blog\/"},{"@type":"ListItem","position":2,"name":"Coperta Estiva Matrimoniale: guida completa per dormire freschi con stile"}]},{"@type":"WebSite","@id":"https:\/\/www.carillohome.com\/blog\/#website","url":"https:\/\/www.carillohome.com\/blog\/","name":"Carillo Home Blog","description":"","potentialAction":[{"@type":"SearchAction","target":{"@type":"EntryPoint","urlTemplate":"https:\/\/www.carillohome.com\/blog\/?s={search_term_string}"},"query-input":{"@type":"PropertyValueSpecification","valueRequired":true,"valueName":"search_term_string"}}],"inLanguage":"it-IT"},{"@type":"Person","@id":"https:\/\/www.carillohome.com\/blog\/#\/schema\/person\/f21041096f5e302d2bb374bb0a2d6fd1","name":"matrixconsulting","image":{"@type":"ImageObject","inLanguage":"it-IT","@id":"https:\/\/secure.gravatar.com\/avatar\/f49d301130b38e3c7fd149b9ccada20ea06e5ed1efc366e565f7a4f1ae209b6a?s=96&d=mm&r=g","url":"https:\/\/secure.gravatar.com\/avatar\/f49d301130b38e3c7fd149b9ccada20ea06e5ed1efc366e565f7a4f1ae209b6a?s=96&d=mm&r=g","contentUrl":"https:\/\/secure.gravatar.com\/avatar\/f49d301130b38e3c7fd149b9ccada20ea06e5ed1efc366e565f7a4f1ae209b6a?s=96&d=mm&r=g","caption":"matrixconsulting"}},{"@type":"Question","@id":"https:\/\/blog.carillohome.com\/coperta-estiva-matrimoniale-guida-completa-per-dormire-freschi-con-stile\/#faq-question-1748509691311","position":1,"url":"https:\/\/blog.carillohome.com\/coperta-estiva-matrimoniale-guida-completa-per-dormire-freschi-con-stile\/#faq-question-1748509691311","name":"Qual \u00e8 la differenza tra coperta estiva matrimoniale e trapuntino estivo?","answerCount":1,"acceptedAnswer":{"@type":"Answer","text":"La coperta estiva \u00e8 priva di imbottitura, pensata solo per coprire e decorare. Il trapuntino ha una leggera imbottitura che lo rende adatto a climi freschi o ambienti climatizzati. ","inLanguage":"it-IT"},"inLanguage":"it-IT"},{"@type":"Question","@id":"https:\/\/blog.carillohome.com\/coperta-estiva-matrimoniale-guida-completa-per-dormire-freschi-con-stile\/#faq-question-1748509734391","position":2,"url":"https:\/\/blog.carillohome.com\/coperta-estiva-matrimoniale-guida-completa-per-dormire-freschi-con-stile\/#faq-question-1748509734391","name":"Qual \u00e8 il miglior materiale per una coperta estiva matrimoniale?","answerCount":1,"acceptedAnswer":{"@type":"Answer","text":"Il lino \u00e8 il pi\u00f9 fresco e traspirante, il cotone \u00e8 il pi\u00f9 versatile e naturale, mentre la microfibra \u00e8 la pi\u00f9 pratica e leggera. ","inLanguage":"it-IT"},"inLanguage":"it-IT"},{"@type":"Question","@id":"https:\/\/blog.carillohome.com\/coperta-estiva-matrimoniale-guida-completa-per-dormire-freschi-con-stile\/#faq-question-1748509770149","position":3,"url":"https:\/\/blog.carillohome.com\/coperta-estiva-matrimoniale-guida-completa-per-dormire-freschi-con-stile\/#faq-question-1748509770149","name":"Dove acquistare una coperta estiva matrimoniale in cotone di qualit\u00e0?","answerCount":1,"acceptedAnswer":{"@type":"Answer","text":"\u00c8 possibile trovare coperte in cotone di alta qualit\u00e0 su e-commerce specializzati in biancheria per la casa come Carillo Home, con modelli pensati per ogni esigenza. ","inLanguage":"it-IT"},"inLanguage":"it-IT"},{"@type":"Question","@id":"https:\/\/blog.carillohome.com\/coperta-estiva-matrimoniale-guida-completa-per-dormire-freschi-con-stile\/#faq-question-1748509839724","position":4,"url":"https:\/\/blog.carillohome.com\/coperta-estiva-matrimoniale-guida-completa-per-dormire-freschi-con-stile\/#faq-question-1748509839724","name":"La coperta estiva matrimoniale \u00e8 lavabile in lavatrice?","answerCount":1,"acceptedAnswer":{"@type":"Answer","text":"S\u00ec, i modelli in cotone e microfibra si lavano facilmente. Il lino richiede un lavaggio delicato a basse temperature. ","inLanguage":"it-IT"},"inLanguage":"it-IT"},{"@type":"Question","@id":"https:\/\/blog.carillohome.com\/coperta-estiva-matrimoniale-guida-completa-per-dormire-freschi-con-stile\/#faq-question-1748509878110","position":5,"url":"https:\/\/blog.carillohome.com\/coperta-estiva-matrimoniale-guida-completa-per-dormire-freschi-con-stile\/#faq-question-1748509878110","name":"La coperta estiva pu\u00f2 essere usata anche in autunno?","answerCount":1,"acceptedAnswer":{"@type":"Answer","text":"Assolutamente s\u00ec. I trapuntini leggeri sono perfetti anche nelle mezze stagioni, da soli o combinati con altri strati. ","inLanguage":"it-IT"},"inLanguage":"it-IT"}]}},"_links":{"self":[{"href":"https:\/\/www.carillohome.com\/blog\/wp-json\/wp\/v2\/posts\/4653","targetHints":{"allow":["GET"]}}],"collection":[{"href":"https:\/\/www.carillohome.com\/blog\/wp-json\/wp\/v2\/posts"}],"about":[{"href":"https:\/\/www.carillohome.com\/blog\/wp-json\/wp\/v2\/types\/post"}],"author":[{"embeddable":true,"href":"https:\/\/www.carillohome.com\/blog\/wp-json\/wp\/v2\/users\/1"}],"replies":[{"embeddable":true,"href":"https:\/\/www.carillohome.com\/blog\/wp-json\/wp\/v2\/comments?post=4653"}],"version-history":[{"count":0,"href":"https:\/\/www.carillohome.com\/blog\/wp-json\/wp\/v2\/posts\/4653\/revisions"}],"wp:featuredmedia":[{"embeddable":true,"href":"https:\/\/www.carillohome.com\/blog\/wp-json\/wp\/v2\/media\/4669"}],"wp:attachment":[{"href":"https:\/\/www.carillohome.com\/blog\/wp-json\/wp\/v2\/media?parent=4653"}],"wp:term":[{"taxonomy":"category","embeddable":true,"href":"https:\/\/www.carillohome.com\/blog\/wp-json\/wp\/v2\/categories?post=4653"},{"taxonomy":"post_tag","embeddable":true,"href":"https:\/\/www.carillohome.com\/blog\/wp-json\/wp\/v2\/tags?post=4653"}],"curies":[{"name":"wp","href":"https:\/\/api.w.org\/{rel}","templated":true}]}}