{"id":4375,"date":"2025-01-09T12:40:51","date_gmt":"2025-01-09T11:40:51","guid":{"rendered":"https:\/\/blog.carillohome.com\/?p=4375"},"modified":"2025-01-09T12:41:43","modified_gmt":"2025-01-09T11:41:43","slug":"tendenze-arredamento-2025-colori-naturali-e-vintage-contemporaneo","status":"publish","type":"post","link":"https:\/\/www.carillohome.com\/blog\/tendenze-arredamento-2025-colori-naturali-e-vintage-contemporaneo\/","title":{"rendered":"Tendenze arredamento 2025: colori naturali e vintage contemporaneo"},"content":{"rendered":"\n<figure class=\"wp-block-image\"><img loading=\"lazy\" decoding=\"async\" width=\"1200\" height=\"800\" src=\"https:\/\/blog.carillohome.com\/wp-content\/uploads\/2025\/01\/tendenze-arredo-2025.jpg\" alt=\"tendenze arredo 2025\" class=\"wp-image-4378\" srcset=\"https:\/\/blog.carillohome.com\/wp-content\/uploads\/2025\/01\/tendenze-arredo-2025.jpg 1200w, https:\/\/blog.carillohome.com\/wp-content\/uploads\/2025\/01\/tendenze-arredo-2025-300x200.jpg 300w, https:\/\/blog.carillohome.com\/wp-content\/uploads\/2025\/01\/tendenze-arredo-2025-768x512.jpg 768w, https:\/\/blog.carillohome.com\/wp-content\/uploads\/2025\/01\/tendenze-arredo-2025-1024x683.jpg 1024w, https:\/\/blog.carillohome.com\/wp-content\/uploads\/2025\/01\/tendenze-arredo-2025-600x400.jpg 600w\" sizes=\"auto, (max-width: 1200px) 100vw, 1200px\" \/><\/figure>\n\n\n\n<p>L\u2019arredamento della casa \u00e8 in continua evoluzione e il 2025 porta con s\u00e9 una ventata di novit\u00e0 che promettono di trasformare ogni ambiente in uno spazio accogliente, elegante e all\u2019avanguardia. Dalle tonalit\u00e0 che dominano la scena, ai materiali innovativi e sostenibili, fino agli stili e alle fantasie che raccontano storie di personalit\u00e0 e comfort, scopriamo insieme a Carillo Home le <strong>tendenze arredamento 2025<\/strong> pi\u00f9 in voga per il prossimo anno e le proposte di <a rel=\"noreferrer noopener\" aria-label=\"biancheria per la casa (si apre in una nuova scheda)\" href=\"https:\/\/www.carillohome.com\/it\/\" target=\"_blank\">biancheria per la casa<\/a> per realizzarle.<br><\/p>\n\n\n\n\n\n<figure class=\"wp-block-image\"><a href=\"https:\/\/www.carillohome.com\/it\/valsesia-tovaglia-in-twill-antimacchia\/\" target=\"_blank\" rel=\"noreferrer noopener\"><img loading=\"lazy\" decoding=\"async\" width=\"945\" height=\"630\" src=\"https:\/\/blog.carillohome.com\/wp-content\/uploads\/2025\/01\/tendenze-colori-arredamento-2025.jpg\" alt=\"tendenze colori arredamento 2025\" class=\"wp-image-4379\" srcset=\"https:\/\/blog.carillohome.com\/wp-content\/uploads\/2025\/01\/tendenze-colori-arredamento-2025.jpg 945w, https:\/\/blog.carillohome.com\/wp-content\/uploads\/2025\/01\/tendenze-colori-arredamento-2025-300x200.jpg 300w, https:\/\/blog.carillohome.com\/wp-content\/uploads\/2025\/01\/tendenze-colori-arredamento-2025-768x512.jpg 768w, https:\/\/blog.carillohome.com\/wp-content\/uploads\/2025\/01\/tendenze-colori-arredamento-2025-600x400.jpg 600w\" sizes=\"auto, (max-width: 945px) 100vw, 945px\" \/><\/a><\/figure>\n\n\n\n<h2 class=\"western wp-block-heading\">Colori di tendenza per il 2025: la calma della natura<br><\/h2>\n\n\n\n<p>Il 2025 segna il ritorno dei colori naturali e rassicuranti. Le tonalit\u00e0 che richiamano la terra, come <strong>il beige sabbia, il terracotta e il verde oliva<\/strong>, dominano negli ambienti domestici. Questi colori si sposano perfettamente con tessuti per la casa come <a href=\"https:\/\/www.carillohome.com\/it\/tende-e-bastoni\/\" target=\"_blank\" rel=\"noreferrer noopener\" aria-label=\"tende (si apre in una nuova scheda)\">tende<\/a>, <a rel=\"noreferrer noopener\" aria-label=\"cuscini arredo (si apre in una nuova scheda)\" href=\"https:\/\/www.carillohome.com\/it\/salone\/cuscini-arredo\/\" target=\"_blank\">cuscini arredo<\/a> e <a rel=\"noreferrer noopener\" aria-label=\"tovaglie (si apre in una nuova scheda)\" href=\"https:\/\/www.carillohome.com\/it\/cucina\/tovaglie\/\" target=\"_blank\">tovaglie<\/a>, creando un effetto di equilibrio e serenit\u00e0.<\/p>\n\n\n\n<ul class=\"wp-block-gallery columns-3 is-cropped wp-block-gallery-1 is-layout-flex wp-block-gallery-is-layout-flex\"><li class=\"blocks-gallery-item\"><figure><img loading=\"lazy\" decoding=\"async\" width=\"600\" height=\"600\" src=\"https:\/\/blog.carillohome.com\/wp-content\/uploads\/2025\/01\/Tovaglia-In-Cotone-Country.jpg\" alt=\"Tovaglia In Cotone Country\" data-id=\"4380\" data-link=\"https:\/\/blog.carillohome.com\/?attachment_id=4380\" class=\"wp-image-4380\" srcset=\"https:\/\/blog.carillohome.com\/wp-content\/uploads\/2025\/01\/Tovaglia-In-Cotone-Country.jpg 600w, https:\/\/blog.carillohome.com\/wp-content\/uploads\/2025\/01\/Tovaglia-In-Cotone-Country-150x150.jpg 150w, https:\/\/blog.carillohome.com\/wp-content\/uploads\/2025\/01\/Tovaglia-In-Cotone-Country-300x300.jpg 300w, https:\/\/blog.carillohome.com\/wp-content\/uploads\/2025\/01\/Tovaglia-In-Cotone-Country-60x60.jpg 60w\" sizes=\"auto, (max-width: 600px) 100vw, 600px\" \/><figcaption><a href=\"https:\/\/www.carillohome.com\/it\/tovaglia-in-cotone-country\/\" target=\"_blank\" rel=\"noreferrer noopener\" aria-label=\"Tovaglia In Cotone Country (si apre in una nuova scheda)\">Tovaglia In Cotone Country<\/a><\/figcaption><\/figure><\/li><li class=\"blocks-gallery-item\"><figure><img loading=\"lazy\" decoding=\"async\" width=\"600\" height=\"600\" src=\"https:\/\/blog.carillohome.com\/wp-content\/uploads\/2025\/01\/Tenda-Confezionata-Lisbona.jpg\" alt=\"Tenda Confezionata Lisbona\" data-id=\"4377\" data-link=\"https:\/\/blog.carillohome.com\/?attachment_id=4377\" class=\"wp-image-4377\" srcset=\"https:\/\/blog.carillohome.com\/wp-content\/uploads\/2025\/01\/Tenda-Confezionata-Lisbona.jpg 600w, https:\/\/blog.carillohome.com\/wp-content\/uploads\/2025\/01\/Tenda-Confezionata-Lisbona-150x150.jpg 150w, https:\/\/blog.carillohome.com\/wp-content\/uploads\/2025\/01\/Tenda-Confezionata-Lisbona-300x300.jpg 300w, https:\/\/blog.carillohome.com\/wp-content\/uploads\/2025\/01\/Tenda-Confezionata-Lisbona-60x60.jpg 60w\" sizes=\"auto, (max-width: 600px) 100vw, 600px\" \/><figcaption><a href=\"https:\/\/www.carillohome.com\/it\/tenda-confezionata-lisbona\/\" target=\"_blank\" rel=\"noreferrer noopener\" aria-label=\"Tenda Confezionata Lisbona (si apre in una nuova scheda)\">Tenda Confezionata Lisbona<\/a><\/figcaption><\/figure><\/li><li class=\"blocks-gallery-item\"><figure><img loading=\"lazy\" decoding=\"async\" width=\"600\" height=\"600\" src=\"https:\/\/blog.carillohome.com\/wp-content\/uploads\/2025\/01\/Cuscino-Arredo-Otis.jpg\" alt=\"Cuscino Arredo Otis\" data-id=\"4376\" data-link=\"https:\/\/blog.carillohome.com\/?attachment_id=4376\" class=\"wp-image-4376\" srcset=\"https:\/\/blog.carillohome.com\/wp-content\/uploads\/2025\/01\/Cuscino-Arredo-Otis.jpg 600w, https:\/\/blog.carillohome.com\/wp-content\/uploads\/2025\/01\/Cuscino-Arredo-Otis-150x150.jpg 150w, https:\/\/blog.carillohome.com\/wp-content\/uploads\/2025\/01\/Cuscino-Arredo-Otis-300x300.jpg 300w, https:\/\/blog.carillohome.com\/wp-content\/uploads\/2025\/01\/Cuscino-Arredo-Otis-60x60.jpg 60w\" sizes=\"auto, (max-width: 600px) 100vw, 600px\" \/><figcaption><a href=\"https:\/\/www.carillohome.com\/it\/cuscino-arredo-otis\/\" target=\"_blank\" rel=\"noreferrer noopener\" aria-label=\"Cuscino Arredo Otis (si apre in una nuova scheda)\">Cuscino Arredo Otis<\/a><\/figcaption><\/figure><\/li><\/ul>\n\n\n\n<p>Per quanto riguarda la <a rel=\"noreferrer noopener\" aria-label=\"biancheria da letto (si apre in una nuova scheda)\" href=\"https:\/\/www.carillohome.com\/it\/biancheria-da-letto\/\" target=\"_blank\">biancheria da letto<\/a>, <strong>il blu polvere e il lavanda<\/strong> si rivelano particolarmente adatti per creare un&#8217;atmosfera rilassante, mentre tra i <a rel=\"noreferrer noopener\" aria-label=\"tessuti del living (si apre in una nuova scheda)\" href=\"https:\/\/www.carillohome.com\/it\/salone\/\" target=\"_blank\">tessuti del living<\/a> si afferma <strong>il giallo ocra<\/strong> come tocco vivace e moderno. La <a rel=\"noreferrer noopener\" aria-label=\"biancheria da tavola e cucina (si apre in una nuova scheda)\" href=\"https:\/\/www.carillohome.com\/it\/cucina\/\" target=\"_blank\">biancheria da tavola e cucina<\/a> vede protagonisti colori pi\u00f9 audaci, come<strong> il verde salvia e il bordeaux<\/strong>, per un design sofisticato ma accogliente.<br><\/p>\n\n\n\n<figure class=\"wp-block-image\"><a href=\"https:\/\/www.carillohome.com\/it\/valsesia-tovaglia-in-twill-antimacchia\/\" target=\"_blank\" rel=\"noreferrer noopener\"><img loading=\"lazy\" decoding=\"async\" width=\"945\" height=\"630\" src=\"https:\/\/blog.carillohome.com\/wp-content\/uploads\/2025\/01\/tendenze-biancheria-da-letto-2025.jpg\" alt=\"tendenze biancheria da letto 2025\" class=\"wp-image-4382\" srcset=\"https:\/\/blog.carillohome.com\/wp-content\/uploads\/2025\/01\/tendenze-biancheria-da-letto-2025.jpg 945w, https:\/\/blog.carillohome.com\/wp-content\/uploads\/2025\/01\/tendenze-biancheria-da-letto-2025-300x200.jpg 300w, https:\/\/blog.carillohome.com\/wp-content\/uploads\/2025\/01\/tendenze-biancheria-da-letto-2025-768x512.jpg 768w, https:\/\/blog.carillohome.com\/wp-content\/uploads\/2025\/01\/tendenze-biancheria-da-letto-2025-600x400.jpg 600w\" sizes=\"auto, (max-width: 945px) 100vw, 945px\" \/><\/a><\/figure>\n\n\n\n<h2 class=\"western wp-block-heading\">Materiali sostenibili e innovativi: la scelta giusta per il pianeta<br><\/h2>\n\n\n\n<p>La sostenibilit\u00e0 \u00e8 al centro delle <strong>tendenze del 2025<\/strong>. Materiali naturali e riciclati stanno conquistando il mercato, e il loro utilizzo non si limita ai mobili, ma coinvolge anche la biancheria per la casa. Il lino e il cotone sono tra i materiali pi\u00f9 apprezzati per <a rel=\"noreferrer noopener\" aria-label=\"lenzuola (si apre in una nuova scheda)\" href=\"https:\/\/www.carillohome.com\/it\/biancheria-da-letto\/federe-e-lenzuola\/\" target=\"_blank\">lenzuola<\/a>, tovaglie e <a rel=\"noreferrer noopener\" aria-label=\"asciugamani (si apre in una nuova scheda)\" href=\"https:\/\/www.carillohome.com\/it\/bagno\/asciugamani\/\" target=\"_blank\">asciugamani<\/a>.<br><\/p>\n\n\n\n<ul class=\"wp-block-gallery columns-3 is-cropped wp-block-gallery-2 is-layout-flex wp-block-gallery-is-layout-flex\"><li class=\"blocks-gallery-item\"><figure><img loading=\"lazy\" decoding=\"async\" width=\"600\" height=\"600\" src=\"https:\/\/blog.carillohome.com\/wp-content\/uploads\/2025\/01\/Coppia-Tendine-Estella-Merletto.jpg\" alt=\"Coppia Tendine Estella Merletto\" data-id=\"4384\" data-link=\"https:\/\/blog.carillohome.com\/?attachment_id=4384\" class=\"wp-image-4384\" srcset=\"https:\/\/blog.carillohome.com\/wp-content\/uploads\/2025\/01\/Coppia-Tendine-Estella-Merletto.jpg 600w, https:\/\/blog.carillohome.com\/wp-content\/uploads\/2025\/01\/Coppia-Tendine-Estella-Merletto-150x150.jpg 150w, https:\/\/blog.carillohome.com\/wp-content\/uploads\/2025\/01\/Coppia-Tendine-Estella-Merletto-300x300.jpg 300w, https:\/\/blog.carillohome.com\/wp-content\/uploads\/2025\/01\/Coppia-Tendine-Estella-Merletto-60x60.jpg 60w\" sizes=\"auto, (max-width: 600px) 100vw, 600px\" \/><figcaption><a href=\"https:\/\/www.carillohome.com\/it\/coppia-tendine-estella-merletto\/\" target=\"_blank\" rel=\"noreferrer noopener\" aria-label=\"Coppia Tendine Estella Merletto (si apre in una nuova scheda)\">Coppia Tendine Estella Merletto<\/a><\/figcaption><\/figure><\/li><li class=\"blocks-gallery-item\"><figure><img loading=\"lazy\" decoding=\"async\" width=\"600\" height=\"600\" src=\"https:\/\/blog.carillohome.com\/wp-content\/uploads\/2025\/01\/Completo-Letto-in-Lino-e-Raso-Aman.jpg\" alt=\"Completo Letto in Lino e Raso Aman\" data-id=\"4383\" data-link=\"https:\/\/blog.carillohome.com\/?attachment_id=4383\" class=\"wp-image-4383\" srcset=\"https:\/\/blog.carillohome.com\/wp-content\/uploads\/2025\/01\/Completo-Letto-in-Lino-e-Raso-Aman.jpg 600w, https:\/\/blog.carillohome.com\/wp-content\/uploads\/2025\/01\/Completo-Letto-in-Lino-e-Raso-Aman-150x150.jpg 150w, https:\/\/blog.carillohome.com\/wp-content\/uploads\/2025\/01\/Completo-Letto-in-Lino-e-Raso-Aman-300x300.jpg 300w, https:\/\/blog.carillohome.com\/wp-content\/uploads\/2025\/01\/Completo-Letto-in-Lino-e-Raso-Aman-60x60.jpg 60w\" sizes=\"auto, (max-width: 600px) 100vw, 600px\" \/><figcaption><a href=\"https:\/\/www.carillohome.com\/it\/aman-completo-letto-stone-washed\/\" target=\"_blank\" rel=\"noreferrer noopener\" aria-label=\"Completo Letto in Lino e Raso Aman (si apre in una nuova scheda)\">Completo Letto in Lino e Raso Aman<\/a><\/figcaption><\/figure><\/li><li class=\"blocks-gallery-item\"><figure><img loading=\"lazy\" decoding=\"async\" width=\"600\" height=\"600\" src=\"https:\/\/blog.carillohome.com\/wp-content\/uploads\/2025\/01\/Tenda-Sartoriale-Nature-Misto-Lino.jpg\" alt=\"Tenda Sartoriale Nature Misto Lino\" data-id=\"4385\" data-link=\"https:\/\/blog.carillohome.com\/?attachment_id=4385\" class=\"wp-image-4385\" srcset=\"https:\/\/blog.carillohome.com\/wp-content\/uploads\/2025\/01\/Tenda-Sartoriale-Nature-Misto-Lino.jpg 600w, https:\/\/blog.carillohome.com\/wp-content\/uploads\/2025\/01\/Tenda-Sartoriale-Nature-Misto-Lino-150x150.jpg 150w, https:\/\/blog.carillohome.com\/wp-content\/uploads\/2025\/01\/Tenda-Sartoriale-Nature-Misto-Lino-300x300.jpg 300w, https:\/\/blog.carillohome.com\/wp-content\/uploads\/2025\/01\/Tenda-Sartoriale-Nature-Misto-Lino-60x60.jpg 60w\" sizes=\"auto, (max-width: 600px) 100vw, 600px\" \/><figcaption><a href=\"https:\/\/www.carillohome.com\/it\/tenda-sartoriale-nature-misto-lino\/\" target=\"_blank\" rel=\"noreferrer noopener\" aria-label=\"Tenda Sartoriale Nature Misto Lino (si apre in una nuova scheda)\">Tenda Sartoriale Nature Misto Lino<\/a><\/figcaption><\/figure><\/li><\/ul>\n\n\n\n<p>Il mix tra tradizione e innovazione si riflette nell\u2019uso di fibre rigenerate che combinano resistenza e morbidezza. La <strong>biancheria da letto no stiro<\/strong>, ad esempio, \u00e8 ideale per chi cerca un tocco di lusso eco-friendly. Inoltre, tappeti e tende in tessuti naturali permettono di arredare la casa con stile riducendo l\u2019impatto ambientale.<\/p>\n\n\n\n<figure class=\"wp-block-image\"><a href=\"https:\/\/www.carillohome.com\/it\" target=\"_blank\" rel=\"noreferrer noopener\"><img loading=\"lazy\" decoding=\"async\" width=\"945\" height=\"315\" src=\"https:\/\/blog.carillohome.com\/wp-content\/uploads\/2025\/01\/tessuti-di-tendenza-da-acquistare-online.jpg\" alt=\"tessuti di tendenza da acquistare online\" class=\"wp-image-4390\" srcset=\"https:\/\/blog.carillohome.com\/wp-content\/uploads\/2025\/01\/tessuti-di-tendenza-da-acquistare-online.jpg 945w, https:\/\/blog.carillohome.com\/wp-content\/uploads\/2025\/01\/tessuti-di-tendenza-da-acquistare-online-300x100.jpg 300w, https:\/\/blog.carillohome.com\/wp-content\/uploads\/2025\/01\/tessuti-di-tendenza-da-acquistare-online-768x256.jpg 768w, https:\/\/blog.carillohome.com\/wp-content\/uploads\/2025\/01\/tessuti-di-tendenza-da-acquistare-online-600x200.jpg 600w\" sizes=\"auto, (max-width: 945px) 100vw, 945px\" \/><\/a><\/figure>\n\n\n\n<h2 class=\"western wp-block-heading\">Stili di arredamento 2025: dal minimalismo caldo al vintage contemporaneo<br><\/h2>\n\n\n\n<p>Tra gli stili di arredamento che domineranno il 2025, spicca il <strong>minimalismo caldo<\/strong>, un&#8217;evoluzione del design essenziale che introduce texture morbide e dettagli in materiali naturali per creare un ambiente accogliente. Questo stile si adatta perfettamente a soggiorni e camere da letto, dove <a href=\"https:\/\/www.carillohome.com\/it\/salone\/plaid\/\" target=\"_blank\" rel=\"noreferrer noopener\" aria-label=\"plaid (si apre in una nuova scheda)\">plaid<\/a> e cuscini arredo con fantasie discrete aggiungono calore e personalit\u00e0.<\/p>\n\n\n\n<ul class=\"wp-block-gallery columns-3 is-cropped wp-block-gallery-3 is-layout-flex wp-block-gallery-is-layout-flex\"><li class=\"blocks-gallery-item\"><figure><img loading=\"lazy\" decoding=\"async\" width=\"600\" height=\"600\" src=\"https:\/\/blog.carillohome.com\/wp-content\/uploads\/2025\/01\/Runner-Antimacchia-No-Stiro-Daily.jpg\" alt=\"Runner Antimacchia No Stiro Daily\" data-id=\"4389\" data-link=\"https:\/\/blog.carillohome.com\/?attachment_id=4389\" class=\"wp-image-4389\" srcset=\"https:\/\/blog.carillohome.com\/wp-content\/uploads\/2025\/01\/Runner-Antimacchia-No-Stiro-Daily.jpg 600w, https:\/\/blog.carillohome.com\/wp-content\/uploads\/2025\/01\/Runner-Antimacchia-No-Stiro-Daily-150x150.jpg 150w, https:\/\/blog.carillohome.com\/wp-content\/uploads\/2025\/01\/Runner-Antimacchia-No-Stiro-Daily-300x300.jpg 300w, https:\/\/blog.carillohome.com\/wp-content\/uploads\/2025\/01\/Runner-Antimacchia-No-Stiro-Daily-60x60.jpg 60w\" sizes=\"auto, (max-width: 600px) 100vw, 600px\" \/><figcaption><a href=\"https:\/\/www.carillohome.com\/it\/runner-antimacchia-no-stiro-daily\/\" target=\"_blank\" rel=\"noreferrer noopener\" aria-label=\"Runner Antimacchia No Stiro Daily (si apre in una nuova scheda)\">Runner Antimacchia No Stiro Daily<\/a><\/figcaption><\/figure><\/li><li class=\"blocks-gallery-item\"><figure><img loading=\"lazy\" decoding=\"async\" width=\"600\" height=\"600\" src=\"https:\/\/blog.carillohome.com\/wp-content\/uploads\/2025\/01\/Plaid-Arredo-Con-Rouches-Miriam.jpg\" alt=\"Plaid Arredo Con Rouches Miriam\" data-id=\"4388\" data-link=\"https:\/\/blog.carillohome.com\/?attachment_id=4388\" class=\"wp-image-4388\" srcset=\"https:\/\/blog.carillohome.com\/wp-content\/uploads\/2025\/01\/Plaid-Arredo-Con-Rouches-Miriam.jpg 600w, https:\/\/blog.carillohome.com\/wp-content\/uploads\/2025\/01\/Plaid-Arredo-Con-Rouches-Miriam-150x150.jpg 150w, https:\/\/blog.carillohome.com\/wp-content\/uploads\/2025\/01\/Plaid-Arredo-Con-Rouches-Miriam-300x300.jpg 300w, https:\/\/blog.carillohome.com\/wp-content\/uploads\/2025\/01\/Plaid-Arredo-Con-Rouches-Miriam-60x60.jpg 60w\" sizes=\"auto, (max-width: 600px) 100vw, 600px\" \/><figcaption><a href=\"https:\/\/www.carillohome.com\/it\/plaid-arredo-con-rouches-miriam\/\" target=\"_blank\" rel=\"noreferrer noopener\" aria-label=\"Plaid Arredo Con Rouches Miriam (si apre in una nuova scheda)\">Plaid Arredo Con Rouches Miriam<\/a><\/figcaption><\/figure><\/li><li class=\"blocks-gallery-item\"><figure><img loading=\"lazy\" decoding=\"async\" width=\"600\" height=\"600\" src=\"https:\/\/blog.carillohome.com\/wp-content\/uploads\/2025\/01\/Accappatoio-In-Spugna-My.jpg\" alt=\"Accappatoio In Spugna My\" data-id=\"4387\" data-link=\"https:\/\/blog.carillohome.com\/?attachment_id=4387\" class=\"wp-image-4387\" srcset=\"https:\/\/blog.carillohome.com\/wp-content\/uploads\/2025\/01\/Accappatoio-In-Spugna-My.jpg 600w, https:\/\/blog.carillohome.com\/wp-content\/uploads\/2025\/01\/Accappatoio-In-Spugna-My-150x150.jpg 150w, https:\/\/blog.carillohome.com\/wp-content\/uploads\/2025\/01\/Accappatoio-In-Spugna-My-300x300.jpg 300w, https:\/\/blog.carillohome.com\/wp-content\/uploads\/2025\/01\/Accappatoio-In-Spugna-My-60x60.jpg 60w\" sizes=\"auto, (max-width: 600px) 100vw, 600px\" \/><figcaption><a href=\"https:\/\/www.carillohome.com\/it\/accappatoio-in-spugna-my\/\" target=\"_blank\" rel=\"noreferrer noopener\" aria-label=\"Accappatoio In Spugna My (si apre in una nuova scheda)\">Accappatoio In Spugna My<\/a><\/figcaption><\/figure><\/li><\/ul>\n\n\n\n<p>Il <strong>vintage contemporaneo<\/strong> \u00e8 un\u2019altra tendenza in crescita. Si tratta di un mix tra elementi retr\u00f2, come stampe floreali e motivi geometrici anni \u201870, e dettagli moderni. Ad esempio, in cucina puoi optare per tovaglie con stampe ispirate al passato abbinate a <a href=\"https:\/\/www.carillohome.com\/it\/cucina\/runner-e-tovagliette\/\" target=\"_blank\" rel=\"noreferrer noopener\" aria-label=\"runner (si apre in una nuova scheda)\">runner<\/a> in colori neutri per un look equilibrato.<\/p>\n\n\n\n<p>Per la <a href=\"https:\/\/www.carillohome.com\/it\/bagno\/\" target=\"_blank\" rel=\"noreferrer noopener\" aria-label=\"biancheria da bagno (si apre in una nuova scheda)\">biancheria da bagno<\/a>, lo stile <strong>spa domestica<\/strong> conquista con asciugamani morbidi e <a rel=\"noreferrer noopener\" aria-label=\"accappatoi (si apre in una nuova scheda)\" href=\"https:\/\/www.carillohome.com\/it\/bagno\/accappatoi\/\" target=\"_blank\">accappatoi<\/a> in nuance rilassanti come l\u2019avorio e il grigio perla, che evocano l\u2019atmosfera di un centro benessere.<br><\/p>\n\n\n\n<figure class=\"wp-block-image\"><a href=\"https:\/\/www.carillohome.com\/it\/valsesia-tovaglia-in-twill-antimacchia\/\" target=\"_blank\" rel=\"noreferrer noopener\"><img loading=\"lazy\" decoding=\"async\" width=\"945\" height=\"630\" src=\"https:\/\/blog.carillohome.com\/wp-content\/uploads\/2025\/01\/stili-arredo-tendenze-2025.jpg\" alt=\"stili arredo tendenze 2025\" class=\"wp-image-4392\" srcset=\"https:\/\/blog.carillohome.com\/wp-content\/uploads\/2025\/01\/stili-arredo-tendenze-2025.jpg 945w, https:\/\/blog.carillohome.com\/wp-content\/uploads\/2025\/01\/stili-arredo-tendenze-2025-300x200.jpg 300w, https:\/\/blog.carillohome.com\/wp-content\/uploads\/2025\/01\/stili-arredo-tendenze-2025-768x512.jpg 768w, https:\/\/blog.carillohome.com\/wp-content\/uploads\/2025\/01\/stili-arredo-tendenze-2025-600x400.jpg 600w\" sizes=\"auto, (max-width: 945px) 100vw, 945px\" \/><\/a><\/figure>\n\n\n\n<h2 class=\"western wp-block-heading\">Fantasie e motivi: un tocco di personalit\u00e0<br><\/h2>\n\n\n\n<p>Le fantasie del 2025 sono pensate per portare un tocco di personalit\u00e0 in ogni ambiente della casa. I <strong>motivi botanici<\/strong> continuano a essere una scelta popolare, con stampe che richiamano foglie e fiori stilizzati perfette per tende e cuscini.<\/p>\n\n\n\n<ul class=\"wp-block-gallery columns-3 is-cropped wp-block-gallery-4 is-layout-flex wp-block-gallery-is-layout-flex\"><li class=\"blocks-gallery-item\"><figure><img loading=\"lazy\" decoding=\"async\" width=\"600\" height=\"600\" src=\"https:\/\/blog.carillohome.com\/wp-content\/uploads\/2025\/01\/Tappeto-Cucina-Miami.jpg\" alt=\"Tappeto Cucina Miami\" data-id=\"4394\" data-link=\"https:\/\/blog.carillohome.com\/?attachment_id=4394\" class=\"wp-image-4394\" srcset=\"https:\/\/blog.carillohome.com\/wp-content\/uploads\/2025\/01\/Tappeto-Cucina-Miami.jpg 600w, https:\/\/blog.carillohome.com\/wp-content\/uploads\/2025\/01\/Tappeto-Cucina-Miami-150x150.jpg 150w, https:\/\/blog.carillohome.com\/wp-content\/uploads\/2025\/01\/Tappeto-Cucina-Miami-300x300.jpg 300w, https:\/\/blog.carillohome.com\/wp-content\/uploads\/2025\/01\/Tappeto-Cucina-Miami-60x60.jpg 60w\" sizes=\"auto, (max-width: 600px) 100vw, 600px\" \/><figcaption><a href=\"https:\/\/www.carillohome.com\/it\/tappeto-cucina-miami\/\" target=\"_blank\" rel=\"noreferrer noopener\" aria-label=\"Tappeto Cucina Miami (si apre in una nuova scheda)\">Tappeto Cucina Miami<\/a><\/figcaption><\/figure><\/li><li class=\"blocks-gallery-item\"><figure><img loading=\"lazy\" decoding=\"async\" width=\"600\" height=\"600\" src=\"https:\/\/blog.carillohome.com\/wp-content\/uploads\/2025\/01\/Tenda-Confezionata-Jacquard-Larissa.jpg\" alt=\"Tenda Confezionata Jacquard Larissa\" data-id=\"4395\" data-link=\"https:\/\/blog.carillohome.com\/?attachment_id=4395\" class=\"wp-image-4395\" srcset=\"https:\/\/blog.carillohome.com\/wp-content\/uploads\/2025\/01\/Tenda-Confezionata-Jacquard-Larissa.jpg 600w, https:\/\/blog.carillohome.com\/wp-content\/uploads\/2025\/01\/Tenda-Confezionata-Jacquard-Larissa-150x150.jpg 150w, https:\/\/blog.carillohome.com\/wp-content\/uploads\/2025\/01\/Tenda-Confezionata-Jacquard-Larissa-300x300.jpg 300w, https:\/\/blog.carillohome.com\/wp-content\/uploads\/2025\/01\/Tenda-Confezionata-Jacquard-Larissa-60x60.jpg 60w\" sizes=\"auto, (max-width: 600px) 100vw, 600px\" \/><figcaption><a href=\"https:\/\/www.carillohome.com\/it\/tenda-confezionata-jacquard-larissa\/\" target=\"_blank\" rel=\"noreferrer noopener\" aria-label=\"Tenda Confezionata Jacquard Larissa (si apre in una nuova scheda)\">Tenda Confezionata Jacquard Larissa<\/a><\/figcaption><\/figure><\/li><li class=\"blocks-gallery-item\"><figure><img loading=\"lazy\" decoding=\"async\" width=\"600\" height=\"600\" src=\"https:\/\/blog.carillohome.com\/wp-content\/uploads\/2025\/01\/Tappeto-Arredo-Square.jpg\" alt=\"Tappeto Arredo Square\" data-id=\"4393\" data-link=\"https:\/\/blog.carillohome.com\/?attachment_id=4393\" class=\"wp-image-4393\" srcset=\"https:\/\/blog.carillohome.com\/wp-content\/uploads\/2025\/01\/Tappeto-Arredo-Square.jpg 600w, https:\/\/blog.carillohome.com\/wp-content\/uploads\/2025\/01\/Tappeto-Arredo-Square-150x150.jpg 150w, https:\/\/blog.carillohome.com\/wp-content\/uploads\/2025\/01\/Tappeto-Arredo-Square-300x300.jpg 300w, https:\/\/blog.carillohome.com\/wp-content\/uploads\/2025\/01\/Tappeto-Arredo-Square-60x60.jpg 60w\" sizes=\"auto, (max-width: 600px) 100vw, 600px\" \/><figcaption>Tappeto Arredo Square<\/figcaption><\/figure><\/li><\/ul>\n\n\n\n<p>Nella biancheria da letto, <strong>le righe e i motivi a spina di pesce<\/strong> offrono un\u2019alternativa elegante ai design pi\u00f9 tradizionali. In cucina, le tovaglie e i <a href=\"https:\/\/www.carillohome.com\/it\/cucina\/strofinacci-e-tovaglioli\/\" target=\"_blank\" rel=\"noreferrer noopener\" aria-label=\"tovaglioli (si apre in una nuova scheda)\">tovaglioli<\/a> con <strong>micro-stampe ispirate alla natura<\/strong> o ai tessuti etnici aggiungono un tocco di colore senza risultare invadenti.<\/p>\n\n\n\n<p>Anche i <a href=\"https:\/\/www.carillohome.com\/it\/salone\/tappeti\/\" target=\"_blank\" rel=\"noreferrer noopener\" aria-label=\"tappeti (si apre in una nuova scheda)\">tappeti<\/a> seguono questa linea, con <strong>motivi geometrici e astratti<\/strong> che si adattano tanto agli spazi moderni quanto a quelli pi\u00f9 classici. Questi dettagli decorativi permettono di esprimere il proprio stile in modo unico e originale.<br><\/p>\n\n\n\n<figure class=\"wp-block-image\"><img loading=\"lazy\" decoding=\"async\" width=\"945\" height=\"630\" src=\"https:\/\/blog.carillohome.com\/wp-content\/uploads\/2025\/01\/tendenze-camera-da-letto-2025.jpg\" alt=\"tendenze camera da letto 2025\" class=\"wp-image-4400\" srcset=\"https:\/\/blog.carillohome.com\/wp-content\/uploads\/2025\/01\/tendenze-camera-da-letto-2025.jpg 945w, https:\/\/blog.carillohome.com\/wp-content\/uploads\/2025\/01\/tendenze-camera-da-letto-2025-300x200.jpg 300w, https:\/\/blog.carillohome.com\/wp-content\/uploads\/2025\/01\/tendenze-camera-da-letto-2025-768x512.jpg 768w, https:\/\/blog.carillohome.com\/wp-content\/uploads\/2025\/01\/tendenze-camera-da-letto-2025-600x400.jpg 600w\" sizes=\"auto, (max-width: 945px) 100vw, 945px\" \/><\/figure>\n\n\n\n<h2 class=\"western wp-block-heading\"><strong>Tendenze arredo 2025 in Camera da letto: il regno del relax<\/strong><br><\/h2>\n\n\n\n<p>In camera da letto, il 2025 punta su comfort e intimit\u00e0. Lenzuola in materiali naturali come il lino o il cotone assicurano notti serene, mentre <a rel=\"noreferrer noopener\" aria-label=\"copripiumini (si apre in una nuova scheda)\" href=\"https:\/\/www.carillohome.com\/it\/biancheria-da-letto\/copripiumini\/\" target=\"_blank\">copripiumini<\/a> dai <strong>colori neutri o pastello<\/strong> creano un\u2019atmosfera rilassante. <\/p>\n\n\n\n<ul class=\"wp-block-gallery columns-3 is-cropped wp-block-gallery-5 is-layout-flex wp-block-gallery-is-layout-flex\"><li class=\"blocks-gallery-item\"><figure><img loading=\"lazy\" decoding=\"async\" width=\"600\" height=\"600\" src=\"https:\/\/blog.carillohome.com\/wp-content\/uploads\/2025\/01\/Parure-Copripiumino-Paint-In-Cotone.jpg\" alt=\"Parure Copripiumino Paint In Cotone\" data-id=\"4399\" data-link=\"https:\/\/blog.carillohome.com\/?attachment_id=4399\" class=\"wp-image-4399\" srcset=\"https:\/\/blog.carillohome.com\/wp-content\/uploads\/2025\/01\/Parure-Copripiumino-Paint-In-Cotone.jpg 600w, https:\/\/blog.carillohome.com\/wp-content\/uploads\/2025\/01\/Parure-Copripiumino-Paint-In-Cotone-150x150.jpg 150w, https:\/\/blog.carillohome.com\/wp-content\/uploads\/2025\/01\/Parure-Copripiumino-Paint-In-Cotone-300x300.jpg 300w, https:\/\/blog.carillohome.com\/wp-content\/uploads\/2025\/01\/Parure-Copripiumino-Paint-In-Cotone-60x60.jpg 60w\" sizes=\"auto, (max-width: 600px) 100vw, 600px\" \/><figcaption><a href=\"https:\/\/www.carillohome.com\/it\/parure-copripiumino-paint\/\" target=\"_blank\" rel=\"noreferrer noopener\" aria-label=\"Parure Copripiumino Paint In Cotone (si apre in una nuova scheda)\">Parure Copripiumino Paint In Cotone<\/a><\/figcaption><\/figure><\/li><li class=\"blocks-gallery-item\"><figure><img loading=\"lazy\" decoding=\"async\" width=\"600\" height=\"600\" src=\"https:\/\/blog.carillohome.com\/wp-content\/uploads\/2025\/01\/Parure-Copripiumino-Cotone-Perla.jpg\" alt=\"Parure Copripiumino Cotone Perla\" data-id=\"4397\" data-link=\"https:\/\/blog.carillohome.com\/?attachment_id=4397\" class=\"wp-image-4397\" srcset=\"https:\/\/blog.carillohome.com\/wp-content\/uploads\/2025\/01\/Parure-Copripiumino-Cotone-Perla.jpg 600w, https:\/\/blog.carillohome.com\/wp-content\/uploads\/2025\/01\/Parure-Copripiumino-Cotone-Perla-150x150.jpg 150w, https:\/\/blog.carillohome.com\/wp-content\/uploads\/2025\/01\/Parure-Copripiumino-Cotone-Perla-300x300.jpg 300w, https:\/\/blog.carillohome.com\/wp-content\/uploads\/2025\/01\/Parure-Copripiumino-Cotone-Perla-60x60.jpg 60w\" sizes=\"auto, (max-width: 600px) 100vw, 600px\" \/><figcaption><a href=\"https:\/\/www.carillohome.com\/it\/parure-copripiumino-cotone-perla\/\" target=\"_blank\" rel=\"noreferrer noopener\" aria-label=\"Parure Copripiumino Cotone Perla (si apre in una nuova scheda)\">Parure Copripiumino Cotone Perla<\/a><\/figcaption><\/figure><\/li><li class=\"blocks-gallery-item\"><figure><img loading=\"lazy\" decoding=\"async\" width=\"600\" height=\"600\" src=\"https:\/\/blog.carillohome.com\/wp-content\/uploads\/2025\/01\/Parure-Copripiumino-Freedom.jpg\" alt=\"Parure Copripiumino Freedom\" data-id=\"4398\" data-link=\"https:\/\/blog.carillohome.com\/?attachment_id=4398\" class=\"wp-image-4398\" srcset=\"https:\/\/blog.carillohome.com\/wp-content\/uploads\/2025\/01\/Parure-Copripiumino-Freedom.jpg 600w, https:\/\/blog.carillohome.com\/wp-content\/uploads\/2025\/01\/Parure-Copripiumino-Freedom-150x150.jpg 150w, https:\/\/blog.carillohome.com\/wp-content\/uploads\/2025\/01\/Parure-Copripiumino-Freedom-300x300.jpg 300w, https:\/\/blog.carillohome.com\/wp-content\/uploads\/2025\/01\/Parure-Copripiumino-Freedom-60x60.jpg 60w\" sizes=\"auto, (max-width: 600px) 100vw, 600px\" \/><figcaption><a href=\"https:\/\/www.carillohome.com\/it\/parure-copripiumino-freedom\/\" target=\"_blank\" rel=\"noreferrer noopener\" aria-label=\"Parure Copripiumino Freedom (si apre in una nuova scheda)\">Parure Copripiumino Freedom<\/a><\/figcaption><\/figure><\/li><\/ul>\n\n\n\n<p>Completa l\u2019arredamento con <strong>plaid morbidi e cuscini decorativi<\/strong> per aggiungere calore.<br><\/p>\n\n\n\n<figure class=\"wp-block-image\"><img loading=\"lazy\" decoding=\"async\" width=\"945\" height=\"630\" src=\"https:\/\/blog.carillohome.com\/wp-content\/uploads\/2025\/01\/tendenze-tavola-2025.jpg\" alt=\"tendenze tavola 2025\" class=\"wp-image-4402\" srcset=\"https:\/\/blog.carillohome.com\/wp-content\/uploads\/2025\/01\/tendenze-tavola-2025.jpg 945w, https:\/\/blog.carillohome.com\/wp-content\/uploads\/2025\/01\/tendenze-tavola-2025-300x200.jpg 300w, https:\/\/blog.carillohome.com\/wp-content\/uploads\/2025\/01\/tendenze-tavola-2025-768x512.jpg 768w, https:\/\/blog.carillohome.com\/wp-content\/uploads\/2025\/01\/tendenze-tavola-2025-600x400.jpg 600w\" sizes=\"auto, (max-width: 945px) 100vw, 945px\" \/><\/figure>\n\n\n\n<h2 class=\"western wp-block-heading\">Cucina e sala da pranzo tendenze arredo 2025: convivialit\u00e0 e stile<br><\/h2>\n\n\n\n<p>La cucina e la sala da pranzo diventano luoghi di espressione creativa. Tovaglie in <strong>tonalit\u00e0 vivaci o con fantasie geometriche<\/strong> trasformano anche i pranzi pi\u00f9 semplici in momenti speciali. <\/p>\n\n\n\n<ul class=\"wp-block-gallery columns-3 is-cropped wp-block-gallery-6 is-layout-flex wp-block-gallery-is-layout-flex\"><li class=\"blocks-gallery-item\"><figure><img loading=\"lazy\" decoding=\"async\" width=\"600\" height=\"600\" src=\"https:\/\/blog.carillohome.com\/wp-content\/uploads\/2025\/01\/Tovaglia-Tinto-In-Filo-Stripe.jpg\" alt=\"Tovaglia Tinto In Filo Stripe\" data-id=\"4405\" data-link=\"https:\/\/blog.carillohome.com\/?attachment_id=4405\" class=\"wp-image-4405\" srcset=\"https:\/\/blog.carillohome.com\/wp-content\/uploads\/2025\/01\/Tovaglia-Tinto-In-Filo-Stripe.jpg 600w, https:\/\/blog.carillohome.com\/wp-content\/uploads\/2025\/01\/Tovaglia-Tinto-In-Filo-Stripe-150x150.jpg 150w, https:\/\/blog.carillohome.com\/wp-content\/uploads\/2025\/01\/Tovaglia-Tinto-In-Filo-Stripe-300x300.jpg 300w, https:\/\/blog.carillohome.com\/wp-content\/uploads\/2025\/01\/Tovaglia-Tinto-In-Filo-Stripe-60x60.jpg 60w\" sizes=\"auto, (max-width: 600px) 100vw, 600px\" \/><figcaption><a href=\"https:\/\/www.carillohome.com\/it\/tovaglia-tinto-in-filo-stripe\/\" target=\"_blank\" rel=\"noreferrer noopener\" aria-label=\"Tovaglia Tinto In Filo Stripe (si apre in una nuova scheda)\">Tovaglia Tinto In Filo Stripe<\/a><\/figcaption><\/figure><\/li><li class=\"blocks-gallery-item\"><figure><img loading=\"lazy\" decoding=\"async\" width=\"600\" height=\"600\" src=\"https:\/\/blog.carillohome.com\/wp-content\/uploads\/2025\/01\/Tovaglia-Antimacchia-No-Stiro-Daily.jpg\" alt=\"Tovaglia Antimacchia No Stiro Daily\" data-id=\"4403\" data-link=\"https:\/\/blog.carillohome.com\/?attachment_id=4403\" class=\"wp-image-4403\" srcset=\"https:\/\/blog.carillohome.com\/wp-content\/uploads\/2025\/01\/Tovaglia-Antimacchia-No-Stiro-Daily.jpg 600w, https:\/\/blog.carillohome.com\/wp-content\/uploads\/2025\/01\/Tovaglia-Antimacchia-No-Stiro-Daily-150x150.jpg 150w, https:\/\/blog.carillohome.com\/wp-content\/uploads\/2025\/01\/Tovaglia-Antimacchia-No-Stiro-Daily-300x300.jpg 300w, https:\/\/blog.carillohome.com\/wp-content\/uploads\/2025\/01\/Tovaglia-Antimacchia-No-Stiro-Daily-60x60.jpg 60w\" sizes=\"auto, (max-width: 600px) 100vw, 600px\" \/><figcaption><a href=\"https:\/\/www.carillohome.com\/it\/tovaglia-antimacchia-no-stiro-daily\/\" target=\"_blank\" rel=\"noreferrer noopener\" aria-label=\"Tovaglia Antimacchia No Stiro Daily (si apre in una nuova scheda)\">Tovaglia Antimacchia No Stiro Daily<\/a><\/figcaption><\/figure><\/li><li class=\"blocks-gallery-item\"><figure><img loading=\"lazy\" decoding=\"async\" width=\"600\" height=\"600\" src=\"https:\/\/blog.carillohome.com\/wp-content\/uploads\/2025\/01\/Tovaglia-In-Cotone-Picnic.jpg\" alt=\"Tovaglia In Cotone Picnic\" data-id=\"4404\" data-link=\"https:\/\/blog.carillohome.com\/?attachment_id=4404\" class=\"wp-image-4404\" srcset=\"https:\/\/blog.carillohome.com\/wp-content\/uploads\/2025\/01\/Tovaglia-In-Cotone-Picnic.jpg 600w, https:\/\/blog.carillohome.com\/wp-content\/uploads\/2025\/01\/Tovaglia-In-Cotone-Picnic-150x150.jpg 150w, https:\/\/blog.carillohome.com\/wp-content\/uploads\/2025\/01\/Tovaglia-In-Cotone-Picnic-300x300.jpg 300w, https:\/\/blog.carillohome.com\/wp-content\/uploads\/2025\/01\/Tovaglia-In-Cotone-Picnic-60x60.jpg 60w\" sizes=\"auto, (max-width: 600px) 100vw, 600px\" \/><figcaption><a href=\"https:\/\/www.carillohome.com\/it\/tovaglia-in-cotone-picnic\/\" target=\"_blank\" rel=\"noreferrer noopener\" aria-label=\"Tovaglia In Cotone Picnic (si apre in una nuova scheda)\">Tovaglia In Cotone Picnic<\/a><\/figcaption><\/figure><\/li><\/ul>\n\n\n\n<p>I <strong>runner abbinati ai<\/strong> <strong>tovaglioli in lino<\/strong> conferiscono un aspetto curato e moderno. Per le cene eleganti, opta per tovaglie monocromatiche in tessuti pregiati.<br><\/p>\n\n\n\n<figure class=\"wp-block-image\"><img loading=\"lazy\" decoding=\"async\" width=\"945\" height=\"630\" src=\"https:\/\/blog.carillohome.com\/wp-content\/uploads\/2025\/01\/tendenze-arredo-salone-2025.jpg\" alt=\"tendenze arredo salone 2025\" class=\"wp-image-4410\" srcset=\"https:\/\/blog.carillohome.com\/wp-content\/uploads\/2025\/01\/tendenze-arredo-salone-2025.jpg 945w, https:\/\/blog.carillohome.com\/wp-content\/uploads\/2025\/01\/tendenze-arredo-salone-2025-300x200.jpg 300w, https:\/\/blog.carillohome.com\/wp-content\/uploads\/2025\/01\/tendenze-arredo-salone-2025-768x512.jpg 768w, https:\/\/blog.carillohome.com\/wp-content\/uploads\/2025\/01\/tendenze-arredo-salone-2025-600x400.jpg 600w\" sizes=\"auto, (max-width: 945px) 100vw, 945px\" \/><\/figure>\n\n\n\n<h2 class=\"western wp-block-heading\">Tendenze arredo Soggiorno 2025: il cuore pulsante della casa<br><\/h2>\n\n\n\n<p>Il soggiorno \u00e8 lo spazio ideale per sperimentare con cuscini decorativi e coperte che seguono le tendenze del momento. Combina fantasie diverse, ma sempre in <strong>palette coordinate<\/strong>, per un look dinamico e sofisticato. <\/p>\n\n\n\n<ul class=\"wp-block-gallery columns-3 is-cropped wp-block-gallery-7 is-layout-flex wp-block-gallery-is-layout-flex\"><li class=\"blocks-gallery-item\"><figure><img loading=\"lazy\" decoding=\"async\" width=\"600\" height=\"600\" src=\"https:\/\/blog.carillohome.com\/wp-content\/uploads\/2025\/01\/Salvadivano-Goodly-Double-Face.jpg\" alt=\"Salvadivano Goodly Double Face\" data-id=\"4408\" data-link=\"https:\/\/blog.carillohome.com\/?attachment_id=4408\" class=\"wp-image-4408\" srcset=\"https:\/\/blog.carillohome.com\/wp-content\/uploads\/2025\/01\/Salvadivano-Goodly-Double-Face.jpg 600w, https:\/\/blog.carillohome.com\/wp-content\/uploads\/2025\/01\/Salvadivano-Goodly-Double-Face-150x150.jpg 150w, https:\/\/blog.carillohome.com\/wp-content\/uploads\/2025\/01\/Salvadivano-Goodly-Double-Face-300x300.jpg 300w, https:\/\/blog.carillohome.com\/wp-content\/uploads\/2025\/01\/Salvadivano-Goodly-Double-Face-60x60.jpg 60w\" sizes=\"auto, (max-width: 600px) 100vw, 600px\" \/><figcaption><a href=\"https:\/\/www.carillohome.com\/it\/salvadivano-goodly-double-face\/\" target=\"_blank\" rel=\"noreferrer noopener\" aria-label=\"Salvadivano Goodly Double Face (si apre in una nuova scheda)\">Salvadivano Goodly Double Face<\/a><\/figcaption><\/figure><\/li><li class=\"blocks-gallery-item\"><figure><img loading=\"lazy\" decoding=\"async\" width=\"600\" height=\"600\" src=\"https:\/\/blog.carillohome.com\/wp-content\/uploads\/2025\/01\/Tenda-Confezionata-Carolyn.jpg\" alt=\"Tenda Confezionata Carolyn\" data-id=\"4409\" data-link=\"https:\/\/blog.carillohome.com\/?attachment_id=4409\" class=\"wp-image-4409\" srcset=\"https:\/\/blog.carillohome.com\/wp-content\/uploads\/2025\/01\/Tenda-Confezionata-Carolyn.jpg 600w, https:\/\/blog.carillohome.com\/wp-content\/uploads\/2025\/01\/Tenda-Confezionata-Carolyn-150x150.jpg 150w, https:\/\/blog.carillohome.com\/wp-content\/uploads\/2025\/01\/Tenda-Confezionata-Carolyn-300x300.jpg 300w, https:\/\/blog.carillohome.com\/wp-content\/uploads\/2025\/01\/Tenda-Confezionata-Carolyn-60x60.jpg 60w\" sizes=\"auto, (max-width: 600px) 100vw, 600px\" \/><figcaption><a href=\"https:\/\/www.carillohome.com\/it\/tenda-confezionata-carolyn\/\" target=\"_blank\" rel=\"noreferrer noopener\" aria-label=\"Tenda Confezionata Carolyn (si apre in una nuova scheda)\">Tenda Confezionata Carolyn<\/a><\/figcaption><\/figure><\/li><li class=\"blocks-gallery-item\"><figure><img loading=\"lazy\" decoding=\"async\" width=\"600\" height=\"600\" src=\"https:\/\/blog.carillohome.com\/wp-content\/uploads\/2025\/01\/Coppia-Coprisedia-Cube.jpg\" alt=\"Coppia Coprisedia Cube\" data-id=\"4407\" data-link=\"https:\/\/blog.carillohome.com\/?attachment_id=4407\" class=\"wp-image-4407\" srcset=\"https:\/\/blog.carillohome.com\/wp-content\/uploads\/2025\/01\/Coppia-Coprisedia-Cube.jpg 600w, https:\/\/blog.carillohome.com\/wp-content\/uploads\/2025\/01\/Coppia-Coprisedia-Cube-150x150.jpg 150w, https:\/\/blog.carillohome.com\/wp-content\/uploads\/2025\/01\/Coppia-Coprisedia-Cube-300x300.jpg 300w, https:\/\/blog.carillohome.com\/wp-content\/uploads\/2025\/01\/Coppia-Coprisedia-Cube-60x60.jpg 60w\" sizes=\"auto, (max-width: 600px) 100vw, 600px\" \/><figcaption><a href=\"https:\/\/www.carillohome.com\/it\/coprisedia-cube\/\" target=\"_blank\" rel=\"noreferrer noopener\" aria-label=\"Coppia Coprisedia Cube (si apre in una nuova scheda)\">Coppia Coprisedia Cube<\/a><\/figcaption><\/figure><\/li><\/ul>\n\n\n\n<p>Le <strong>tende leggere e i tappeti<\/strong> aggiungono un tocco di raffinatezza senza appesantire l\u2019ambiente.<br><\/p>\n\n\n\n<figure class=\"wp-block-image\"><img loading=\"lazy\" decoding=\"async\" width=\"945\" height=\"630\" src=\"https:\/\/blog.carillohome.com\/wp-content\/uploads\/2025\/01\/tendenze-bagno-2025.jpg\" alt=\"tendenze bagno 2025\" class=\"wp-image-4417\" srcset=\"https:\/\/blog.carillohome.com\/wp-content\/uploads\/2025\/01\/tendenze-bagno-2025.jpg 945w, https:\/\/blog.carillohome.com\/wp-content\/uploads\/2025\/01\/tendenze-bagno-2025-300x200.jpg 300w, https:\/\/blog.carillohome.com\/wp-content\/uploads\/2025\/01\/tendenze-bagno-2025-768x512.jpg 768w, https:\/\/blog.carillohome.com\/wp-content\/uploads\/2025\/01\/tendenze-bagno-2025-600x400.jpg 600w\" sizes=\"auto, (max-width: 945px) 100vw, 945px\" \/><\/figure>\n\n\n\n<h2 class=\"western wp-block-heading\">Bagno tendenze arredamento 2025: un&#8217;oasi di benessere<br><\/h2>\n\n\n\n<p>Per il bagno, il 2025 suggerisce accessori coordinati in materiali naturali e colori soft. Gli <strong>asciugamani in cotone<\/strong> non solo sono eco-friendly, ma offrono anche una morbidezza senza pari. <\/p>\n\n\n\n<ul class=\"wp-block-gallery columns-3 is-cropped wp-block-gallery-8 is-layout-flex wp-block-gallery-is-layout-flex\"><li class=\"blocks-gallery-item\"><figure><img loading=\"lazy\" decoding=\"async\" width=\"600\" height=\"600\" src=\"https:\/\/blog.carillohome.com\/wp-content\/uploads\/2025\/01\/Telo-Bagno-Flower.jpg\" alt=\"Telo Bagno Flower\" data-id=\"4416\" data-link=\"https:\/\/blog.carillohome.com\/?attachment_id=4416\" class=\"wp-image-4416\" srcset=\"https:\/\/blog.carillohome.com\/wp-content\/uploads\/2025\/01\/Telo-Bagno-Flower.jpg 600w, https:\/\/blog.carillohome.com\/wp-content\/uploads\/2025\/01\/Telo-Bagno-Flower-150x150.jpg 150w, https:\/\/blog.carillohome.com\/wp-content\/uploads\/2025\/01\/Telo-Bagno-Flower-300x300.jpg 300w, https:\/\/blog.carillohome.com\/wp-content\/uploads\/2025\/01\/Telo-Bagno-Flower-60x60.jpg 60w\" sizes=\"auto, (max-width: 600px) 100vw, 600px\" \/><figcaption><a href=\"https:\/\/www.carillohome.com\/it\/telo-bagno-flower\/\" target=\"_blank\" rel=\"noreferrer noopener\" aria-label=\"Telo Bagno Flower (si apre in una nuova scheda)\">Telo Bagno Flower<\/a><\/figcaption><\/figure><\/li><li class=\"blocks-gallery-item\"><figure><img loading=\"lazy\" decoding=\"async\" width=\"600\" height=\"600\" src=\"https:\/\/blog.carillohome.com\/wp-content\/uploads\/2025\/01\/Tappeto-Bagno-Agua-Moon.jpg\" alt=\"Tappeto Bagno Agua Moon\" data-id=\"4415\" data-link=\"https:\/\/blog.carillohome.com\/?attachment_id=4415\" class=\"wp-image-4415\" srcset=\"https:\/\/blog.carillohome.com\/wp-content\/uploads\/2025\/01\/Tappeto-Bagno-Agua-Moon.jpg 600w, https:\/\/blog.carillohome.com\/wp-content\/uploads\/2025\/01\/Tappeto-Bagno-Agua-Moon-150x150.jpg 150w, https:\/\/blog.carillohome.com\/wp-content\/uploads\/2025\/01\/Tappeto-Bagno-Agua-Moon-300x300.jpg 300w, https:\/\/blog.carillohome.com\/wp-content\/uploads\/2025\/01\/Tappeto-Bagno-Agua-Moon-60x60.jpg 60w\" sizes=\"auto, (max-width: 600px) 100vw, 600px\" \/><figcaption><a href=\"https:\/\/www.carillohome.com\/it\/tappeto-bagno-agua-moon\/\" target=\"_blank\" rel=\"noreferrer noopener\" aria-label=\" (si apre in una nuova scheda)\">Tappeto Bagno Agua Moon<\/a><\/figcaption><\/figure><\/li><li class=\"blocks-gallery-item\"><figure><img loading=\"lazy\" decoding=\"async\" width=\"600\" height=\"600\" src=\"https:\/\/blog.carillohome.com\/wp-content\/uploads\/2025\/01\/Set-11-Spugna-Aida.jpg\" alt=\"Set 1+1 Spugna Aida\" data-id=\"4414\" data-link=\"https:\/\/blog.carillohome.com\/?attachment_id=4414\" class=\"wp-image-4414\" srcset=\"https:\/\/blog.carillohome.com\/wp-content\/uploads\/2025\/01\/Set-11-Spugna-Aida.jpg 600w, https:\/\/blog.carillohome.com\/wp-content\/uploads\/2025\/01\/Set-11-Spugna-Aida-150x150.jpg 150w, https:\/\/blog.carillohome.com\/wp-content\/uploads\/2025\/01\/Set-11-Spugna-Aida-300x300.jpg 300w, https:\/\/blog.carillohome.com\/wp-content\/uploads\/2025\/01\/Set-11-Spugna-Aida-60x60.jpg 60w\" sizes=\"auto, (max-width: 600px) 100vw, 600px\" \/><figcaption><a href=\"https:\/\/www.carillohome.com\/it\/set-1-1-spugna-aida\/\" target=\"_blank\" rel=\"noreferrer noopener\" aria-label=\"Set 1+1 Spugna Aida (si apre in una nuova scheda)\">Set 1+1 Spugna Aida<\/a><\/figcaption><\/figure><\/li><\/ul>\n\n\n\n<p>Aggiungi <strong>ceste intrecciate per riporre la biancheria<\/strong> e crea uno spazio ordinato e rilassante.<br><\/p>\n\n\n\n<p>Le tendenze arredamento 2025 offrono infinite possibilit\u00e0 per personalizzare la tua casa, combinando <strong>estetica, funzionalit\u00e0 e rispetto per l\u2019ambiente<\/strong>. Che tu voglia rinnovare completamente gli spazi o semplicemente aggiungere nuovi dettagli, le idee di quest\u2019anno ti permetteranno di trasformare ogni ambiente in un luogo che racconta la tua storia. Esplora la <strong>collezione di biancheria per la casa Carillo Home<\/strong> e inizia a dare forma al tuo stile unico!<\/p>\n","protected":false},"excerpt":{"rendered":"<p>Scopriamo insieme a Carillo Home le tendenze arredamento 2025 pi\u00f9 in voga per il prossimo anno e le proposte di biancheria per la casa per realizzarle.<\/p>\n","protected":false},"author":1,"featured_media":4378,"comment_status":"open","ping_status":"open","sticky":true,"template":"","format":"standard","meta":{"footnotes":""},"categories":[16],"tags":[],"class_list":["post-4375","post","type-post","status-publish","format-standard","has-post-thumbnail","hentry","category-style-pills"],"yoast_head":"<!-- This site is optimized with the Yoast SEO plugin v27.4 - https:\/\/yoast.com\/product\/yoast-seo-wordpress\/ -->\n<title>Tendenze arredamento 2025: colori naturali e vintage - Carillo Home<\/title>\n<meta name=\"description\" content=\"Scopriamo insieme a Carillo Home le tendenze arredamento 2025 pi\u00f9 in voga per il prossimo anno e le proposte di biancheria per la casa per realizzarle.\" \/>\n<meta name=\"robots\" content=\"index, follow, max-snippet:-1, max-image-preview:large, max-video-preview:-1\" \/>\n<link rel=\"canonical\" href=\"https:\/\/www.carillohome.com\/blog\/tendenze-arredamento-2025-colori-naturali-e-vintage-contemporaneo\/\" \/>\n<meta property=\"og:locale\" content=\"it_IT\" \/>\n<meta property=\"og:type\" content=\"article\" \/>\n<meta property=\"og:title\" content=\"Tendenze arredamento 2025: colori naturali e vintage - Carillo Home\" \/>\n<meta property=\"og:description\" content=\"Scopriamo insieme a Carillo Home le tendenze arredamento 2025 pi\u00f9 in voga per il prossimo anno e le proposte di biancheria per la casa per realizzarle.\" \/>\n<meta property=\"og:url\" content=\"https:\/\/www.carillohome.com\/blog\/tendenze-arredamento-2025-colori-naturali-e-vintage-contemporaneo\/\" \/>\n<meta property=\"og:site_name\" content=\"Carillo Home Blog\" \/>\n<meta property=\"article:published_time\" content=\"2025-01-09T11:40:51+00:00\" \/>\n<meta property=\"article:modified_time\" content=\"2025-01-09T11:41:43+00:00\" \/>\n<meta property=\"og:image\" content=\"https:\/\/blog.carillohome.com\/wp-content\/uploads\/2025\/01\/tendenze-arredo-2025.jpg\" \/>\n\t<meta property=\"og:image:width\" content=\"1200\" \/>\n\t<meta property=\"og:image:height\" content=\"800\" \/>\n\t<meta property=\"og:image:type\" content=\"image\/jpeg\" \/>\n<meta name=\"author\" content=\"matrixconsulting\" \/>\n<meta name=\"twitter:card\" content=\"summary_large_image\" \/>\n<meta name=\"twitter:label1\" content=\"Scritto da\" \/>\n\t<meta name=\"twitter:data1\" content=\"matrixconsulting\" \/>\n\t<meta name=\"twitter:label2\" content=\"Tempo di lettura stimato\" \/>\n\t<meta name=\"twitter:data2\" content=\"5 minuti\" \/>\n<script type=\"application\/ld+json\" class=\"yoast-schema-graph\">{\"@context\":\"https:\\\/\\\/schema.org\",\"@graph\":[{\"@type\":\"Article\",\"@id\":\"https:\\\/\\\/www.carillohome.com\\\/blog\\\/tendenze-arredamento-2025-colori-naturali-e-vintage-contemporaneo\\\/#article\",\"isPartOf\":{\"@id\":\"https:\\\/\\\/www.carillohome.com\\\/blog\\\/tendenze-arredamento-2025-colori-naturali-e-vintage-contemporaneo\\\/\"},\"author\":{\"name\":\"matrixconsulting\",\"@id\":\"https:\\\/\\\/www.carillohome.com\\\/blog\\\/#\\\/schema\\\/person\\\/f21041096f5e302d2bb374bb0a2d6fd1\"},\"headline\":\"Tendenze arredamento 2025: colori naturali e vintage contemporaneo\",\"datePublished\":\"2025-01-09T11:40:51+00:00\",\"dateModified\":\"2025-01-09T11:41:43+00:00\",\"mainEntityOfPage\":{\"@id\":\"https:\\\/\\\/www.carillohome.com\\\/blog\\\/tendenze-arredamento-2025-colori-naturali-e-vintage-contemporaneo\\\/\"},\"wordCount\":980,\"commentCount\":0,\"image\":{\"@id\":\"https:\\\/\\\/www.carillohome.com\\\/blog\\\/tendenze-arredamento-2025-colori-naturali-e-vintage-contemporaneo\\\/#primaryimage\"},\"thumbnailUrl\":\"https:\\\/\\\/blog.carillohome.com\\\/wp-content\\\/uploads\\\/2025\\\/01\\\/tendenze-arredo-2025.jpg\",\"articleSection\":[\"Style Pills\"],\"inLanguage\":\"it-IT\",\"potentialAction\":[{\"@type\":\"CommentAction\",\"name\":\"Comment\",\"target\":[\"https:\\\/\\\/www.carillohome.com\\\/blog\\\/tendenze-arredamento-2025-colori-naturali-e-vintage-contemporaneo\\\/#respond\"]}]},{\"@type\":\"WebPage\",\"@id\":\"https:\\\/\\\/www.carillohome.com\\\/blog\\\/tendenze-arredamento-2025-colori-naturali-e-vintage-contemporaneo\\\/\",\"url\":\"https:\\\/\\\/www.carillohome.com\\\/blog\\\/tendenze-arredamento-2025-colori-naturali-e-vintage-contemporaneo\\\/\",\"name\":\"Tendenze arredamento 2025: colori naturali e vintage - Carillo Home\",\"isPartOf\":{\"@id\":\"https:\\\/\\\/www.carillohome.com\\\/blog\\\/#website\"},\"primaryImageOfPage\":{\"@id\":\"https:\\\/\\\/www.carillohome.com\\\/blog\\\/tendenze-arredamento-2025-colori-naturali-e-vintage-contemporaneo\\\/#primaryimage\"},\"image\":{\"@id\":\"https:\\\/\\\/www.carillohome.com\\\/blog\\\/tendenze-arredamento-2025-colori-naturali-e-vintage-contemporaneo\\\/#primaryimage\"},\"thumbnailUrl\":\"https:\\\/\\\/blog.carillohome.com\\\/wp-content\\\/uploads\\\/2025\\\/01\\\/tendenze-arredo-2025.jpg\",\"datePublished\":\"2025-01-09T11:40:51+00:00\",\"dateModified\":\"2025-01-09T11:41:43+00:00\",\"author\":{\"@id\":\"https:\\\/\\\/www.carillohome.com\\\/blog\\\/#\\\/schema\\\/person\\\/f21041096f5e302d2bb374bb0a2d6fd1\"},\"description\":\"Scopriamo insieme a Carillo Home le tendenze arredamento 2025 pi\u00f9 in voga per il prossimo anno e le proposte di biancheria per la casa per realizzarle.\",\"breadcrumb\":{\"@id\":\"https:\\\/\\\/www.carillohome.com\\\/blog\\\/tendenze-arredamento-2025-colori-naturali-e-vintage-contemporaneo\\\/#breadcrumb\"},\"inLanguage\":\"it-IT\",\"potentialAction\":[{\"@type\":\"ReadAction\",\"target\":[\"https:\\\/\\\/www.carillohome.com\\\/blog\\\/tendenze-arredamento-2025-colori-naturali-e-vintage-contemporaneo\\\/\"]}]},{\"@type\":\"ImageObject\",\"inLanguage\":\"it-IT\",\"@id\":\"https:\\\/\\\/www.carillohome.com\\\/blog\\\/tendenze-arredamento-2025-colori-naturali-e-vintage-contemporaneo\\\/#primaryimage\",\"url\":\"https:\\\/\\\/blog.carillohome.com\\\/wp-content\\\/uploads\\\/2025\\\/01\\\/tendenze-arredo-2025.jpg\",\"contentUrl\":\"https:\\\/\\\/blog.carillohome.com\\\/wp-content\\\/uploads\\\/2025\\\/01\\\/tendenze-arredo-2025.jpg\",\"width\":1200,\"height\":800,\"caption\":\"tendenze arredo 2025\"},{\"@type\":\"BreadcrumbList\",\"@id\":\"https:\\\/\\\/www.carillohome.com\\\/blog\\\/tendenze-arredamento-2025-colori-naturali-e-vintage-contemporaneo\\\/#breadcrumb\",\"itemListElement\":[{\"@type\":\"ListItem\",\"position\":1,\"name\":\"Home\",\"item\":\"https:\\\/\\\/www.carillohome.com\\\/blog\\\/\"},{\"@type\":\"ListItem\",\"position\":2,\"name\":\"Tendenze arredamento 2025: colori naturali e vintage contemporaneo\"}]},{\"@type\":\"WebSite\",\"@id\":\"https:\\\/\\\/www.carillohome.com\\\/blog\\\/#website\",\"url\":\"https:\\\/\\\/www.carillohome.com\\\/blog\\\/\",\"name\":\"Carillo Home Blog\",\"description\":\"\",\"potentialAction\":[{\"@type\":\"SearchAction\",\"target\":{\"@type\":\"EntryPoint\",\"urlTemplate\":\"https:\\\/\\\/www.carillohome.com\\\/blog\\\/?s={search_term_string}\"},\"query-input\":{\"@type\":\"PropertyValueSpecification\",\"valueRequired\":true,\"valueName\":\"search_term_string\"}}],\"inLanguage\":\"it-IT\"},{\"@type\":\"Person\",\"@id\":\"https:\\\/\\\/www.carillohome.com\\\/blog\\\/#\\\/schema\\\/person\\\/f21041096f5e302d2bb374bb0a2d6fd1\",\"name\":\"matrixconsulting\",\"image\":{\"@type\":\"ImageObject\",\"inLanguage\":\"it-IT\",\"@id\":\"https:\\\/\\\/secure.gravatar.com\\\/avatar\\\/f49d301130b38e3c7fd149b9ccada20ea06e5ed1efc366e565f7a4f1ae209b6a?s=96&d=mm&r=g\",\"url\":\"https:\\\/\\\/secure.gravatar.com\\\/avatar\\\/f49d301130b38e3c7fd149b9ccada20ea06e5ed1efc366e565f7a4f1ae209b6a?s=96&d=mm&r=g\",\"contentUrl\":\"https:\\\/\\\/secure.gravatar.com\\\/avatar\\\/f49d301130b38e3c7fd149b9ccada20ea06e5ed1efc366e565f7a4f1ae209b6a?s=96&d=mm&r=g\",\"caption\":\"matrixconsulting\"}}]}<\/script>\n<!-- \/ Yoast SEO plugin. -->","yoast_head_json":{"title":"Tendenze arredamento 2025: colori naturali e vintage - Carillo Home","description":"Scopriamo insieme a Carillo Home le tendenze arredamento 2025 pi\u00f9 in voga per il prossimo anno e le proposte di biancheria per la casa per realizzarle.","robots":{"index":"index","follow":"follow","max-snippet":"max-snippet:-1","max-image-preview":"max-image-preview:large","max-video-preview":"max-video-preview:-1"},"canonical":"https:\/\/www.carillohome.com\/blog\/tendenze-arredamento-2025-colori-naturali-e-vintage-contemporaneo\/","og_locale":"it_IT","og_type":"article","og_title":"Tendenze arredamento 2025: colori naturali e vintage - Carillo Home","og_description":"Scopriamo insieme a Carillo Home le tendenze arredamento 2025 pi\u00f9 in voga per il prossimo anno e le proposte di biancheria per la casa per realizzarle.","og_url":"https:\/\/www.carillohome.com\/blog\/tendenze-arredamento-2025-colori-naturali-e-vintage-contemporaneo\/","og_site_name":"Carillo Home Blog","article_published_time":"2025-01-09T11:40:51+00:00","article_modified_time":"2025-01-09T11:41:43+00:00","og_image":[{"width":1200,"height":800,"url":"https:\/\/blog.carillohome.com\/wp-content\/uploads\/2025\/01\/tendenze-arredo-2025.jpg","type":"image\/jpeg"}],"author":"matrixconsulting","twitter_card":"summary_large_image","twitter_misc":{"Scritto da":"matrixconsulting","Tempo di lettura stimato":"5 minuti"},"schema":{"@context":"https:\/\/schema.org","@graph":[{"@type":"Article","@id":"https:\/\/www.carillohome.com\/blog\/tendenze-arredamento-2025-colori-naturali-e-vintage-contemporaneo\/#article","isPartOf":{"@id":"https:\/\/www.carillohome.com\/blog\/tendenze-arredamento-2025-colori-naturali-e-vintage-contemporaneo\/"},"author":{"name":"matrixconsulting","@id":"https:\/\/www.carillohome.com\/blog\/#\/schema\/person\/f21041096f5e302d2bb374bb0a2d6fd1"},"headline":"Tendenze arredamento 2025: colori naturali e vintage contemporaneo","datePublished":"2025-01-09T11:40:51+00:00","dateModified":"2025-01-09T11:41:43+00:00","mainEntityOfPage":{"@id":"https:\/\/www.carillohome.com\/blog\/tendenze-arredamento-2025-colori-naturali-e-vintage-contemporaneo\/"},"wordCount":980,"commentCount":0,"image":{"@id":"https:\/\/www.carillohome.com\/blog\/tendenze-arredamento-2025-colori-naturali-e-vintage-contemporaneo\/#primaryimage"},"thumbnailUrl":"https:\/\/blog.carillohome.com\/wp-content\/uploads\/2025\/01\/tendenze-arredo-2025.jpg","articleSection":["Style Pills"],"inLanguage":"it-IT","potentialAction":[{"@type":"CommentAction","name":"Comment","target":["https:\/\/www.carillohome.com\/blog\/tendenze-arredamento-2025-colori-naturali-e-vintage-contemporaneo\/#respond"]}]},{"@type":"WebPage","@id":"https:\/\/www.carillohome.com\/blog\/tendenze-arredamento-2025-colori-naturali-e-vintage-contemporaneo\/","url":"https:\/\/www.carillohome.com\/blog\/tendenze-arredamento-2025-colori-naturali-e-vintage-contemporaneo\/","name":"Tendenze arredamento 2025: colori naturali e vintage - Carillo Home","isPartOf":{"@id":"https:\/\/www.carillohome.com\/blog\/#website"},"primaryImageOfPage":{"@id":"https:\/\/www.carillohome.com\/blog\/tendenze-arredamento-2025-colori-naturali-e-vintage-contemporaneo\/#primaryimage"},"image":{"@id":"https:\/\/www.carillohome.com\/blog\/tendenze-arredamento-2025-colori-naturali-e-vintage-contemporaneo\/#primaryimage"},"thumbnailUrl":"https:\/\/blog.carillohome.com\/wp-content\/uploads\/2025\/01\/tendenze-arredo-2025.jpg","datePublished":"2025-01-09T11:40:51+00:00","dateModified":"2025-01-09T11:41:43+00:00","author":{"@id":"https:\/\/www.carillohome.com\/blog\/#\/schema\/person\/f21041096f5e302d2bb374bb0a2d6fd1"},"description":"Scopriamo insieme a Carillo Home le tendenze arredamento 2025 pi\u00f9 in voga per il prossimo anno e le proposte di biancheria per la casa per realizzarle.","breadcrumb":{"@id":"https:\/\/www.carillohome.com\/blog\/tendenze-arredamento-2025-colori-naturali-e-vintage-contemporaneo\/#breadcrumb"},"inLanguage":"it-IT","potentialAction":[{"@type":"ReadAction","target":["https:\/\/www.carillohome.com\/blog\/tendenze-arredamento-2025-colori-naturali-e-vintage-contemporaneo\/"]}]},{"@type":"ImageObject","inLanguage":"it-IT","@id":"https:\/\/www.carillohome.com\/blog\/tendenze-arredamento-2025-colori-naturali-e-vintage-contemporaneo\/#primaryimage","url":"https:\/\/blog.carillohome.com\/wp-content\/uploads\/2025\/01\/tendenze-arredo-2025.jpg","contentUrl":"https:\/\/blog.carillohome.com\/wp-content\/uploads\/2025\/01\/tendenze-arredo-2025.jpg","width":1200,"height":800,"caption":"tendenze arredo 2025"},{"@type":"BreadcrumbList","@id":"https:\/\/www.carillohome.com\/blog\/tendenze-arredamento-2025-colori-naturali-e-vintage-contemporaneo\/#breadcrumb","itemListElement":[{"@type":"ListItem","position":1,"name":"Home","item":"https:\/\/www.carillohome.com\/blog\/"},{"@type":"ListItem","position":2,"name":"Tendenze arredamento 2025: colori naturali e vintage contemporaneo"}]},{"@type":"WebSite","@id":"https:\/\/www.carillohome.com\/blog\/#website","url":"https:\/\/www.carillohome.com\/blog\/","name":"Carillo Home Blog","description":"","potentialAction":[{"@type":"SearchAction","target":{"@type":"EntryPoint","urlTemplate":"https:\/\/www.carillohome.com\/blog\/?s={search_term_string}"},"query-input":{"@type":"PropertyValueSpecification","valueRequired":true,"valueName":"search_term_string"}}],"inLanguage":"it-IT"},{"@type":"Person","@id":"https:\/\/www.carillohome.com\/blog\/#\/schema\/person\/f21041096f5e302d2bb374bb0a2d6fd1","name":"matrixconsulting","image":{"@type":"ImageObject","inLanguage":"it-IT","@id":"https:\/\/secure.gravatar.com\/avatar\/f49d301130b38e3c7fd149b9ccada20ea06e5ed1efc366e565f7a4f1ae209b6a?s=96&d=mm&r=g","url":"https:\/\/secure.gravatar.com\/avatar\/f49d301130b38e3c7fd149b9ccada20ea06e5ed1efc366e565f7a4f1ae209b6a?s=96&d=mm&r=g","contentUrl":"https:\/\/secure.gravatar.com\/avatar\/f49d301130b38e3c7fd149b9ccada20ea06e5ed1efc366e565f7a4f1ae209b6a?s=96&d=mm&r=g","caption":"matrixconsulting"}}]}},"_links":{"self":[{"href":"https:\/\/www.carillohome.com\/blog\/wp-json\/wp\/v2\/posts\/4375","targetHints":{"allow":["GET"]}}],"collection":[{"href":"https:\/\/www.carillohome.com\/blog\/wp-json\/wp\/v2\/posts"}],"about":[{"href":"https:\/\/www.carillohome.com\/blog\/wp-json\/wp\/v2\/types\/post"}],"author":[{"embeddable":true,"href":"https:\/\/www.carillohome.com\/blog\/wp-json\/wp\/v2\/users\/1"}],"replies":[{"embeddable":true,"href":"https:\/\/www.carillohome.com\/blog\/wp-json\/wp\/v2\/comments?post=4375"}],"version-history":[{"count":0,"href":"https:\/\/www.carillohome.com\/blog\/wp-json\/wp\/v2\/posts\/4375\/revisions"}],"wp:featuredmedia":[{"embeddable":true,"href":"https:\/\/www.carillohome.com\/blog\/wp-json\/wp\/v2\/media\/4378"}],"wp:attachment":[{"href":"https:\/\/www.carillohome.com\/blog\/wp-json\/wp\/v2\/media?parent=4375"}],"wp:term":[{"taxonomy":"category","embeddable":true,"href":"https:\/\/www.carillohome.com\/blog\/wp-json\/wp\/v2\/categories?post=4375"},{"taxonomy":"post_tag","embeddable":true,"href":"https:\/\/www.carillohome.com\/blog\/wp-json\/wp\/v2\/tags?post=4375"}],"curies":[{"name":"wp","href":"https:\/\/api.w.org\/{rel}","templated":true}]}}