{"id":3189,"date":"2023-06-22T15:23:38","date_gmt":"2023-06-22T13:23:38","guid":{"rendered":"https:\/\/blog.carillohome.com\/?p=3189"},"modified":"2024-07-30T12:17:16","modified_gmt":"2024-07-30T10:17:16","slug":"federe-per-cuscini-seta-un-tocco-di-eleganza-e-benessere","status":"publish","type":"post","link":"https:\/\/www.carillohome.com\/blog\/federe-per-cuscini-seta-un-tocco-di-eleganza-e-benessere\/","title":{"rendered":"Federe per cuscini seta: un tocco di eleganza e benessere"},"content":{"rendered":"<p><img loading=\"lazy\" decoding=\"async\" class=\"alignnone wp-image-3193 size-full\" title=\"federe in seta\" src=\"https:\/\/blog.carillohome.com\/wp-content\/uploads\/2023\/06\/federe-in-seta.jpg\" alt=\"federe in seta\" width=\"1200\" height=\"800\" srcset=\"https:\/\/blog.carillohome.com\/wp-content\/uploads\/2023\/06\/federe-in-seta.jpg 1200w, https:\/\/blog.carillohome.com\/wp-content\/uploads\/2023\/06\/federe-in-seta-300x200.jpg 300w, https:\/\/blog.carillohome.com\/wp-content\/uploads\/2023\/06\/federe-in-seta-768x512.jpg 768w, https:\/\/blog.carillohome.com\/wp-content\/uploads\/2023\/06\/federe-in-seta-1024x683.jpg 1024w, https:\/\/blog.carillohome.com\/wp-content\/uploads\/2023\/06\/federe-in-seta-600x400.jpg 600w\" sizes=\"auto, (max-width: 1200px) 100vw, 1200px\" \/><\/p>\n<p>Un vezzo da diva divenuto un vero e proprio must have per chiunque desideri coniugare lo stile con il benessere in camera da letto: stiamo parlando delle <strong>federe in seta<\/strong>, un elemento di biancheria per la casa dalle notevoli propriet\u00e0.<\/p>\n<p>I segreti di bellezza di questo tessuto non si limitano all\u2019impatto estetico: oltre ad essere bellissima la seta regala un\u2019esperienza di relax e di <strong>cura a corpo e capelli<\/strong> che andrebbe scelta per coniugare il comfort alla ricercatezza nella personalizzazione della nostra camera da letto.<\/p>\n<p>Insieme a <a href=\"https:\/\/www.carillohome.com\/it\/\" target=\"_blank\" rel=\"noopener noreferrer\">Carillo Home<\/a> scopriamo i benefici delle federe per cuscini in seta e scegliamo le tipologie di <strong>copri cuscini in seta<\/strong> pi\u00f9 adatti al nostro stile e alle nostre esigenze!<\/p>\n\n<h2 class=\"western\">Benefici delle federe in pura seta<\/h2>\n<p>La seta \u00e8 un tessuto pregiato dalle numerose propriet\u00e0 benefiche. Prima di tutto si tratta di un <strong>materiale ipoallergenico<\/strong>: da preferire nel caso si vogliano tenere lontani dalla propria <a href=\"https:\/\/www.carillohome.com\/it\/biancheria-da-letto\/\" target=\"_blank\" rel=\"noopener noreferrer\">biancheria da letto<\/a> gli acari della polvere, le muffe e altri allergeni presenti in casa ma che non riusciamo a vedere a occhio nudo. La seta riesce anche ad agire come tessuto termoregolatore: questo rappresenta un indubbio vantaggio nelle notti pi\u00f9 afose, quando si cerca un cuscino che sia pi\u00f9 fresco del caldo che si percepisce all\u2019interno della camera. La riduzione della sudorazione notturna incide sulla produzione di sebo, che risulter\u00e0 quindi inferiore.<\/p>\n<p>Le <strong>proteine di sericina<\/strong> vanno a comporre le fibre naturali di questo tessuto estremamente raffinate: queste proteine hanno funzioni di rivestimento, collante e protezione e presentano propriet\u00e0 idratanti e antiossidanti.<\/p>\n<p>Le federe in seta, dunque, rappresentano una vera e propria coccola per la pelle: la seta non disidrata o irrita e non assorbe i prodotti utilizzati per la skincare routine notturna che vengono applicati prima di andare a dormire. Tra i benefici della seta va aggiunto quello di un\u2019azione antiage: utilizzando i cuscini con federa di seta si ritarda la comparsa di rughe tipiche della fase di invecchiamento della pelle. I <strong>copri cuscini in seta <\/strong>sono chiamati anche <strong>\u201cfedere antirughe\u201d<\/strong> proprio per la capacit\u00e0 di conservare l\u2019umidit\u00e0 naturale della pelle, lasciandola idratata e riducendo l\u2019attrito cutaneo e lo sfregamento che causa i segni e le linee sulla pelle prima del tempo.<\/p>\n<p>Tutte queste caratteristiche rendono le federe in seta ottime anche per i <strong>cuscini divano<\/strong>, un\u2019ulteriore carezza per la pelle di cui godere anche nei momenti di relax in famiglia o con gli amici.<\/p>\n<p><img loading=\"lazy\" decoding=\"async\" class=\"alignnone wp-image-3191 size-full\" title=\"dormire su federa di seta\" src=\"https:\/\/blog.carillohome.com\/wp-content\/uploads\/2023\/06\/dormire-su-federa-di-seta.jpg\" alt=\"dormire su federa di seta\" width=\"945\" height=\"630\" srcset=\"https:\/\/blog.carillohome.com\/wp-content\/uploads\/2023\/06\/dormire-su-federa-di-seta.jpg 945w, https:\/\/blog.carillohome.com\/wp-content\/uploads\/2023\/06\/dormire-su-federa-di-seta-300x200.jpg 300w, https:\/\/blog.carillohome.com\/wp-content\/uploads\/2023\/06\/dormire-su-federa-di-seta-768x512.jpg 768w, https:\/\/blog.carillohome.com\/wp-content\/uploads\/2023\/06\/dormire-su-federa-di-seta-600x400.jpg 600w\" sizes=\"auto, (max-width: 945px) 100vw, 945px\" \/><\/p>\n<h2 class=\"western\">Le federe in seta sono una buona scelta per i capelli<\/h2>\n<p>Sono rinomati i benefici che le <strong>federe per cuscini letto in seta<\/strong> apportano ai nostri capelli: questo tessuto aiuta a ridurre al minimo l\u2019attrito e la disidratazione della chioma. Grazie alla particolare struttura del tessuto il fusto del capello non si rompe e la chioma appare decisamente pi\u00f9 folta, si formano meno nodi e i capelli sono pi\u00f9 morbidi al tatto.<\/p>\n<p>Ogni notte, mentre dormiamo, ci muoviamo spesso con la testa e la frizione della chioma sul cuscino tende a indebolire e spezzare i capelli. Nel tempo i capelli diventano pi\u00f9 fragili e pi\u00f9 crespi: per questo <strong>motivo la scelta della federa in seta \u00e8 ideale per chi ha i capelli ricci<\/strong>. Con questo piccolo accorgimento ci sveglieremo al mattino senza la classica sensazione di avere i capelli completamente annodati. La seta \u00e8 molto traspirante, una propriet\u00e0 fondamentale per i capelli: conservando una temperatura costante, si limita la sudorazione della chioma e quindi la produzione di sebo sul cuoio capelluto.<\/p>\n<p><img loading=\"lazy\" decoding=\"async\" class=\"alignnone wp-image-3192 size-full\" title=\"federa di seta\" src=\"https:\/\/blog.carillohome.com\/wp-content\/uploads\/2023\/06\/federa-di-seta.jpg\" alt=\"federa di seta\" width=\"945\" height=\"630\" srcset=\"https:\/\/blog.carillohome.com\/wp-content\/uploads\/2023\/06\/federa-di-seta.jpg 945w, https:\/\/blog.carillohome.com\/wp-content\/uploads\/2023\/06\/federa-di-seta-300x200.jpg 300w, https:\/\/blog.carillohome.com\/wp-content\/uploads\/2023\/06\/federa-di-seta-768x512.jpg 768w, https:\/\/blog.carillohome.com\/wp-content\/uploads\/2023\/06\/federa-di-seta-600x400.jpg 600w\" sizes=\"auto, (max-width: 945px) 100vw, 945px\" \/><\/p>\n<h2 class=\"western\">Cosa sono le federe in seta di gelso<\/h2>\n<p>Le federe in seta di gelso \u00e8 creata dai <strong>bachi da seta che si nutrono di foglie di gelso<\/strong>. I bachi filano nei loro bozzoli le fibre di seta che vengono poi utilizzate per realizzare filati con cui creare federe in seta di gelso. Un tessuto morbido e resistente, consigliato vivamente a chi intende arredare la camera da letto con biancheria di alta qualit\u00e0 e con evidenti propriet\u00e0 benefiche.<\/p>\n<h2 class=\"western\">Federe per cuscino: meglio il raso o la seta<\/h2>\n<p>Per comprendere bene la differenza tra raso e seta c\u2019\u00e8 bisogno di fare una precisazione preliminare: la seta \u00e8 un tessuto prodotto dal baco da seta naturalmente, mentre <strong>il raso \u00e8 una trama di tessuto<\/strong>, che si pu\u00f2 ottenere anche artificialmente.<\/p>\n<p>Ogni fibra di seta \u00e8 prodotta da 3-5 dei filamenti di seta prodotti da ogni baco che vengono successivamente filati insieme per produrre il tessuto di seta. Il raso si ottiene, invece, <strong>come finitura satinata di un filato<\/strong>, che sia cotone o che si tratti di tessuto artificiale prodotto da polimeri.<\/p>\n<p>Sia le federe di raso che quelle di seta, permettendo la riduzione dell\u2019attrito, <strong>apportano benefici a pelle e capelli<\/strong>, ma le federe in seta naturale contengono anche proteine che forniscono ulteriori vantaggi.<\/p>\n<p><a href=\"https:\/\/www.carillohome.com\/it\/federe-in-seta-royal\/#\/9-colore-avorio\" target=\"_blank\" rel=\"noopener noreferrer\"><img loading=\"lazy\" decoding=\"async\" class=\"alignnone wp-image-3190 size-full\" title=\"banner federe in seta\" src=\"https:\/\/blog.carillohome.com\/wp-content\/uploads\/2023\/06\/banner-federe-in-seta.jpg\" alt=\"banner federe in seta\" width=\"945\" height=\"315\" srcset=\"https:\/\/blog.carillohome.com\/wp-content\/uploads\/2023\/06\/banner-federe-in-seta.jpg 945w, https:\/\/blog.carillohome.com\/wp-content\/uploads\/2023\/06\/banner-federe-in-seta-300x100.jpg 300w, https:\/\/blog.carillohome.com\/wp-content\/uploads\/2023\/06\/banner-federe-in-seta-768x256.jpg 768w, https:\/\/blog.carillohome.com\/wp-content\/uploads\/2023\/06\/banner-federe-in-seta-600x200.jpg 600w\" sizes=\"auto, (max-width: 945px) 100vw, 945px\" \/><\/a><\/p>\n<h2 class=\"western\">Come scegliere le migliori federe in seta<\/h2>\n<p>La scelta delle migliori federe in seta \u00e8 simile a quella effettuata per selezionare i <a href=\"https:\/\/www.carillohome.com\/it\/biancheria-da-letto\/completi-letto\/\" target=\"_blank\" rel=\"noopener noreferrer\">completi letto<\/a> in cotone pi\u00f9 pregiato. La differenza consiste nel tipo di caratteristica da valutare: quando acquistiamo biancheria in cotone andiamo a controllare il <a href=\"https:\/\/www.carillohome.com\/blog\/tipi-di-cotone-scelta-tra-cotone-raso-percalle-e-rasatello\/\" target=\"_blank\" rel=\"noopener noreferrer\">numero di fili del cotone<\/a>, mentre nel caso della seta dobbiamo controllare il numero di momme.<\/p>\n<p><strong>Cosa sono le momme della seta?<\/strong> Il numero di momme indica la densit\u00e0 del tessuto e ne indica la qualit\u00e0. Le migliori federe in seta hanno dalle 19 alle 22 momme: un numero di momme pi\u00f9 alto indica un tessuto troppo pesante e poco delicato; un numero pi\u00f9 basso di momme indica un tessuto troppo delicato e poco resistente.<\/p>\n<p>La scelta pu\u00f2 ricadere, quindi, su un <a href=\"https:\/\/www.carillohome.com\/it\/biancheria-da-letto\/federe-e-lenzuola\/\" target=\"_blank\" rel=\"noopener noreferrer\">set di federe<\/a> che comprendono tutte le varie <strong>dimensioni dei cuscini<\/strong> presenti nella nostra casa: dai pi\u00f9 piccoli e quadrati, 40x40cm o 45x45cm, ai pi\u00f9 grandi e rettangolari, i <a href=\"https:\/\/www.carillohome.com\/blog\/come-scegliere-gli-accessori-letto-per-un-giusto-riposo\/\" target=\"_blank\" rel=\"noopener noreferrer\">guanciali classicamente utilizzati per la biancheria da letto<\/a>, che misurano 52x82cm.<\/p>\n<p>Per la scelta di <strong>federe in pura seta<\/strong> di alta qualit\u00e0 affidati a Carillo Home e alle <a href=\"https:\/\/www.carillohome.com\/it\/federe-in-seta-royal\/#\/9-colore-avorio\" target=\"_blank\" rel=\"noopener noreferrer\">federe di seta Made In Italy<\/a> perfette per il tuo riposo, per il tuo stile e per il tuo benessere!<\/p>\n","protected":false},"excerpt":{"rendered":"<p>Un vezzo da diva divenuto un vero e proprio must have per chiunque desideri coniugare lo stile con il benessere in camera da letto: stiamo parlando delle federe in seta, un elemento di biancheria per la casa dalle notevoli propriet\u00e0. I segreti di bellezza di questo tessuto non si limitano all\u2019impatto estetico: oltre ad essere&#8230;<\/p>\n","protected":false},"author":1,"featured_media":3193,"comment_status":"closed","ping_status":"closed","sticky":true,"template":"","format":"standard","meta":{"footnotes":""},"categories":[16],"tags":[],"class_list":["post-3189","post","type-post","status-publish","format-standard","has-post-thumbnail","hentry","category-style-pills"],"yoast_head":"<!-- This site is optimized with the Yoast SEO plugin v27.4 - https:\/\/yoast.com\/product\/yoast-seo-wordpress\/ -->\n<title>Federe per cuscini seta: un tocco di eleganza e benessere- Carillo Home<\/title>\n<meta name=\"description\" content=\"Insieme a Carillo Home scopriamo i benefici delle federe per cuscini in seta e scegliamo le tipologie di copri cuscini in seta pi\u00f9 adatti!\" \/>\n<meta name=\"robots\" content=\"index, follow, max-snippet:-1, max-image-preview:large, max-video-preview:-1\" \/>\n<link rel=\"canonical\" href=\"https:\/\/www.carillohome.com\/blog\/federe-per-cuscini-seta-un-tocco-di-eleganza-e-benessere\/\" \/>\n<meta property=\"og:locale\" content=\"it_IT\" \/>\n<meta property=\"og:type\" content=\"article\" \/>\n<meta property=\"og:title\" content=\"Federe per cuscini seta: un tocco di eleganza e benessere- Carillo Home\" \/>\n<meta property=\"og:description\" content=\"Insieme a Carillo Home scopriamo i benefici delle federe per cuscini in seta e scegliamo le tipologie di copri cuscini in seta pi\u00f9 adatti!\" \/>\n<meta property=\"og:url\" content=\"https:\/\/www.carillohome.com\/blog\/federe-per-cuscini-seta-un-tocco-di-eleganza-e-benessere\/\" \/>\n<meta property=\"og:site_name\" content=\"Carillo Home Blog\" \/>\n<meta property=\"article:published_time\" content=\"2023-06-22T13:23:38+00:00\" \/>\n<meta property=\"article:modified_time\" content=\"2024-07-30T10:17:16+00:00\" \/>\n<meta property=\"og:image\" content=\"https:\/\/blog.carillohome.com\/wp-content\/uploads\/2023\/06\/federe-in-seta.jpg\" \/>\n\t<meta property=\"og:image:width\" content=\"1200\" \/>\n\t<meta property=\"og:image:height\" content=\"800\" \/>\n\t<meta property=\"og:image:type\" content=\"image\/jpeg\" \/>\n<meta name=\"author\" content=\"matrixconsulting\" \/>\n<meta name=\"twitter:card\" content=\"summary_large_image\" \/>\n<meta name=\"twitter:label1\" content=\"Scritto da\" \/>\n\t<meta name=\"twitter:data1\" content=\"matrixconsulting\" \/>\n\t<meta name=\"twitter:label2\" content=\"Tempo di lettura stimato\" \/>\n\t<meta name=\"twitter:data2\" content=\"5 minuti\" \/>\n<script type=\"application\/ld+json\" class=\"yoast-schema-graph\">{\"@context\":\"https:\\\/\\\/schema.org\",\"@graph\":[{\"@type\":\"Article\",\"@id\":\"https:\\\/\\\/www.carillohome.com\\\/blog\\\/federe-per-cuscini-seta-un-tocco-di-eleganza-e-benessere\\\/#article\",\"isPartOf\":{\"@id\":\"https:\\\/\\\/www.carillohome.com\\\/blog\\\/federe-per-cuscini-seta-un-tocco-di-eleganza-e-benessere\\\/\"},\"author\":{\"name\":\"matrixconsulting\",\"@id\":\"https:\\\/\\\/www.carillohome.com\\\/blog\\\/#\\\/schema\\\/person\\\/f21041096f5e302d2bb374bb0a2d6fd1\"},\"headline\":\"Federe per cuscini seta: un tocco di eleganza e benessere\",\"datePublished\":\"2023-06-22T13:23:38+00:00\",\"dateModified\":\"2024-07-30T10:17:16+00:00\",\"mainEntityOfPage\":{\"@id\":\"https:\\\/\\\/www.carillohome.com\\\/blog\\\/federe-per-cuscini-seta-un-tocco-di-eleganza-e-benessere\\\/\"},\"wordCount\":997,\"image\":{\"@id\":\"https:\\\/\\\/www.carillohome.com\\\/blog\\\/federe-per-cuscini-seta-un-tocco-di-eleganza-e-benessere\\\/#primaryimage\"},\"thumbnailUrl\":\"https:\\\/\\\/blog.carillohome.com\\\/wp-content\\\/uploads\\\/2023\\\/06\\\/federe-in-seta.jpg\",\"articleSection\":[\"Style Pills\"],\"inLanguage\":\"it-IT\"},{\"@type\":\"WebPage\",\"@id\":\"https:\\\/\\\/www.carillohome.com\\\/blog\\\/federe-per-cuscini-seta-un-tocco-di-eleganza-e-benessere\\\/\",\"url\":\"https:\\\/\\\/www.carillohome.com\\\/blog\\\/federe-per-cuscini-seta-un-tocco-di-eleganza-e-benessere\\\/\",\"name\":\"Federe per cuscini seta: un tocco di eleganza e benessere- Carillo Home\",\"isPartOf\":{\"@id\":\"https:\\\/\\\/www.carillohome.com\\\/blog\\\/#website\"},\"primaryImageOfPage\":{\"@id\":\"https:\\\/\\\/www.carillohome.com\\\/blog\\\/federe-per-cuscini-seta-un-tocco-di-eleganza-e-benessere\\\/#primaryimage\"},\"image\":{\"@id\":\"https:\\\/\\\/www.carillohome.com\\\/blog\\\/federe-per-cuscini-seta-un-tocco-di-eleganza-e-benessere\\\/#primaryimage\"},\"thumbnailUrl\":\"https:\\\/\\\/blog.carillohome.com\\\/wp-content\\\/uploads\\\/2023\\\/06\\\/federe-in-seta.jpg\",\"datePublished\":\"2023-06-22T13:23:38+00:00\",\"dateModified\":\"2024-07-30T10:17:16+00:00\",\"author\":{\"@id\":\"https:\\\/\\\/www.carillohome.com\\\/blog\\\/#\\\/schema\\\/person\\\/f21041096f5e302d2bb374bb0a2d6fd1\"},\"description\":\"Insieme a Carillo Home scopriamo i benefici delle federe per cuscini in seta e scegliamo le tipologie di copri cuscini in seta pi\u00f9 adatti!\",\"breadcrumb\":{\"@id\":\"https:\\\/\\\/www.carillohome.com\\\/blog\\\/federe-per-cuscini-seta-un-tocco-di-eleganza-e-benessere\\\/#breadcrumb\"},\"inLanguage\":\"it-IT\",\"potentialAction\":[{\"@type\":\"ReadAction\",\"target\":[\"https:\\\/\\\/www.carillohome.com\\\/blog\\\/federe-per-cuscini-seta-un-tocco-di-eleganza-e-benessere\\\/\"]}]},{\"@type\":\"ImageObject\",\"inLanguage\":\"it-IT\",\"@id\":\"https:\\\/\\\/www.carillohome.com\\\/blog\\\/federe-per-cuscini-seta-un-tocco-di-eleganza-e-benessere\\\/#primaryimage\",\"url\":\"https:\\\/\\\/blog.carillohome.com\\\/wp-content\\\/uploads\\\/2023\\\/06\\\/federe-in-seta.jpg\",\"contentUrl\":\"https:\\\/\\\/blog.carillohome.com\\\/wp-content\\\/uploads\\\/2023\\\/06\\\/federe-in-seta.jpg\",\"width\":1200,\"height\":800,\"caption\":\"federe in seta\"},{\"@type\":\"BreadcrumbList\",\"@id\":\"https:\\\/\\\/www.carillohome.com\\\/blog\\\/federe-per-cuscini-seta-un-tocco-di-eleganza-e-benessere\\\/#breadcrumb\",\"itemListElement\":[{\"@type\":\"ListItem\",\"position\":1,\"name\":\"Home\",\"item\":\"https:\\\/\\\/www.carillohome.com\\\/blog\\\/\"},{\"@type\":\"ListItem\",\"position\":2,\"name\":\"Federe per cuscini seta: un tocco di eleganza e benessere\"}]},{\"@type\":\"WebSite\",\"@id\":\"https:\\\/\\\/www.carillohome.com\\\/blog\\\/#website\",\"url\":\"https:\\\/\\\/www.carillohome.com\\\/blog\\\/\",\"name\":\"Carillo Home Blog\",\"description\":\"\",\"potentialAction\":[{\"@type\":\"SearchAction\",\"target\":{\"@type\":\"EntryPoint\",\"urlTemplate\":\"https:\\\/\\\/www.carillohome.com\\\/blog\\\/?s={search_term_string}\"},\"query-input\":{\"@type\":\"PropertyValueSpecification\",\"valueRequired\":true,\"valueName\":\"search_term_string\"}}],\"inLanguage\":\"it-IT\"},{\"@type\":\"Person\",\"@id\":\"https:\\\/\\\/www.carillohome.com\\\/blog\\\/#\\\/schema\\\/person\\\/f21041096f5e302d2bb374bb0a2d6fd1\",\"name\":\"matrixconsulting\",\"image\":{\"@type\":\"ImageObject\",\"inLanguage\":\"it-IT\",\"@id\":\"https:\\\/\\\/secure.gravatar.com\\\/avatar\\\/f49d301130b38e3c7fd149b9ccada20ea06e5ed1efc366e565f7a4f1ae209b6a?s=96&d=mm&r=g\",\"url\":\"https:\\\/\\\/secure.gravatar.com\\\/avatar\\\/f49d301130b38e3c7fd149b9ccada20ea06e5ed1efc366e565f7a4f1ae209b6a?s=96&d=mm&r=g\",\"contentUrl\":\"https:\\\/\\\/secure.gravatar.com\\\/avatar\\\/f49d301130b38e3c7fd149b9ccada20ea06e5ed1efc366e565f7a4f1ae209b6a?s=96&d=mm&r=g\",\"caption\":\"matrixconsulting\"}}]}<\/script>\n<!-- \/ Yoast SEO plugin. -->","yoast_head_json":{"title":"Federe per cuscini seta: un tocco di eleganza e benessere- Carillo Home","description":"Insieme a Carillo Home scopriamo i benefici delle federe per cuscini in seta e scegliamo le tipologie di copri cuscini in seta pi\u00f9 adatti!","robots":{"index":"index","follow":"follow","max-snippet":"max-snippet:-1","max-image-preview":"max-image-preview:large","max-video-preview":"max-video-preview:-1"},"canonical":"https:\/\/www.carillohome.com\/blog\/federe-per-cuscini-seta-un-tocco-di-eleganza-e-benessere\/","og_locale":"it_IT","og_type":"article","og_title":"Federe per cuscini seta: un tocco di eleganza e benessere- Carillo Home","og_description":"Insieme a Carillo Home scopriamo i benefici delle federe per cuscini in seta e scegliamo le tipologie di copri cuscini in seta pi\u00f9 adatti!","og_url":"https:\/\/www.carillohome.com\/blog\/federe-per-cuscini-seta-un-tocco-di-eleganza-e-benessere\/","og_site_name":"Carillo Home Blog","article_published_time":"2023-06-22T13:23:38+00:00","article_modified_time":"2024-07-30T10:17:16+00:00","og_image":[{"width":1200,"height":800,"url":"https:\/\/blog.carillohome.com\/wp-content\/uploads\/2023\/06\/federe-in-seta.jpg","type":"image\/jpeg"}],"author":"matrixconsulting","twitter_card":"summary_large_image","twitter_misc":{"Scritto da":"matrixconsulting","Tempo di lettura stimato":"5 minuti"},"schema":{"@context":"https:\/\/schema.org","@graph":[{"@type":"Article","@id":"https:\/\/www.carillohome.com\/blog\/federe-per-cuscini-seta-un-tocco-di-eleganza-e-benessere\/#article","isPartOf":{"@id":"https:\/\/www.carillohome.com\/blog\/federe-per-cuscini-seta-un-tocco-di-eleganza-e-benessere\/"},"author":{"name":"matrixconsulting","@id":"https:\/\/www.carillohome.com\/blog\/#\/schema\/person\/f21041096f5e302d2bb374bb0a2d6fd1"},"headline":"Federe per cuscini seta: un tocco di eleganza e benessere","datePublished":"2023-06-22T13:23:38+00:00","dateModified":"2024-07-30T10:17:16+00:00","mainEntityOfPage":{"@id":"https:\/\/www.carillohome.com\/blog\/federe-per-cuscini-seta-un-tocco-di-eleganza-e-benessere\/"},"wordCount":997,"image":{"@id":"https:\/\/www.carillohome.com\/blog\/federe-per-cuscini-seta-un-tocco-di-eleganza-e-benessere\/#primaryimage"},"thumbnailUrl":"https:\/\/blog.carillohome.com\/wp-content\/uploads\/2023\/06\/federe-in-seta.jpg","articleSection":["Style Pills"],"inLanguage":"it-IT"},{"@type":"WebPage","@id":"https:\/\/www.carillohome.com\/blog\/federe-per-cuscini-seta-un-tocco-di-eleganza-e-benessere\/","url":"https:\/\/www.carillohome.com\/blog\/federe-per-cuscini-seta-un-tocco-di-eleganza-e-benessere\/","name":"Federe per cuscini seta: un tocco di eleganza e benessere- Carillo Home","isPartOf":{"@id":"https:\/\/www.carillohome.com\/blog\/#website"},"primaryImageOfPage":{"@id":"https:\/\/www.carillohome.com\/blog\/federe-per-cuscini-seta-un-tocco-di-eleganza-e-benessere\/#primaryimage"},"image":{"@id":"https:\/\/www.carillohome.com\/blog\/federe-per-cuscini-seta-un-tocco-di-eleganza-e-benessere\/#primaryimage"},"thumbnailUrl":"https:\/\/blog.carillohome.com\/wp-content\/uploads\/2023\/06\/federe-in-seta.jpg","datePublished":"2023-06-22T13:23:38+00:00","dateModified":"2024-07-30T10:17:16+00:00","author":{"@id":"https:\/\/www.carillohome.com\/blog\/#\/schema\/person\/f21041096f5e302d2bb374bb0a2d6fd1"},"description":"Insieme a Carillo Home scopriamo i benefici delle federe per cuscini in seta e scegliamo le tipologie di copri cuscini in seta pi\u00f9 adatti!","breadcrumb":{"@id":"https:\/\/www.carillohome.com\/blog\/federe-per-cuscini-seta-un-tocco-di-eleganza-e-benessere\/#breadcrumb"},"inLanguage":"it-IT","potentialAction":[{"@type":"ReadAction","target":["https:\/\/www.carillohome.com\/blog\/federe-per-cuscini-seta-un-tocco-di-eleganza-e-benessere\/"]}]},{"@type":"ImageObject","inLanguage":"it-IT","@id":"https:\/\/www.carillohome.com\/blog\/federe-per-cuscini-seta-un-tocco-di-eleganza-e-benessere\/#primaryimage","url":"https:\/\/blog.carillohome.com\/wp-content\/uploads\/2023\/06\/federe-in-seta.jpg","contentUrl":"https:\/\/blog.carillohome.com\/wp-content\/uploads\/2023\/06\/federe-in-seta.jpg","width":1200,"height":800,"caption":"federe in seta"},{"@type":"BreadcrumbList","@id":"https:\/\/www.carillohome.com\/blog\/federe-per-cuscini-seta-un-tocco-di-eleganza-e-benessere\/#breadcrumb","itemListElement":[{"@type":"ListItem","position":1,"name":"Home","item":"https:\/\/www.carillohome.com\/blog\/"},{"@type":"ListItem","position":2,"name":"Federe per cuscini seta: un tocco di eleganza e benessere"}]},{"@type":"WebSite","@id":"https:\/\/www.carillohome.com\/blog\/#website","url":"https:\/\/www.carillohome.com\/blog\/","name":"Carillo Home Blog","description":"","potentialAction":[{"@type":"SearchAction","target":{"@type":"EntryPoint","urlTemplate":"https:\/\/www.carillohome.com\/blog\/?s={search_term_string}"},"query-input":{"@type":"PropertyValueSpecification","valueRequired":true,"valueName":"search_term_string"}}],"inLanguage":"it-IT"},{"@type":"Person","@id":"https:\/\/www.carillohome.com\/blog\/#\/schema\/person\/f21041096f5e302d2bb374bb0a2d6fd1","name":"matrixconsulting","image":{"@type":"ImageObject","inLanguage":"it-IT","@id":"https:\/\/secure.gravatar.com\/avatar\/f49d301130b38e3c7fd149b9ccada20ea06e5ed1efc366e565f7a4f1ae209b6a?s=96&d=mm&r=g","url":"https:\/\/secure.gravatar.com\/avatar\/f49d301130b38e3c7fd149b9ccada20ea06e5ed1efc366e565f7a4f1ae209b6a?s=96&d=mm&r=g","contentUrl":"https:\/\/secure.gravatar.com\/avatar\/f49d301130b38e3c7fd149b9ccada20ea06e5ed1efc366e565f7a4f1ae209b6a?s=96&d=mm&r=g","caption":"matrixconsulting"}}]}},"_links":{"self":[{"href":"https:\/\/www.carillohome.com\/blog\/wp-json\/wp\/v2\/posts\/3189","targetHints":{"allow":["GET"]}}],"collection":[{"href":"https:\/\/www.carillohome.com\/blog\/wp-json\/wp\/v2\/posts"}],"about":[{"href":"https:\/\/www.carillohome.com\/blog\/wp-json\/wp\/v2\/types\/post"}],"author":[{"embeddable":true,"href":"https:\/\/www.carillohome.com\/blog\/wp-json\/wp\/v2\/users\/1"}],"replies":[{"embeddable":true,"href":"https:\/\/www.carillohome.com\/blog\/wp-json\/wp\/v2\/comments?post=3189"}],"version-history":[{"count":0,"href":"https:\/\/www.carillohome.com\/blog\/wp-json\/wp\/v2\/posts\/3189\/revisions"}],"wp:featuredmedia":[{"embeddable":true,"href":"https:\/\/www.carillohome.com\/blog\/wp-json\/wp\/v2\/media\/3193"}],"wp:attachment":[{"href":"https:\/\/www.carillohome.com\/blog\/wp-json\/wp\/v2\/media?parent=3189"}],"wp:term":[{"taxonomy":"category","embeddable":true,"href":"https:\/\/www.carillohome.com\/blog\/wp-json\/wp\/v2\/categories?post=3189"},{"taxonomy":"post_tag","embeddable":true,"href":"https:\/\/www.carillohome.com\/blog\/wp-json\/wp\/v2\/tags?post=3189"}],"curies":[{"name":"wp","href":"https:\/\/api.w.org\/{rel}","templated":true}]}}