{"id":3154,"date":"2023-05-25T16:16:39","date_gmt":"2023-05-25T14:16:39","guid":{"rendered":"https:\/\/blog.carillohome.com\/?p=3154"},"modified":"2024-07-30T12:13:51","modified_gmt":"2024-07-30T10:13:51","slug":"come-arredare-con-i-colori-della-terra-pigmenti-naturali-per-cromie-raffinate","status":"publish","type":"post","link":"https:\/\/www.carillohome.com\/blog\/come-arredare-con-i-colori-della-terra-pigmenti-naturali-per-cromie-raffinate\/","title":{"rendered":"Come arredare con i colori della terra: pigmenti naturali per cromie raffinate"},"content":{"rendered":"<p><img loading=\"lazy\" decoding=\"async\" class=\"alignnone wp-image-3156 size-full\" title=\"arredare con i colori della terra\" src=\"https:\/\/blog.carillohome.com\/wp-content\/uploads\/2023\/05\/arredare-con-i-colori-della-terra.jpg\" alt=\"arredare con i colori della terra\" width=\"1200\" height=\"800\" srcset=\"https:\/\/blog.carillohome.com\/wp-content\/uploads\/2023\/05\/arredare-con-i-colori-della-terra.jpg 1200w, https:\/\/blog.carillohome.com\/wp-content\/uploads\/2023\/05\/arredare-con-i-colori-della-terra-300x200.jpg 300w, https:\/\/blog.carillohome.com\/wp-content\/uploads\/2023\/05\/arredare-con-i-colori-della-terra-768x512.jpg 768w, https:\/\/blog.carillohome.com\/wp-content\/uploads\/2023\/05\/arredare-con-i-colori-della-terra-1024x683.jpg 1024w, https:\/\/blog.carillohome.com\/wp-content\/uploads\/2023\/05\/arredare-con-i-colori-della-terra-600x400.jpg 600w\" sizes=\"auto, (max-width: 1200px) 100vw, 1200px\" \/><\/p>\n<p>Presente e futuro parlano la lingua della sostenibilit\u00e0: c\u2019\u00e8 bisogno di fare scelte sempre pi\u00f9 consapevoli a partire dalla propria quotidianit\u00e0 e in tutti i settori. L\u2019<strong>arredamento sostenibile <\/strong>\u00e8 un tema di grande attualit\u00e0: nella scelta di elementi e complementi d\u2019arredo si cerca sempre di pi\u00f9 di optare per materiali e tessuti che siano naturali e prodotti nel rispetto dell\u2019ambiente.<\/p>\n<p>Per trasmettere un\u2019immediata sensazione di accoglienza a chiunque varchi la soglia di casa si pu\u00f2 scegliere un arredamento che richiami il contatto con la natura in ogni piccolo dettaglio, a partire dalla scelta dei colori, da selezionare tra quelli appartenenti alla cosiddetta \u201cPalette Terra\u201d. I designer pi\u00f9 celebri hanno sempre puntato sulle <strong>tonalit\u00e0 che richiamano il terreno e i minerali naturali<\/strong> per donare alla casa uno stile ricercato e un tocco di calore personalizzato. Scopriamo i consigli di Carillo Home su come arredare con i colori della terra, caldi e naturali!<\/p>\n\n<p><img loading=\"lazy\" decoding=\"async\" class=\"alignnone wp-image-3157 size-full\" title=\"biancheria da letto marrone\" src=\"https:\/\/blog.carillohome.com\/wp-content\/uploads\/2023\/05\/biancheria-da-letto-marrone.jpg\" alt=\"biancheria da letto marrone\" width=\"945\" height=\"630\" srcset=\"https:\/\/blog.carillohome.com\/wp-content\/uploads\/2023\/05\/biancheria-da-letto-marrone.jpg 945w, https:\/\/blog.carillohome.com\/wp-content\/uploads\/2023\/05\/biancheria-da-letto-marrone-300x200.jpg 300w, https:\/\/blog.carillohome.com\/wp-content\/uploads\/2023\/05\/biancheria-da-letto-marrone-768x512.jpg 768w, https:\/\/blog.carillohome.com\/wp-content\/uploads\/2023\/05\/biancheria-da-letto-marrone-600x400.jpg 600w\" sizes=\"auto, (max-width: 945px) 100vw, 945px\" \/><\/p>\n<h2 class=\"western\">Colori della terra: quali sono e come si abbinano<\/h2>\n<p>Quali sono i colori della terra? Con questa terminologia si fa riferimento a tutte quelle tonalit\u00e0 che richiamano i pigmenti contenuti nella terra di un dato territorio, pigmenti che ne caratterizzano il paesaggio. I primi pigmenti utilizzati per creare delle tonalit\u00e0 con cui arricchire gli ambienti sono stati quelli dell\u2019<strong>ocra<\/strong>, che risalgono addirittura alla Preistoria, ma per avere una vera e propria esplosione nell\u2019utilizzo dei colori della terra per arredare gli interni delle case dobbiamo attendere gli anni \u201970. All\u2019epoca la tendenza \u201cterrosa\u201d intendeva conferire un aspetto pi\u00f9 naturale alle case invase da tendenze di interior design troppo futuristico. Proprio come accade oggi per contrastare, almeno in parte, la tendenza ipertecnologica diffusa nel settore dell\u2019arredamento.<\/p>\n<p><img loading=\"lazy\" decoding=\"async\" class=\"alignnone wp-image-3160 size-full\" title=\"biancheria da letto colori caldi\" src=\"https:\/\/blog.carillohome.com\/wp-content\/uploads\/2023\/05\/biancheria-da-letto-colori-caldi.jpg\" alt=\"biancheria da letto colori caldi\" width=\"945\" height=\"630\" srcset=\"https:\/\/blog.carillohome.com\/wp-content\/uploads\/2023\/05\/biancheria-da-letto-colori-caldi.jpg 945w, https:\/\/blog.carillohome.com\/wp-content\/uploads\/2023\/05\/biancheria-da-letto-colori-caldi-300x200.jpg 300w, https:\/\/blog.carillohome.com\/wp-content\/uploads\/2023\/05\/biancheria-da-letto-colori-caldi-768x512.jpg 768w, https:\/\/blog.carillohome.com\/wp-content\/uploads\/2023\/05\/biancheria-da-letto-colori-caldi-600x400.jpg 600w\" sizes=\"auto, (max-width: 945px) 100vw, 945px\" \/><\/p>\n<p>I colori terrosi pi\u00f9 celebri sono, ad esempio, la <strong>terra di Siena<\/strong>, un giallo caldo molto coprente, la terra bruna, la terra d\u2019ombra naturale che tende al verdastro, la terra d\u2019ombra bruciata, che tende al rosa, e poi ancora il <strong>verde Brentonico<\/strong>, tutta la gamma dei rossi caldi, come quello Veneziano o il <a href=\"https:\/\/www.carillohome.com\/blog\/come-arredare-con-il-rosso-pompeiano\/\" target=\"_blank\" rel=\"noopener noreferrer\">rosso pompeiano<\/a>. Ci sono poi colori terrosi che virano verso il grigio, come la <strong>terra di Vicenza<\/strong>, e tante altre ispirazioni da cui pescare uscendo dai confini nazionali e tuffandosi nella tavolozza di infinite sfumature che offrono le terre di tutto il mondo.<\/p>\n<p>Oltre a riportare le persone a contatto con la natura, i colori della terra vengono utilizzati per creare un arredamento calmo e rilassante: sono tra i <a href=\"https:\/\/www.carillohome.com\/blog\/come-abbinare-i-colori-in-casa-le-regole-per-non-sbagliare\/\" target=\"_blank\" rel=\"noopener noreferrer\">colori pi\u00f9 facili da abbinare nell\u2019arredamento<\/a>, sia con le tonalit\u00e0 neutre che con le tinte pi\u00f9 accese, per una serie di combinazioni sempre nuove con cui arredare ogni angolo della casa.<\/p>\n<p><img loading=\"lazy\" decoding=\"async\" class=\"alignnone wp-image-3158 size-full\" title=\"cuscini arredo nei colori della terra\" src=\"https:\/\/blog.carillohome.com\/wp-content\/uploads\/2023\/05\/cuscini-arredo-colori-terra.jpg\" alt=\"cuscini arredo nei colori della terra\" width=\"945\" height=\"630\" srcset=\"https:\/\/blog.carillohome.com\/wp-content\/uploads\/2023\/05\/cuscini-arredo-colori-terra.jpg 945w, https:\/\/blog.carillohome.com\/wp-content\/uploads\/2023\/05\/cuscini-arredo-colori-terra-300x200.jpg 300w, https:\/\/blog.carillohome.com\/wp-content\/uploads\/2023\/05\/cuscini-arredo-colori-terra-768x512.jpg 768w, https:\/\/blog.carillohome.com\/wp-content\/uploads\/2023\/05\/cuscini-arredo-colori-terra-600x400.jpg 600w\" sizes=\"auto, (max-width: 945px) 100vw, 945px\" \/><\/p>\n<h2 class=\"western\">Come arredare le stanze della casa con i colori della terra<\/h2>\n<p>In camera da letto i colori che richiamano la terra hanno l\u2019effetto di rendere l\u2019ambiente ancora pi\u00f9 rilassante e calmante: le tonalit\u00e0 della palette terrosa sono da scegliere nella loro versione light per regalare alla stanza dedicata al riposo il massimo equilibrio possibile. Particolarmente consigliati sono il <strong>beige, il tortora e il giallo pallido<\/strong>. Un abbinamento particolarmente chic per la <a href=\"https:\/\/www.carillohome.com\/it\/biancheria-da-letto\/\" target=\"_blank\" rel=\"noopener noreferrer\">biancheria da letto<\/a>? Prova a mixare il classico contrasto bianco e nero con un tocco di ocra: risulter\u00e0 raffinato e dal notevole impatto estetico.<\/p>\n<p>Nelle zone giorno, come salotto e sala da pranzo, si punta su una palette pi\u00f9 sabbiosa, per dare luminosit\u00e0 agli ambienti. Le <strong>tonalit\u00e0 dell\u2019ocra e della terra bruciata<\/strong> sono perfette per un abbinamento romantico e mai banale con il rosa antico, perfetto anche per sostenere i duetti armocromatici con la palette dei grigi. I colori della terra in soggiorno e in cucina sono da pensare soprattutto in abbinamento a mobili in legno e ad elementi decorativi declinati in materiali naturali, mentre qui e l\u00e0 spicca il verde delle piante da interno, necessarie a richiamare ulteriormente il concetto di sostenibilit\u00e0.<\/p>\n<p><img loading=\"lazy\" decoding=\"async\" class=\"alignnone wp-image-3159 size-full\" title=\"biancheria da letto colore terra\" src=\"https:\/\/blog.carillohome.com\/wp-content\/uploads\/2023\/05\/biancheria-da-letto-colore-terra.jpg\" alt=\"biancheria da letto colore terra\" width=\"945\" height=\"630\" srcset=\"https:\/\/blog.carillohome.com\/wp-content\/uploads\/2023\/05\/biancheria-da-letto-colore-terra.jpg 945w, https:\/\/blog.carillohome.com\/wp-content\/uploads\/2023\/05\/biancheria-da-letto-colore-terra-300x200.jpg 300w, https:\/\/blog.carillohome.com\/wp-content\/uploads\/2023\/05\/biancheria-da-letto-colore-terra-768x512.jpg 768w, https:\/\/blog.carillohome.com\/wp-content\/uploads\/2023\/05\/biancheria-da-letto-colore-terra-600x400.jpg 600w\" sizes=\"auto, (max-width: 945px) 100vw, 945px\" \/><\/p>\n<p>La gamma di colori tra cui scegliere per donare alla propria casa un aspetto accogliente e caldo \u00e8 davvero ampia: oltre ad essere delle tonalit\u00e0 perfette per dipingere le pareti, i colori della terra sono ideali per la scelta dei tessuti e dei <a href=\"https:\/\/www.carillohome.com\/it\/tende-e-bastoni\/tende-confezionate\/\" target=\"_blank\" rel=\"noopener noreferrer\">tendaggi<\/a>. Nella versione tenue tutti i <strong>colori delle palette terrose<\/strong> sono consigliati per biancheria da letto, biancheria da tavola e tutti gli elementi tessili di casa, ma anche nella loro tonalit\u00e0 pi\u00f9 intensa possono essere sfruttati al massimo per aggiungere tocchi di colore in ambienti neutri: pensiamo a tappeti, <a href=\"https:\/\/www.carillohome.com\/it\/salone\/cuscini-arredo\/\" target=\"_blank\" rel=\"noopener noreferrer\">cuscini arredo<\/a>, coprisedia e copridivano e a tutti quegli elementi di biancheria per la casa che possono essere usati per personalizzare nei toni e nelle forme il nostro concetto di interior design.<\/p>\n<p><a href=\"https:\/\/www.carillohome.com\/it\/\" target=\"_blank\" rel=\"noopener noreferrer\"><img loading=\"lazy\" decoding=\"async\" class=\"alignnone wp-image-3155 size-full\" title=\"banner colori della terra\" src=\"https:\/\/blog.carillohome.com\/wp-content\/uploads\/2023\/05\/banner-colori-terra.jpg\" alt=\"banner colori della terra\" width=\"945\" height=\"315\" srcset=\"https:\/\/blog.carillohome.com\/wp-content\/uploads\/2023\/05\/banner-colori-terra.jpg 945w, https:\/\/blog.carillohome.com\/wp-content\/uploads\/2023\/05\/banner-colori-terra-300x100.jpg 300w, https:\/\/blog.carillohome.com\/wp-content\/uploads\/2023\/05\/banner-colori-terra-768x256.jpg 768w, https:\/\/blog.carillohome.com\/wp-content\/uploads\/2023\/05\/banner-colori-terra-600x200.jpg 600w\" sizes=\"auto, (max-width: 945px) 100vw, 945px\" \/><\/a><\/p>\n<p>Nelle sue collezioni <a href=\"https:\/\/www.carillohome.com\/it\/\" target=\"_blank\" rel=\"noopener noreferrer\">Carillo Home<\/a> dedica ampio spazio ai colori della terra, proponendo biancheria da casa di alta qualit\u00e0 declinata nelle palette pi\u00f9 naturali, con particolare attenzione alle nuance di tendenza. Dalla tavolozza sabbiosa a tutte le possibilit\u00e0 offerte dagli ocra, passando per i caldissimi rossi e le mille versioni del marrone, \u00e8 possibile scegliere gli abbinamenti prediletti o sperimentarne di nuovi in ogni ambiente della casa: scopri le proposte Carillo per rendere la tua casa pi\u00f9 accogliente ed elegante con i colori della terra!<\/p>\n","protected":false},"excerpt":{"rendered":"<p>Presente e futuro parlano la lingua della sostenibilit\u00e0: c\u2019\u00e8 bisogno di fare scelte sempre pi\u00f9 consapevoli a partire dalla propria quotidianit\u00e0 e in tutti i settori. L\u2019arredamento sostenibile \u00e8 un tema di grande attualit\u00e0: nella scelta di elementi e complementi d\u2019arredo si cerca sempre di pi\u00f9 di optare per materiali e tessuti che siano naturali&#8230;<\/p>\n","protected":false},"author":1,"featured_media":3156,"comment_status":"closed","ping_status":"closed","sticky":true,"template":"","format":"standard","meta":{"footnotes":""},"categories":[16],"tags":[],"class_list":["post-3154","post","type-post","status-publish","format-standard","has-post-thumbnail","hentry","category-style-pills"],"yoast_head":"<!-- This site is optimized with the Yoast SEO plugin v27.4 - https:\/\/yoast.com\/product\/yoast-seo-wordpress\/ -->\n<title>Come arredare con i colori della terra: cromie naturali e chic - Carillo Home<\/title>\n<meta name=\"description\" content=\"Scopriamo i consigli di Carillo Home su come arredare con i colori della terra, caldi e naturali per abbinamenti originali e una casa accogliente!\" \/>\n<meta name=\"robots\" content=\"index, follow, max-snippet:-1, max-image-preview:large, max-video-preview:-1\" \/>\n<link rel=\"canonical\" href=\"https:\/\/www.carillohome.com\/blog\/come-arredare-con-i-colori-della-terra-pigmenti-naturali-per-cromie-raffinate\/\" \/>\n<meta property=\"og:locale\" content=\"it_IT\" \/>\n<meta property=\"og:type\" content=\"article\" \/>\n<meta property=\"og:title\" content=\"Come arredare con i colori della terra: cromie naturali e chic - Carillo Home\" \/>\n<meta property=\"og:description\" content=\"Scopriamo i consigli di Carillo Home su come arredare con i colori della terra, caldi e naturali per abbinamenti originali e una casa accogliente!\" \/>\n<meta property=\"og:url\" content=\"https:\/\/www.carillohome.com\/blog\/come-arredare-con-i-colori-della-terra-pigmenti-naturali-per-cromie-raffinate\/\" \/>\n<meta property=\"og:site_name\" content=\"Carillo Home Blog\" \/>\n<meta property=\"article:published_time\" content=\"2023-05-25T14:16:39+00:00\" \/>\n<meta property=\"article:modified_time\" content=\"2024-07-30T10:13:51+00:00\" \/>\n<meta property=\"og:image\" content=\"https:\/\/blog.carillohome.com\/wp-content\/uploads\/2023\/05\/arredare-con-i-colori-della-terra.jpg\" \/>\n\t<meta property=\"og:image:width\" content=\"1200\" \/>\n\t<meta property=\"og:image:height\" content=\"800\" \/>\n\t<meta property=\"og:image:type\" content=\"image\/jpeg\" \/>\n<meta name=\"author\" content=\"matrixconsulting\" \/>\n<meta name=\"twitter:card\" content=\"summary_large_image\" \/>\n<meta name=\"twitter:label1\" content=\"Scritto da\" \/>\n\t<meta name=\"twitter:data1\" content=\"matrixconsulting\" \/>\n\t<meta name=\"twitter:label2\" content=\"Tempo di lettura stimato\" \/>\n\t<meta name=\"twitter:data2\" content=\"4 minuti\" \/>\n<script type=\"application\/ld+json\" class=\"yoast-schema-graph\">{\"@context\":\"https:\\\/\\\/schema.org\",\"@graph\":[{\"@type\":\"Article\",\"@id\":\"https:\\\/\\\/www.carillohome.com\\\/blog\\\/come-arredare-con-i-colori-della-terra-pigmenti-naturali-per-cromie-raffinate\\\/#article\",\"isPartOf\":{\"@id\":\"https:\\\/\\\/www.carillohome.com\\\/blog\\\/come-arredare-con-i-colori-della-terra-pigmenti-naturali-per-cromie-raffinate\\\/\"},\"author\":{\"name\":\"matrixconsulting\",\"@id\":\"https:\\\/\\\/www.carillohome.com\\\/blog\\\/#\\\/schema\\\/person\\\/f21041096f5e302d2bb374bb0a2d6fd1\"},\"headline\":\"Come arredare con i colori della terra: pigmenti naturali per cromie raffinate\",\"datePublished\":\"2023-05-25T14:16:39+00:00\",\"dateModified\":\"2024-07-30T10:13:51+00:00\",\"mainEntityOfPage\":{\"@id\":\"https:\\\/\\\/www.carillohome.com\\\/blog\\\/come-arredare-con-i-colori-della-terra-pigmenti-naturali-per-cromie-raffinate\\\/\"},\"wordCount\":854,\"image\":{\"@id\":\"https:\\\/\\\/www.carillohome.com\\\/blog\\\/come-arredare-con-i-colori-della-terra-pigmenti-naturali-per-cromie-raffinate\\\/#primaryimage\"},\"thumbnailUrl\":\"https:\\\/\\\/blog.carillohome.com\\\/wp-content\\\/uploads\\\/2023\\\/05\\\/arredare-con-i-colori-della-terra.jpg\",\"articleSection\":[\"Style Pills\"],\"inLanguage\":\"it-IT\"},{\"@type\":\"WebPage\",\"@id\":\"https:\\\/\\\/www.carillohome.com\\\/blog\\\/come-arredare-con-i-colori-della-terra-pigmenti-naturali-per-cromie-raffinate\\\/\",\"url\":\"https:\\\/\\\/www.carillohome.com\\\/blog\\\/come-arredare-con-i-colori-della-terra-pigmenti-naturali-per-cromie-raffinate\\\/\",\"name\":\"Come arredare con i colori della terra: cromie naturali e chic - Carillo Home\",\"isPartOf\":{\"@id\":\"https:\\\/\\\/www.carillohome.com\\\/blog\\\/#website\"},\"primaryImageOfPage\":{\"@id\":\"https:\\\/\\\/www.carillohome.com\\\/blog\\\/come-arredare-con-i-colori-della-terra-pigmenti-naturali-per-cromie-raffinate\\\/#primaryimage\"},\"image\":{\"@id\":\"https:\\\/\\\/www.carillohome.com\\\/blog\\\/come-arredare-con-i-colori-della-terra-pigmenti-naturali-per-cromie-raffinate\\\/#primaryimage\"},\"thumbnailUrl\":\"https:\\\/\\\/blog.carillohome.com\\\/wp-content\\\/uploads\\\/2023\\\/05\\\/arredare-con-i-colori-della-terra.jpg\",\"datePublished\":\"2023-05-25T14:16:39+00:00\",\"dateModified\":\"2024-07-30T10:13:51+00:00\",\"author\":{\"@id\":\"https:\\\/\\\/www.carillohome.com\\\/blog\\\/#\\\/schema\\\/person\\\/f21041096f5e302d2bb374bb0a2d6fd1\"},\"description\":\"Scopriamo i consigli di Carillo Home su come arredare con i colori della terra, caldi e naturali per abbinamenti originali e una casa accogliente!\",\"breadcrumb\":{\"@id\":\"https:\\\/\\\/www.carillohome.com\\\/blog\\\/come-arredare-con-i-colori-della-terra-pigmenti-naturali-per-cromie-raffinate\\\/#breadcrumb\"},\"inLanguage\":\"it-IT\",\"potentialAction\":[{\"@type\":\"ReadAction\",\"target\":[\"https:\\\/\\\/www.carillohome.com\\\/blog\\\/come-arredare-con-i-colori-della-terra-pigmenti-naturali-per-cromie-raffinate\\\/\"]}]},{\"@type\":\"ImageObject\",\"inLanguage\":\"it-IT\",\"@id\":\"https:\\\/\\\/www.carillohome.com\\\/blog\\\/come-arredare-con-i-colori-della-terra-pigmenti-naturali-per-cromie-raffinate\\\/#primaryimage\",\"url\":\"https:\\\/\\\/blog.carillohome.com\\\/wp-content\\\/uploads\\\/2023\\\/05\\\/arredare-con-i-colori-della-terra.jpg\",\"contentUrl\":\"https:\\\/\\\/blog.carillohome.com\\\/wp-content\\\/uploads\\\/2023\\\/05\\\/arredare-con-i-colori-della-terra.jpg\",\"width\":1200,\"height\":800},{\"@type\":\"BreadcrumbList\",\"@id\":\"https:\\\/\\\/www.carillohome.com\\\/blog\\\/come-arredare-con-i-colori-della-terra-pigmenti-naturali-per-cromie-raffinate\\\/#breadcrumb\",\"itemListElement\":[{\"@type\":\"ListItem\",\"position\":1,\"name\":\"Home\",\"item\":\"https:\\\/\\\/www.carillohome.com\\\/blog\\\/\"},{\"@type\":\"ListItem\",\"position\":2,\"name\":\"Come arredare con i colori della terra: pigmenti naturali per cromie raffinate\"}]},{\"@type\":\"WebSite\",\"@id\":\"https:\\\/\\\/www.carillohome.com\\\/blog\\\/#website\",\"url\":\"https:\\\/\\\/www.carillohome.com\\\/blog\\\/\",\"name\":\"Carillo Home Blog\",\"description\":\"\",\"potentialAction\":[{\"@type\":\"SearchAction\",\"target\":{\"@type\":\"EntryPoint\",\"urlTemplate\":\"https:\\\/\\\/www.carillohome.com\\\/blog\\\/?s={search_term_string}\"},\"query-input\":{\"@type\":\"PropertyValueSpecification\",\"valueRequired\":true,\"valueName\":\"search_term_string\"}}],\"inLanguage\":\"it-IT\"},{\"@type\":\"Person\",\"@id\":\"https:\\\/\\\/www.carillohome.com\\\/blog\\\/#\\\/schema\\\/person\\\/f21041096f5e302d2bb374bb0a2d6fd1\",\"name\":\"matrixconsulting\",\"image\":{\"@type\":\"ImageObject\",\"inLanguage\":\"it-IT\",\"@id\":\"https:\\\/\\\/secure.gravatar.com\\\/avatar\\\/f49d301130b38e3c7fd149b9ccada20ea06e5ed1efc366e565f7a4f1ae209b6a?s=96&d=mm&r=g\",\"url\":\"https:\\\/\\\/secure.gravatar.com\\\/avatar\\\/f49d301130b38e3c7fd149b9ccada20ea06e5ed1efc366e565f7a4f1ae209b6a?s=96&d=mm&r=g\",\"contentUrl\":\"https:\\\/\\\/secure.gravatar.com\\\/avatar\\\/f49d301130b38e3c7fd149b9ccada20ea06e5ed1efc366e565f7a4f1ae209b6a?s=96&d=mm&r=g\",\"caption\":\"matrixconsulting\"}}]}<\/script>\n<!-- \/ Yoast SEO plugin. -->","yoast_head_json":{"title":"Come arredare con i colori della terra: cromie naturali e chic - Carillo Home","description":"Scopriamo i consigli di Carillo Home su come arredare con i colori della terra, caldi e naturali per abbinamenti originali e una casa accogliente!","robots":{"index":"index","follow":"follow","max-snippet":"max-snippet:-1","max-image-preview":"max-image-preview:large","max-video-preview":"max-video-preview:-1"},"canonical":"https:\/\/www.carillohome.com\/blog\/come-arredare-con-i-colori-della-terra-pigmenti-naturali-per-cromie-raffinate\/","og_locale":"it_IT","og_type":"article","og_title":"Come arredare con i colori della terra: cromie naturali e chic - Carillo Home","og_description":"Scopriamo i consigli di Carillo Home su come arredare con i colori della terra, caldi e naturali per abbinamenti originali e una casa accogliente!","og_url":"https:\/\/www.carillohome.com\/blog\/come-arredare-con-i-colori-della-terra-pigmenti-naturali-per-cromie-raffinate\/","og_site_name":"Carillo Home Blog","article_published_time":"2023-05-25T14:16:39+00:00","article_modified_time":"2024-07-30T10:13:51+00:00","og_image":[{"width":1200,"height":800,"url":"https:\/\/blog.carillohome.com\/wp-content\/uploads\/2023\/05\/arredare-con-i-colori-della-terra.jpg","type":"image\/jpeg"}],"author":"matrixconsulting","twitter_card":"summary_large_image","twitter_misc":{"Scritto da":"matrixconsulting","Tempo di lettura stimato":"4 minuti"},"schema":{"@context":"https:\/\/schema.org","@graph":[{"@type":"Article","@id":"https:\/\/www.carillohome.com\/blog\/come-arredare-con-i-colori-della-terra-pigmenti-naturali-per-cromie-raffinate\/#article","isPartOf":{"@id":"https:\/\/www.carillohome.com\/blog\/come-arredare-con-i-colori-della-terra-pigmenti-naturali-per-cromie-raffinate\/"},"author":{"name":"matrixconsulting","@id":"https:\/\/www.carillohome.com\/blog\/#\/schema\/person\/f21041096f5e302d2bb374bb0a2d6fd1"},"headline":"Come arredare con i colori della terra: pigmenti naturali per cromie raffinate","datePublished":"2023-05-25T14:16:39+00:00","dateModified":"2024-07-30T10:13:51+00:00","mainEntityOfPage":{"@id":"https:\/\/www.carillohome.com\/blog\/come-arredare-con-i-colori-della-terra-pigmenti-naturali-per-cromie-raffinate\/"},"wordCount":854,"image":{"@id":"https:\/\/www.carillohome.com\/blog\/come-arredare-con-i-colori-della-terra-pigmenti-naturali-per-cromie-raffinate\/#primaryimage"},"thumbnailUrl":"https:\/\/blog.carillohome.com\/wp-content\/uploads\/2023\/05\/arredare-con-i-colori-della-terra.jpg","articleSection":["Style Pills"],"inLanguage":"it-IT"},{"@type":"WebPage","@id":"https:\/\/www.carillohome.com\/blog\/come-arredare-con-i-colori-della-terra-pigmenti-naturali-per-cromie-raffinate\/","url":"https:\/\/www.carillohome.com\/blog\/come-arredare-con-i-colori-della-terra-pigmenti-naturali-per-cromie-raffinate\/","name":"Come arredare con i colori della terra: cromie naturali e chic - Carillo Home","isPartOf":{"@id":"https:\/\/www.carillohome.com\/blog\/#website"},"primaryImageOfPage":{"@id":"https:\/\/www.carillohome.com\/blog\/come-arredare-con-i-colori-della-terra-pigmenti-naturali-per-cromie-raffinate\/#primaryimage"},"image":{"@id":"https:\/\/www.carillohome.com\/blog\/come-arredare-con-i-colori-della-terra-pigmenti-naturali-per-cromie-raffinate\/#primaryimage"},"thumbnailUrl":"https:\/\/blog.carillohome.com\/wp-content\/uploads\/2023\/05\/arredare-con-i-colori-della-terra.jpg","datePublished":"2023-05-25T14:16:39+00:00","dateModified":"2024-07-30T10:13:51+00:00","author":{"@id":"https:\/\/www.carillohome.com\/blog\/#\/schema\/person\/f21041096f5e302d2bb374bb0a2d6fd1"},"description":"Scopriamo i consigli di Carillo Home su come arredare con i colori della terra, caldi e naturali per abbinamenti originali e una casa accogliente!","breadcrumb":{"@id":"https:\/\/www.carillohome.com\/blog\/come-arredare-con-i-colori-della-terra-pigmenti-naturali-per-cromie-raffinate\/#breadcrumb"},"inLanguage":"it-IT","potentialAction":[{"@type":"ReadAction","target":["https:\/\/www.carillohome.com\/blog\/come-arredare-con-i-colori-della-terra-pigmenti-naturali-per-cromie-raffinate\/"]}]},{"@type":"ImageObject","inLanguage":"it-IT","@id":"https:\/\/www.carillohome.com\/blog\/come-arredare-con-i-colori-della-terra-pigmenti-naturali-per-cromie-raffinate\/#primaryimage","url":"https:\/\/blog.carillohome.com\/wp-content\/uploads\/2023\/05\/arredare-con-i-colori-della-terra.jpg","contentUrl":"https:\/\/blog.carillohome.com\/wp-content\/uploads\/2023\/05\/arredare-con-i-colori-della-terra.jpg","width":1200,"height":800},{"@type":"BreadcrumbList","@id":"https:\/\/www.carillohome.com\/blog\/come-arredare-con-i-colori-della-terra-pigmenti-naturali-per-cromie-raffinate\/#breadcrumb","itemListElement":[{"@type":"ListItem","position":1,"name":"Home","item":"https:\/\/www.carillohome.com\/blog\/"},{"@type":"ListItem","position":2,"name":"Come arredare con i colori della terra: pigmenti naturali per cromie raffinate"}]},{"@type":"WebSite","@id":"https:\/\/www.carillohome.com\/blog\/#website","url":"https:\/\/www.carillohome.com\/blog\/","name":"Carillo Home Blog","description":"","potentialAction":[{"@type":"SearchAction","target":{"@type":"EntryPoint","urlTemplate":"https:\/\/www.carillohome.com\/blog\/?s={search_term_string}"},"query-input":{"@type":"PropertyValueSpecification","valueRequired":true,"valueName":"search_term_string"}}],"inLanguage":"it-IT"},{"@type":"Person","@id":"https:\/\/www.carillohome.com\/blog\/#\/schema\/person\/f21041096f5e302d2bb374bb0a2d6fd1","name":"matrixconsulting","image":{"@type":"ImageObject","inLanguage":"it-IT","@id":"https:\/\/secure.gravatar.com\/avatar\/f49d301130b38e3c7fd149b9ccada20ea06e5ed1efc366e565f7a4f1ae209b6a?s=96&d=mm&r=g","url":"https:\/\/secure.gravatar.com\/avatar\/f49d301130b38e3c7fd149b9ccada20ea06e5ed1efc366e565f7a4f1ae209b6a?s=96&d=mm&r=g","contentUrl":"https:\/\/secure.gravatar.com\/avatar\/f49d301130b38e3c7fd149b9ccada20ea06e5ed1efc366e565f7a4f1ae209b6a?s=96&d=mm&r=g","caption":"matrixconsulting"}}]}},"_links":{"self":[{"href":"https:\/\/www.carillohome.com\/blog\/wp-json\/wp\/v2\/posts\/3154","targetHints":{"allow":["GET"]}}],"collection":[{"href":"https:\/\/www.carillohome.com\/blog\/wp-json\/wp\/v2\/posts"}],"about":[{"href":"https:\/\/www.carillohome.com\/blog\/wp-json\/wp\/v2\/types\/post"}],"author":[{"embeddable":true,"href":"https:\/\/www.carillohome.com\/blog\/wp-json\/wp\/v2\/users\/1"}],"replies":[{"embeddable":true,"href":"https:\/\/www.carillohome.com\/blog\/wp-json\/wp\/v2\/comments?post=3154"}],"version-history":[{"count":0,"href":"https:\/\/www.carillohome.com\/blog\/wp-json\/wp\/v2\/posts\/3154\/revisions"}],"wp:featuredmedia":[{"embeddable":true,"href":"https:\/\/www.carillohome.com\/blog\/wp-json\/wp\/v2\/media\/3156"}],"wp:attachment":[{"href":"https:\/\/www.carillohome.com\/blog\/wp-json\/wp\/v2\/media?parent=3154"}],"wp:term":[{"taxonomy":"category","embeddable":true,"href":"https:\/\/www.carillohome.com\/blog\/wp-json\/wp\/v2\/categories?post=3154"},{"taxonomy":"post_tag","embeddable":true,"href":"https:\/\/www.carillohome.com\/blog\/wp-json\/wp\/v2\/tags?post=3154"}],"curies":[{"name":"wp","href":"https:\/\/api.w.org\/{rel}","templated":true}]}}