{"id":3059,"date":"2023-03-16T11:49:01","date_gmt":"2023-03-16T10:49:01","guid":{"rendered":"https:\/\/blog.carillohome.com\/?p=3059"},"modified":"2024-07-30T12:09:52","modified_gmt":"2024-07-30T10:09:52","slug":"tende-a-vetro-senza-bucare-gli-infissi","status":"publish","type":"post","link":"https:\/\/www.carillohome.com\/blog\/tende-a-vetro-senza-bucare-gli-infissi\/","title":{"rendered":"Tende a vetro senza bucare gli infissi? \u00c8 possibile!"},"content":{"rendered":"<p><img loading=\"lazy\" decoding=\"async\" class=\"alignnone wp-image-3063 size-full\" title=\"tende a vetro\" src=\"https:\/\/blog.carillohome.com\/wp-content\/uploads\/2023\/03\/tende-a-vetro.jpg\" alt=\"tende a vetro\" width=\"1200\" height=\"800\" srcset=\"https:\/\/blog.carillohome.com\/wp-content\/uploads\/2023\/03\/tende-a-vetro.jpg 1200w, https:\/\/blog.carillohome.com\/wp-content\/uploads\/2023\/03\/tende-a-vetro-300x200.jpg 300w, https:\/\/blog.carillohome.com\/wp-content\/uploads\/2023\/03\/tende-a-vetro-768x512.jpg 768w, https:\/\/blog.carillohome.com\/wp-content\/uploads\/2023\/03\/tende-a-vetro-1024x683.jpg 1024w, https:\/\/blog.carillohome.com\/wp-content\/uploads\/2023\/03\/tende-a-vetro-600x400.jpg 600w\" sizes=\"auto, (max-width: 1200px) 100vw, 1200px\" \/><\/p>\n<p>La <a href=\"https:\/\/www.carillohome.com\/blog\/come-scegliere-il-colore-delle-tende-consigli-e-abbinamenti\/\" target=\"_blank\" rel=\"noopener noreferrer\">scelta delle tende<\/a> \u00e8 un momento particolarmente importante quando si decide di arredare casa secondo le proprie esigenze e i propri gusti: a guidare la selezione di <a href=\"https:\/\/www.carillohome.com\/it\/tende-e-bastoni\/\" target=\"_blank\" rel=\"noopener noreferrer\">tende e tessuti<\/a>, in primo luogo, \u00e8 sempre la misura delle finestre o delle portefinestre disseminate all\u2019interno dell\u2019abitazione.<\/p>\n<p>Le soluzioni sono molteplici e dipendono dalle dimensioni ma anche dalla funzionalit\u00e0 richiesta agli elementi di arredo che garantiscono privacy e notevole impatto estetico. Tra le <strong>tipologie di tende<\/strong> pi\u00f9 amate per praticit\u00e0 ci sono le tende a vetro, perfetto connubio tra design e semplicit\u00e0 di montaggio e manutenzione.<\/p>\n<p>Le <a href=\"https:\/\/www.carillohome.com\/it\/tende-e-bastoni\/tende-a-vetro\/\" target=\"_blank\" rel=\"noopener noreferrer\">tende a vetro<\/a> risultano poco ingombranti e molto pratiche, ideali per ambienti di servizio, come cucina e bagno: in queste stanze della casa le tende si sporcano in fretta ed \u00e8 necessario poterle smontare in pochi gesti per sottoporle a frequenti lavaggi.<\/p>\n<p><strong>Carillo Home<\/strong> ci guida alla scoperta delle <a href=\"https:\/\/www.carillohome.com\/it\/tende-e-bastoni\/tende-confezionate\/\" target=\"_blank\" rel=\"noopener noreferrer\">tende preconfezionate<\/a> a vetro e di tutte le soluzioni per installarle senza bucare gli infissi!<\/p>\n\n<p><img loading=\"lazy\" decoding=\"async\" class=\"alignnone wp-image-3061 size-full\" title=\"tenda a vetro\" src=\"https:\/\/blog.carillohome.com\/wp-content\/uploads\/2023\/03\/tenda-a-vetro.jpg\" alt=\"tenda a vetro\" width=\"945\" height=\"630\" srcset=\"https:\/\/blog.carillohome.com\/wp-content\/uploads\/2023\/03\/tenda-a-vetro.jpg 945w, https:\/\/blog.carillohome.com\/wp-content\/uploads\/2023\/03\/tenda-a-vetro-300x200.jpg 300w, https:\/\/blog.carillohome.com\/wp-content\/uploads\/2023\/03\/tenda-a-vetro-768x512.jpg 768w, https:\/\/blog.carillohome.com\/wp-content\/uploads\/2023\/03\/tenda-a-vetro-600x400.jpg 600w\" sizes=\"auto, (max-width: 945px) 100vw, 945px\" \/><\/p>\n<h2 class=\"western\">Tutte le soluzioni per tende a vetro<\/h2>\n<p>Negli ambienti piccoli, che presentano uno spazio ridotto fra infisso e parete, le <strong>tende a vetri<\/strong> rappresentano la scelta ottimale per un ingombro minimo. Non solo: le <strong>tendine a vetro<\/strong> sono da preferire anche nelle stanze in cui gli infissi vengono aperti e chiusi spesso durante la giornata, come cucina e bagno.<\/p>\n<p>Ogni <strong>tendina a vetro<\/strong> riempie esattamente lo spazio del vetro a cui viene applicata senza eccedere, pu\u00f2 essere montata e smontata con estrema semplicit\u00e0. Le <strong>tende da vetro <\/strong>restano fisse anche quando muoviamo la finestra senza il rischio di danneggiarsi ad ogni movimento. Insomma, i vantaggi sono notevoli e comprendono anche la possibilit\u00e0 di lavare frequentemente le <strong>tendine da vetro<\/strong> e di stirarle rapidamente grazie alle ridotte dimensioni.<\/p>\n<p>Per scegliere le <strong>tendine a vetro per cucina<\/strong>, bagno o camera \u00e8 importante prendere bene le misure della finestra. Generalmente esistono <strong>modelli di tendine a vetro<\/strong> con misure standard che seguono le principali dimensioni delle finestre presenti nella maggior parte della casa, ma c\u2019\u00e8 anche la possibilit\u00e0 di scegliere una <strong>coppia di tende a vetro<\/strong> realizzata su misura in base alle diverse esigenze o nel caso di finestre dalla forma particolare.<\/p>\n<p>In linea di massima la larghezza di un vetro standard pu\u00f2 essere di 45 cm, 60 cm, 90 cm mentre la lunghezza varia tra 110 cm, 120 cm, 140 cm o 160 cm. Le tende a vetro per porta finestra, invece, si distinguono per una lunghezza che va dai 210 cm ai 290 cm.<\/p>\n<p><img loading=\"lazy\" decoding=\"async\" class=\"alignnone wp-image-3062 size-full\" title=\"tenda da vetro\" src=\"https:\/\/blog.carillohome.com\/wp-content\/uploads\/2023\/03\/tenda-da-vetro.jpg\" alt=\"tenda da vetro\" width=\"945\" height=\"630\" srcset=\"https:\/\/blog.carillohome.com\/wp-content\/uploads\/2023\/03\/tenda-da-vetro.jpg 945w, https:\/\/blog.carillohome.com\/wp-content\/uploads\/2023\/03\/tenda-da-vetro-300x200.jpg 300w, https:\/\/blog.carillohome.com\/wp-content\/uploads\/2023\/03\/tenda-da-vetro-768x512.jpg 768w, https:\/\/blog.carillohome.com\/wp-content\/uploads\/2023\/03\/tenda-da-vetro-600x400.jpg 600w\" sizes=\"auto, (max-width: 945px) 100vw, 945px\" \/><\/p>\n<p>Come prendere la misura per la <strong>tenda a vetro<\/strong>? La prima cosa da fare \u00e8 procurarsi un metro rigido che garantisce la minor percentuale di errore possibile.<\/p>\n<p>Nell\u2019operazione di misurazione dobbiamo tenere conto del supporto che verr\u00e0 utilizzato per montare le <strong>tende a vetro per finestre<\/strong>, che prevedono la possibilit\u00e0 di diversi sistemi di fissaggio.<\/p>\n<ul>\n<li>Le <strong>tende a vetro con tunnel<\/strong> presentano una tasca a tubo cucita sulla parte superiore in cui va infilata la bacchetta di supporto che viene cos\u00ec nascosta alla vista;<\/li>\n<li>Le <strong>tende a vetro con passanti<\/strong> sono caratterizzate dalla presenza di fori sulla parte superiore in cui viene infilato il bastoncino che serve a sistemare la tenda alla finestra:<\/li>\n<li>Le <strong>tende a vetro con laccetti<\/strong> si agganciano al supporto designato attraverso delle strisce di tessuto che si allacciano con semplici ed eleganti fiocchetti;<\/li>\n<li>Le <strong>tende a vetro con ganci o anelli<\/strong> presentano, invece, dei piccoli anelli, ganci per tende senza forare, in cui passa il bastone di supporto che sono a loro volta agganciati al tessuto;<\/li>\n<\/ul>\n<p>Nel caso di tende con tunnel e tende con passanti la misura della tenda corrisponde esattamente a quella del vetro, in larghezza e in lunghezza; nel caso di tende a vetro con laccetti, con ganci o anelli si dovranno prevedere delle misure che tengano conto dello spazio occupato da questi elementi.<\/p>\n<p>\u00c8 possibile pensare di fissare la tenda al vetro anche con il velcro, con chiodini o con appositi supporti adesivi: per non sbagliare ricordiamoci di prendere le misure includendo anche la cornice del vetro.<\/p>\n<p><img loading=\"lazy\" decoding=\"async\" class=\"alignnone wp-image-3064 size-full\" title=\"tendina da vetro\" src=\"https:\/\/blog.carillohome.com\/wp-content\/uploads\/2023\/03\/tendina-da-vetro.jpg\" alt=\"tendina da vetro\" width=\"945\" height=\"630\" srcset=\"https:\/\/blog.carillohome.com\/wp-content\/uploads\/2023\/03\/tendina-da-vetro.jpg 945w, https:\/\/blog.carillohome.com\/wp-content\/uploads\/2023\/03\/tendina-da-vetro-300x200.jpg 300w, https:\/\/blog.carillohome.com\/wp-content\/uploads\/2023\/03\/tendina-da-vetro-768x512.jpg 768w, https:\/\/blog.carillohome.com\/wp-content\/uploads\/2023\/03\/tendina-da-vetro-600x400.jpg 600w\" sizes=\"auto, (max-width: 945px) 100vw, 945px\" \/><\/p>\n<h2 class=\"western\"><span style=\"background: white;\">Montare le tende a vetro con le bacchette<\/span><\/h2>\n<p>L\u2019installazione delle tende a vetro \u00e8 davvero immediata e semplice, grazie all\u2019utilizzo di appositi bastoni e <strong>astine per tende a vetro<\/strong>. Le <strong>aste per tendine a vetro<\/strong> sono da preferire quando si desidera ottenere un effetto teso con la tenda completamente aderente all\u2019intera superficie del vetro. I <strong>bastoncini per tende a vetro<\/strong>, invece, sono da considerare per ottenere un effetto pi\u00f9 dinamico e arricciato nel caso di tende con passanti.<\/p>\n<p>Di certo il sistema universalmente riconosciuto come valido per montare tendine a vetro senza bucare gli infissi \u00e8 quello che prevede l\u2019utilizzo di <strong>bacchette a molla per tende a vetro<\/strong>. Grazie alla presenza di una molla interna alla bacchetta questo elemento \u00e8 capace di restringersi o allargarsi, adattandosi alle dimensioni del vetro. Anche i bastoni per tende possono essere utilizzati senza forare la cornice della finestra, utilizzando appositi ganci adesivi che accolgono la parte iniziale e finale dell\u2019elemento di supporto.<\/p>\n<p>Una volta fissate al vetro le tendine possono essere sistemate secondo i diversi gusti, con calamite da usare per donare un effetto arricciato o semiraccolto e personalizzare in modo originale l\u2019arredamento di casa soprattutto nel caso delle tende a vetro da camera e delle tendine a vetro per la cameretta dei bambini.<\/p>\n<p><a href=\"https:\/\/www.carillohome.com\/it\/tende-e-bastoni\/tende-a-vetro\/\" target=\"_blank\" rel=\"noopener noreferrer\"><img loading=\"lazy\" decoding=\"async\" class=\"alignnone wp-image-3060 size-full\" title=\"banner tende a vetro\" src=\"https:\/\/blog.carillohome.com\/wp-content\/uploads\/2023\/03\/banner-tende-a-vetro.jpg\" alt=\"banner tende a vetro\" width=\"945\" height=\"315\" srcset=\"https:\/\/blog.carillohome.com\/wp-content\/uploads\/2023\/03\/banner-tende-a-vetro.jpg 945w, https:\/\/blog.carillohome.com\/wp-content\/uploads\/2023\/03\/banner-tende-a-vetro-300x100.jpg 300w, https:\/\/blog.carillohome.com\/wp-content\/uploads\/2023\/03\/banner-tende-a-vetro-768x256.jpg 768w, https:\/\/blog.carillohome.com\/wp-content\/uploads\/2023\/03\/banner-tende-a-vetro-600x200.jpg 600w\" sizes=\"auto, (max-width: 945px) 100vw, 945px\" \/><\/a><\/p>\n<h2 class=\"western\"><span style=\"background: white;\">Tende a pacchetto: le diverse tipologie<\/span><\/h2>\n<p>Tra le tipologie di tende a vetro regolabili, come le <a href=\"https:\/\/www.carillohome.com\/it\/tende-e-bastoni\/tende-a-rullo\/\" target=\"_blank\" rel=\"noopener noreferrer\">tende a rullo<\/a>, spiccano per eleganza e stile le tende a pacchetto. Si adattano a tutte le stanze della casa e la loro caratteristica principale consiste nel movimento verticale: possono essere chiuse o aperte tramite fili di comando, le cosiddette cordine che coordinano l\u2019effetto di \u201cimpacchettamento\u201d.<\/p>\n<p>Le <strong>tende a pacchetto in bagno e in cucina<\/strong> sono generalmente ancorate direttamente sul vetro e si dividono in tre principali tipologie:<\/p>\n<ul>\n<li>Le <strong>tende a pacchetto teso<\/strong> si compongono di un semplice telo di tessuto liscio che si chiude a pacchetto verso l\u2019alto e si \u201cspacchetta\u201d verso il basso;<\/li>\n<li>Le <strong>tende a pacchetto steccato<\/strong> si distinguono per la presenza di tasche ad intervalli regolari in cui sono inserite delle stecche per un effetto di impacchettamento geometrico molto ordinato ed elegante;<\/li>\n<li>Le <strong>tende a pacchetto arricciato<\/strong> sono note anche come tende a palloncino perch\u00e9 confezionate a partire dalla selezione di tessuti morbidi che regalano un\u2019immagine pi\u00f9 rigonfia durante la chiusura;<\/li>\n<\/ul>\n<p>Vuoi scegliere le migliori <a href=\"https:\/\/www.carillohome.com\/it\/tende-e-bastoni\/tende-sartoriali\/\" target=\"_blank\" rel=\"noopener noreferrer\">tende sartoriali<\/a> e tendine a vetro per la tua casa? Scopri le proposte di tendine a vetro online di <a href=\"https:\/\/www.carillohome.com\/it\/\" target=\"_blank\" rel=\"noopener noreferrer\">Carillo Home<\/a> e punta su eleganza stilistica e tessuti di alta qualit\u00e0 che durano nel tempo!<\/p>\n","protected":false},"excerpt":{"rendered":"<p>La scelta delle tende \u00e8 un momento particolarmente importante quando si decide di arredare casa secondo le proprie esigenze e i propri gusti: a guidare la selezione di tende e tessuti, in primo luogo, \u00e8 sempre la misura delle finestre o delle portefinestre disseminate all\u2019interno dell\u2019abitazione. Le soluzioni sono molteplici e dipendono dalle dimensioni ma&#8230;<\/p>\n","protected":false},"author":1,"featured_media":3063,"comment_status":"closed","ping_status":"closed","sticky":true,"template":"","format":"standard","meta":{"footnotes":""},"categories":[17],"tags":[],"class_list":["post-3059","post","type-post","status-publish","format-standard","has-post-thumbnail","hentry","category-how-to"],"yoast_head":"<!-- This site is optimized with the Yoast SEO plugin v27.4 - https:\/\/yoast.com\/product\/yoast-seo-wordpress\/ -->\n<title>Tende a vetro senza bucare gli infissi? \u00c8 possibile!- Carillo Home<\/title>\n<meta name=\"description\" content=\"Carillo Home ci guida alla scoperta delle tende a vetro e di tutte le soluzioni stilistiche e pratiche per installarle senza bucare gli infissi!\" \/>\n<meta name=\"robots\" content=\"index, follow, max-snippet:-1, max-image-preview:large, max-video-preview:-1\" \/>\n<link rel=\"canonical\" href=\"https:\/\/www.carillohome.com\/blog\/tende-a-vetro-senza-bucare-gli-infissi\/\" \/>\n<meta property=\"og:locale\" content=\"it_IT\" \/>\n<meta property=\"og:type\" content=\"article\" \/>\n<meta property=\"og:title\" content=\"Tende a vetro senza bucare gli infissi? \u00c8 possibile!- Carillo Home\" \/>\n<meta property=\"og:description\" content=\"Carillo Home ci guida alla scoperta delle tende a vetro e di tutte le soluzioni stilistiche e pratiche per installarle senza bucare gli infissi!\" \/>\n<meta property=\"og:url\" content=\"https:\/\/www.carillohome.com\/blog\/tende-a-vetro-senza-bucare-gli-infissi\/\" \/>\n<meta property=\"og:site_name\" content=\"Carillo Home Blog\" \/>\n<meta property=\"article:published_time\" content=\"2023-03-16T10:49:01+00:00\" \/>\n<meta property=\"article:modified_time\" content=\"2024-07-30T10:09:52+00:00\" \/>\n<meta property=\"og:image\" content=\"https:\/\/blog.carillohome.com\/wp-content\/uploads\/2023\/03\/tende-a-vetro.jpg\" \/>\n\t<meta property=\"og:image:width\" content=\"1200\" \/>\n\t<meta property=\"og:image:height\" content=\"800\" \/>\n\t<meta property=\"og:image:type\" content=\"image\/jpeg\" \/>\n<meta name=\"author\" content=\"matrixconsulting\" \/>\n<meta name=\"twitter:card\" content=\"summary_large_image\" \/>\n<meta name=\"twitter:label1\" content=\"Scritto da\" \/>\n\t<meta name=\"twitter:data1\" content=\"matrixconsulting\" \/>\n\t<meta name=\"twitter:label2\" content=\"Tempo di lettura stimato\" \/>\n\t<meta name=\"twitter:data2\" content=\"5 minuti\" \/>\n<script type=\"application\/ld+json\" class=\"yoast-schema-graph\">{\"@context\":\"https:\\\/\\\/schema.org\",\"@graph\":[{\"@type\":\"Article\",\"@id\":\"https:\\\/\\\/www.carillohome.com\\\/blog\\\/tende-a-vetro-senza-bucare-gli-infissi\\\/#article\",\"isPartOf\":{\"@id\":\"https:\\\/\\\/www.carillohome.com\\\/blog\\\/tende-a-vetro-senza-bucare-gli-infissi\\\/\"},\"author\":{\"name\":\"matrixconsulting\",\"@id\":\"https:\\\/\\\/www.carillohome.com\\\/blog\\\/#\\\/schema\\\/person\\\/f21041096f5e302d2bb374bb0a2d6fd1\"},\"headline\":\"Tende a vetro senza bucare gli infissi? \u00c8 possibile!\",\"datePublished\":\"2023-03-16T10:49:01+00:00\",\"dateModified\":\"2024-07-30T10:09:52+00:00\",\"mainEntityOfPage\":{\"@id\":\"https:\\\/\\\/www.carillohome.com\\\/blog\\\/tende-a-vetro-senza-bucare-gli-infissi\\\/\"},\"wordCount\":1090,\"image\":{\"@id\":\"https:\\\/\\\/www.carillohome.com\\\/blog\\\/tende-a-vetro-senza-bucare-gli-infissi\\\/#primaryimage\"},\"thumbnailUrl\":\"https:\\\/\\\/blog.carillohome.com\\\/wp-content\\\/uploads\\\/2023\\\/03\\\/tende-a-vetro.jpg\",\"articleSection\":[\"How To\"],\"inLanguage\":\"it-IT\"},{\"@type\":\"WebPage\",\"@id\":\"https:\\\/\\\/www.carillohome.com\\\/blog\\\/tende-a-vetro-senza-bucare-gli-infissi\\\/\",\"url\":\"https:\\\/\\\/www.carillohome.com\\\/blog\\\/tende-a-vetro-senza-bucare-gli-infissi\\\/\",\"name\":\"Tende a vetro senza bucare gli infissi? \u00c8 possibile!- Carillo Home\",\"isPartOf\":{\"@id\":\"https:\\\/\\\/www.carillohome.com\\\/blog\\\/#website\"},\"primaryImageOfPage\":{\"@id\":\"https:\\\/\\\/www.carillohome.com\\\/blog\\\/tende-a-vetro-senza-bucare-gli-infissi\\\/#primaryimage\"},\"image\":{\"@id\":\"https:\\\/\\\/www.carillohome.com\\\/blog\\\/tende-a-vetro-senza-bucare-gli-infissi\\\/#primaryimage\"},\"thumbnailUrl\":\"https:\\\/\\\/blog.carillohome.com\\\/wp-content\\\/uploads\\\/2023\\\/03\\\/tende-a-vetro.jpg\",\"datePublished\":\"2023-03-16T10:49:01+00:00\",\"dateModified\":\"2024-07-30T10:09:52+00:00\",\"author\":{\"@id\":\"https:\\\/\\\/www.carillohome.com\\\/blog\\\/#\\\/schema\\\/person\\\/f21041096f5e302d2bb374bb0a2d6fd1\"},\"description\":\"Carillo Home ci guida alla scoperta delle tende a vetro e di tutte le soluzioni stilistiche e pratiche per installarle senza bucare gli infissi!\",\"breadcrumb\":{\"@id\":\"https:\\\/\\\/www.carillohome.com\\\/blog\\\/tende-a-vetro-senza-bucare-gli-infissi\\\/#breadcrumb\"},\"inLanguage\":\"it-IT\",\"potentialAction\":[{\"@type\":\"ReadAction\",\"target\":[\"https:\\\/\\\/www.carillohome.com\\\/blog\\\/tende-a-vetro-senza-bucare-gli-infissi\\\/\"]}]},{\"@type\":\"ImageObject\",\"inLanguage\":\"it-IT\",\"@id\":\"https:\\\/\\\/www.carillohome.com\\\/blog\\\/tende-a-vetro-senza-bucare-gli-infissi\\\/#primaryimage\",\"url\":\"https:\\\/\\\/blog.carillohome.com\\\/wp-content\\\/uploads\\\/2023\\\/03\\\/tende-a-vetro.jpg\",\"contentUrl\":\"https:\\\/\\\/blog.carillohome.com\\\/wp-content\\\/uploads\\\/2023\\\/03\\\/tende-a-vetro.jpg\",\"width\":1200,\"height\":800,\"caption\":\"tende a vetro\"},{\"@type\":\"BreadcrumbList\",\"@id\":\"https:\\\/\\\/www.carillohome.com\\\/blog\\\/tende-a-vetro-senza-bucare-gli-infissi\\\/#breadcrumb\",\"itemListElement\":[{\"@type\":\"ListItem\",\"position\":1,\"name\":\"Home\",\"item\":\"https:\\\/\\\/www.carillohome.com\\\/blog\\\/\"},{\"@type\":\"ListItem\",\"position\":2,\"name\":\"Tende a vetro senza bucare gli infissi? \u00c8 possibile!\"}]},{\"@type\":\"WebSite\",\"@id\":\"https:\\\/\\\/www.carillohome.com\\\/blog\\\/#website\",\"url\":\"https:\\\/\\\/www.carillohome.com\\\/blog\\\/\",\"name\":\"Carillo Home Blog\",\"description\":\"\",\"potentialAction\":[{\"@type\":\"SearchAction\",\"target\":{\"@type\":\"EntryPoint\",\"urlTemplate\":\"https:\\\/\\\/www.carillohome.com\\\/blog\\\/?s={search_term_string}\"},\"query-input\":{\"@type\":\"PropertyValueSpecification\",\"valueRequired\":true,\"valueName\":\"search_term_string\"}}],\"inLanguage\":\"it-IT\"},{\"@type\":\"Person\",\"@id\":\"https:\\\/\\\/www.carillohome.com\\\/blog\\\/#\\\/schema\\\/person\\\/f21041096f5e302d2bb374bb0a2d6fd1\",\"name\":\"matrixconsulting\",\"image\":{\"@type\":\"ImageObject\",\"inLanguage\":\"it-IT\",\"@id\":\"https:\\\/\\\/secure.gravatar.com\\\/avatar\\\/f49d301130b38e3c7fd149b9ccada20ea06e5ed1efc366e565f7a4f1ae209b6a?s=96&d=mm&r=g\",\"url\":\"https:\\\/\\\/secure.gravatar.com\\\/avatar\\\/f49d301130b38e3c7fd149b9ccada20ea06e5ed1efc366e565f7a4f1ae209b6a?s=96&d=mm&r=g\",\"contentUrl\":\"https:\\\/\\\/secure.gravatar.com\\\/avatar\\\/f49d301130b38e3c7fd149b9ccada20ea06e5ed1efc366e565f7a4f1ae209b6a?s=96&d=mm&r=g\",\"caption\":\"matrixconsulting\"}}]}<\/script>\n<!-- \/ Yoast SEO plugin. -->","yoast_head_json":{"title":"Tende a vetro senza bucare gli infissi? \u00c8 possibile!- Carillo Home","description":"Carillo Home ci guida alla scoperta delle tende a vetro e di tutte le soluzioni stilistiche e pratiche per installarle senza bucare gli infissi!","robots":{"index":"index","follow":"follow","max-snippet":"max-snippet:-1","max-image-preview":"max-image-preview:large","max-video-preview":"max-video-preview:-1"},"canonical":"https:\/\/www.carillohome.com\/blog\/tende-a-vetro-senza-bucare-gli-infissi\/","og_locale":"it_IT","og_type":"article","og_title":"Tende a vetro senza bucare gli infissi? \u00c8 possibile!- Carillo Home","og_description":"Carillo Home ci guida alla scoperta delle tende a vetro e di tutte le soluzioni stilistiche e pratiche per installarle senza bucare gli infissi!","og_url":"https:\/\/www.carillohome.com\/blog\/tende-a-vetro-senza-bucare-gli-infissi\/","og_site_name":"Carillo Home Blog","article_published_time":"2023-03-16T10:49:01+00:00","article_modified_time":"2024-07-30T10:09:52+00:00","og_image":[{"width":1200,"height":800,"url":"https:\/\/blog.carillohome.com\/wp-content\/uploads\/2023\/03\/tende-a-vetro.jpg","type":"image\/jpeg"}],"author":"matrixconsulting","twitter_card":"summary_large_image","twitter_misc":{"Scritto da":"matrixconsulting","Tempo di lettura stimato":"5 minuti"},"schema":{"@context":"https:\/\/schema.org","@graph":[{"@type":"Article","@id":"https:\/\/www.carillohome.com\/blog\/tende-a-vetro-senza-bucare-gli-infissi\/#article","isPartOf":{"@id":"https:\/\/www.carillohome.com\/blog\/tende-a-vetro-senza-bucare-gli-infissi\/"},"author":{"name":"matrixconsulting","@id":"https:\/\/www.carillohome.com\/blog\/#\/schema\/person\/f21041096f5e302d2bb374bb0a2d6fd1"},"headline":"Tende a vetro senza bucare gli infissi? \u00c8 possibile!","datePublished":"2023-03-16T10:49:01+00:00","dateModified":"2024-07-30T10:09:52+00:00","mainEntityOfPage":{"@id":"https:\/\/www.carillohome.com\/blog\/tende-a-vetro-senza-bucare-gli-infissi\/"},"wordCount":1090,"image":{"@id":"https:\/\/www.carillohome.com\/blog\/tende-a-vetro-senza-bucare-gli-infissi\/#primaryimage"},"thumbnailUrl":"https:\/\/blog.carillohome.com\/wp-content\/uploads\/2023\/03\/tende-a-vetro.jpg","articleSection":["How To"],"inLanguage":"it-IT"},{"@type":"WebPage","@id":"https:\/\/www.carillohome.com\/blog\/tende-a-vetro-senza-bucare-gli-infissi\/","url":"https:\/\/www.carillohome.com\/blog\/tende-a-vetro-senza-bucare-gli-infissi\/","name":"Tende a vetro senza bucare gli infissi? \u00c8 possibile!- Carillo Home","isPartOf":{"@id":"https:\/\/www.carillohome.com\/blog\/#website"},"primaryImageOfPage":{"@id":"https:\/\/www.carillohome.com\/blog\/tende-a-vetro-senza-bucare-gli-infissi\/#primaryimage"},"image":{"@id":"https:\/\/www.carillohome.com\/blog\/tende-a-vetro-senza-bucare-gli-infissi\/#primaryimage"},"thumbnailUrl":"https:\/\/blog.carillohome.com\/wp-content\/uploads\/2023\/03\/tende-a-vetro.jpg","datePublished":"2023-03-16T10:49:01+00:00","dateModified":"2024-07-30T10:09:52+00:00","author":{"@id":"https:\/\/www.carillohome.com\/blog\/#\/schema\/person\/f21041096f5e302d2bb374bb0a2d6fd1"},"description":"Carillo Home ci guida alla scoperta delle tende a vetro e di tutte le soluzioni stilistiche e pratiche per installarle senza bucare gli infissi!","breadcrumb":{"@id":"https:\/\/www.carillohome.com\/blog\/tende-a-vetro-senza-bucare-gli-infissi\/#breadcrumb"},"inLanguage":"it-IT","potentialAction":[{"@type":"ReadAction","target":["https:\/\/www.carillohome.com\/blog\/tende-a-vetro-senza-bucare-gli-infissi\/"]}]},{"@type":"ImageObject","inLanguage":"it-IT","@id":"https:\/\/www.carillohome.com\/blog\/tende-a-vetro-senza-bucare-gli-infissi\/#primaryimage","url":"https:\/\/blog.carillohome.com\/wp-content\/uploads\/2023\/03\/tende-a-vetro.jpg","contentUrl":"https:\/\/blog.carillohome.com\/wp-content\/uploads\/2023\/03\/tende-a-vetro.jpg","width":1200,"height":800,"caption":"tende a vetro"},{"@type":"BreadcrumbList","@id":"https:\/\/www.carillohome.com\/blog\/tende-a-vetro-senza-bucare-gli-infissi\/#breadcrumb","itemListElement":[{"@type":"ListItem","position":1,"name":"Home","item":"https:\/\/www.carillohome.com\/blog\/"},{"@type":"ListItem","position":2,"name":"Tende a vetro senza bucare gli infissi? \u00c8 possibile!"}]},{"@type":"WebSite","@id":"https:\/\/www.carillohome.com\/blog\/#website","url":"https:\/\/www.carillohome.com\/blog\/","name":"Carillo Home Blog","description":"","potentialAction":[{"@type":"SearchAction","target":{"@type":"EntryPoint","urlTemplate":"https:\/\/www.carillohome.com\/blog\/?s={search_term_string}"},"query-input":{"@type":"PropertyValueSpecification","valueRequired":true,"valueName":"search_term_string"}}],"inLanguage":"it-IT"},{"@type":"Person","@id":"https:\/\/www.carillohome.com\/blog\/#\/schema\/person\/f21041096f5e302d2bb374bb0a2d6fd1","name":"matrixconsulting","image":{"@type":"ImageObject","inLanguage":"it-IT","@id":"https:\/\/secure.gravatar.com\/avatar\/f49d301130b38e3c7fd149b9ccada20ea06e5ed1efc366e565f7a4f1ae209b6a?s=96&d=mm&r=g","url":"https:\/\/secure.gravatar.com\/avatar\/f49d301130b38e3c7fd149b9ccada20ea06e5ed1efc366e565f7a4f1ae209b6a?s=96&d=mm&r=g","contentUrl":"https:\/\/secure.gravatar.com\/avatar\/f49d301130b38e3c7fd149b9ccada20ea06e5ed1efc366e565f7a4f1ae209b6a?s=96&d=mm&r=g","caption":"matrixconsulting"}}]}},"_links":{"self":[{"href":"https:\/\/www.carillohome.com\/blog\/wp-json\/wp\/v2\/posts\/3059","targetHints":{"allow":["GET"]}}],"collection":[{"href":"https:\/\/www.carillohome.com\/blog\/wp-json\/wp\/v2\/posts"}],"about":[{"href":"https:\/\/www.carillohome.com\/blog\/wp-json\/wp\/v2\/types\/post"}],"author":[{"embeddable":true,"href":"https:\/\/www.carillohome.com\/blog\/wp-json\/wp\/v2\/users\/1"}],"replies":[{"embeddable":true,"href":"https:\/\/www.carillohome.com\/blog\/wp-json\/wp\/v2\/comments?post=3059"}],"version-history":[{"count":0,"href":"https:\/\/www.carillohome.com\/blog\/wp-json\/wp\/v2\/posts\/3059\/revisions"}],"wp:featuredmedia":[{"embeddable":true,"href":"https:\/\/www.carillohome.com\/blog\/wp-json\/wp\/v2\/media\/3063"}],"wp:attachment":[{"href":"https:\/\/www.carillohome.com\/blog\/wp-json\/wp\/v2\/media?parent=3059"}],"wp:term":[{"taxonomy":"category","embeddable":true,"href":"https:\/\/www.carillohome.com\/blog\/wp-json\/wp\/v2\/categories?post=3059"},{"taxonomy":"post_tag","embeddable":true,"href":"https:\/\/www.carillohome.com\/blog\/wp-json\/wp\/v2\/tags?post=3059"}],"curies":[{"name":"wp","href":"https:\/\/api.w.org\/{rel}","templated":true}]}}