{"id":2995,"date":"2023-01-12T13:49:10","date_gmt":"2023-01-12T12:49:10","guid":{"rendered":"https:\/\/blog.carillohome.com\/?p=2995"},"modified":"2023-04-03T10:23:24","modified_gmt":"2023-04-03T08:23:24","slug":"tendenze-casa-2023-i-colori-e-le-stampe","status":"publish","type":"post","link":"https:\/\/www.carillohome.com\/blog\/tendenze-casa-2023-i-colori-e-le-stampe\/","title":{"rendered":"Tendenze casa 2023: i colori e le stampe pi\u00f9 glamour del momento"},"content":{"rendered":"<p><img loading=\"lazy\" decoding=\"async\" class=\"alignnone wp-image-3001 size-full\" src=\"https:\/\/blog.carillohome.com\/wp-content\/uploads\/2023\/01\/tendenze-arredamento-2023.jpg\" alt=\"tendenze arredamento 2023\" width=\"1200\" height=\"800\" srcset=\"https:\/\/blog.carillohome.com\/wp-content\/uploads\/2023\/01\/tendenze-arredamento-2023.jpg 1200w, https:\/\/blog.carillohome.com\/wp-content\/uploads\/2023\/01\/tendenze-arredamento-2023-300x200.jpg 300w, https:\/\/blog.carillohome.com\/wp-content\/uploads\/2023\/01\/tendenze-arredamento-2023-768x512.jpg 768w, https:\/\/blog.carillohome.com\/wp-content\/uploads\/2023\/01\/tendenze-arredamento-2023-1024x683.jpg 1024w, https:\/\/blog.carillohome.com\/wp-content\/uploads\/2023\/01\/tendenze-arredamento-2023-600x400.jpg 600w\" sizes=\"auto, (max-width: 1200px) 100vw, 1200px\" \/><\/p>\n<p>Con l\u2019arrivo del nuovo anno esplodono le nuove <strong>tendenze in fatto di arredamento<\/strong>: dalle influenze naturali ai materiali di lusso, passando per colori tenui e forme sinuose.<\/p>\n<p>Le ispirazioni in arrivo dal mondo dell\u2019interior design ci mostrano una casa che ama trasformarsi di stagione in stagione conservando sempre la sua proverbiale accoglienza, una casa da vivere in ogni ambiente senza lasciare nessun dettaglio al caso. Insieme a <a href=\"https:\/\/www.carillohome.com\/it\/\" target=\"_blank\" rel=\"noopener noreferrer\">Carillo Home<\/a> scopriamo quali sono le tendenze arredo di questo 2023!<\/p>\n<p><a href=\"https:\/\/www.carillohome.com\/it\/biancheria-da-letto\/\" target=\"_blank\" rel=\"noopener noreferrer\"><img loading=\"lazy\" decoding=\"async\" class=\"alignnone wp-image-2997 size-full\" src=\"https:\/\/blog.carillohome.com\/wp-content\/uploads\/2023\/01\/biancheria-da-letto-floreale.jpg\" alt=\"biancheria da letto floreale\" width=\"945\" height=\"630\" srcset=\"https:\/\/blog.carillohome.com\/wp-content\/uploads\/2023\/01\/biancheria-da-letto-floreale.jpg 945w, https:\/\/blog.carillohome.com\/wp-content\/uploads\/2023\/01\/biancheria-da-letto-floreale-300x200.jpg 300w, https:\/\/blog.carillohome.com\/wp-content\/uploads\/2023\/01\/biancheria-da-letto-floreale-768x512.jpg 768w, https:\/\/blog.carillohome.com\/wp-content\/uploads\/2023\/01\/biancheria-da-letto-floreale-600x400.jpg 600w\" sizes=\"auto, (max-width: 945px) 100vw, 945px\" \/><\/a><\/p>\n<h2 class=\"western\">A tutta natura: la casa si riempie di ispirazioni wild<\/h2>\n<p>Gli <strong>elementi naturali<\/strong> prendono il sopravvento nell\u2019arredamento in voga quest\u2019anno. Questa sar\u00e0 una tendenza che ci accompagner\u00e0 lungo tutti i dodici mesi appena cominciati e si rafforzer\u00e0 con l\u2019arrivo della bella stagione.&nbsp;<\/p>\n<p>Il consiglio \u00e8 quello di inserire un elemento naturale in ogni ambiente della casa: non solo piante che trasformano gli spazi in una giungla domestica, ma anche <strong>tessuti con stampe a tema floreale e botanico<\/strong>, materiali naturali e colori che richiamano atmosfere wild, come tutti i toni del verde e del marrone.<\/p>\n<p>Il benessere dell\u2019abitare viene espresso dalla scelta di tessili rassicuranti e affidabili, in <strong>cotone, velluto e lana<\/strong>, mentre la casa si riempie di elementi in ceramica, pietra e legno per un 2023 che trasporta il mondo selvaggio all\u2019interno delle mura domestiche.<\/p>\n<p><a href=\"https:\/\/www.carillohome.com\/it\/biancheria-da-letto\/\" target=\"_blank\" rel=\"noopener noreferrer\"><img loading=\"lazy\" decoding=\"async\" class=\"alignnone wp-image-2998 size-full\" src=\"https:\/\/blog.carillohome.com\/wp-content\/uploads\/2023\/01\/biancheria-da-letto-geometrica.jpg\" alt=\"biancheria da letto geometrica\" width=\"945\" height=\"630\" srcset=\"https:\/\/blog.carillohome.com\/wp-content\/uploads\/2023\/01\/biancheria-da-letto-geometrica.jpg 945w, https:\/\/blog.carillohome.com\/wp-content\/uploads\/2023\/01\/biancheria-da-letto-geometrica-300x200.jpg 300w, https:\/\/blog.carillohome.com\/wp-content\/uploads\/2023\/01\/biancheria-da-letto-geometrica-768x512.jpg 768w, https:\/\/blog.carillohome.com\/wp-content\/uploads\/2023\/01\/biancheria-da-letto-geometrica-600x400.jpg 600w\" sizes=\"auto, (max-width: 945px) 100vw, 945px\" \/><\/a><\/p>\n<h2 class=\"western\">Morbidezza e rotondit\u00e0 negli angoli di casa: armonia di forme<\/h2>\n<p>Un\u2019altra delle tendenze pi\u00f9 acclamate per questo 2023 riguarda la scelta di puntare su dettagli architettonici e di design dall\u2019impatto armonico. A dominare sono le forme rotonde che ricordano fianchi sinuosi e sensuali: ben vengano mobili arrotondati, <strong>tappeti dalla forma sferica<\/strong>, divani e poltrone dagli angoli morbidi e le tanto amate sedie a forma di tulipano.<\/p>\n<p>Non \u00e8 tutto: anche nella scelta delle fantasie tessili si fa strada la moda delle rotondit\u00e0 e si punta a <strong>stampe che richiamano curve<\/strong>, cerchi e forme sinuose. Non c\u2019\u00e8 spazio per la rigidit\u00e0 della squadratura in questo 2023 che invita all\u2019armonia e all\u2019abbraccio tra stile ed eleganza.<\/p>\n<p><a href=\"https:\/\/www.carillohome.com\/it\/biancheria-da-letto\/\" target=\"_blank\" rel=\"noopener noreferrer\"><img loading=\"lazy\" decoding=\"async\" class=\"alignnone wp-image-3002 size-full\" src=\"https:\/\/blog.carillohome.com\/wp-content\/uploads\/2023\/01\/trapunta-in-velluto-colori-tenui.jpg\" alt=\"trapunta in velluto in color tenui\" width=\"945\" height=\"630\" srcset=\"https:\/\/blog.carillohome.com\/wp-content\/uploads\/2023\/01\/trapunta-in-velluto-colori-tenui.jpg 945w, https:\/\/blog.carillohome.com\/wp-content\/uploads\/2023\/01\/trapunta-in-velluto-colori-tenui-300x200.jpg 300w, https:\/\/blog.carillohome.com\/wp-content\/uploads\/2023\/01\/trapunta-in-velluto-colori-tenui-768x512.jpg 768w, https:\/\/blog.carillohome.com\/wp-content\/uploads\/2023\/01\/trapunta-in-velluto-colori-tenui-600x400.jpg 600w\" sizes=\"auto, (max-width: 945px) 100vw, 945px\" \/><\/a><\/p>\n<h2 class=\"western\">Colori tenui e tonalit\u00e0 delicate per esprimere eleganza e gioia<\/h2>\n<p>Passiamo alla cartella colori consigliata per le scelte di arredamento di questo nuovo anno: le sfumature cromatiche pi\u00f9 apprezzate sono quelle che trasmettono un\u2019immediata sensazione di tranquillit\u00e0 e serenit\u00e0. La felicit\u00e0 deve essere una scelta a partire dalle <strong>tonalit\u00e0 selezionate per la propria casa<\/strong>.<\/p>\n<p>La pace tra le mura domestiche \u00e8 ben rappresentata da colori tenui e delicati come il lavanda, nella sua versione 3.0, il <strong>digital lavender<\/strong>, una tonalit\u00e0 pastello molto soave capace di trasmettere eleganza e gioia, ma anche tanto relax.<\/p>\n<p><a href=\"https:\/\/www.carillohome.com\/it\/biancheria-da-letto\/\" target=\"_blank\" rel=\"noopener noreferrer\"><img loading=\"lazy\" decoding=\"async\" class=\"alignnone wp-image-3000 size-full\" src=\"https:\/\/blog.carillohome.com\/wp-content\/uploads\/2023\/01\/pouf-elementi-di-arredo.jpg\" alt=\"pouf elementi di arredo\" width=\"945\" height=\"630\" srcset=\"https:\/\/blog.carillohome.com\/wp-content\/uploads\/2023\/01\/pouf-elementi-di-arredo.jpg 945w, https:\/\/blog.carillohome.com\/wp-content\/uploads\/2023\/01\/pouf-elementi-di-arredo-300x200.jpg 300w, https:\/\/blog.carillohome.com\/wp-content\/uploads\/2023\/01\/pouf-elementi-di-arredo-768x512.jpg 768w, https:\/\/blog.carillohome.com\/wp-content\/uploads\/2023\/01\/pouf-elementi-di-arredo-600x400.jpg 600w\" sizes=\"auto, (max-width: 945px) 100vw, 945px\" \/><\/a><\/p>\n<h2 class=\"western\">Materiali di lusso ed elementi chic per opulente atmosfere da interno<\/h2>\n<p>I trend che riguardano l\u2019interior design sono spesso estremamente contradditori tra di loro, per cui se da un lato abbiamo la delicatezza nella scelta dei colori dall\u2019altra parte abbiamo la tendenza all\u2019opulenza con la moda di inserire dettagli molto lussuosi nei vari angoli della casa. Gli ambienti si arricchiscono di tocchi glamour attraverso la scelta di <strong>texture preziose e molto eleganti<\/strong>, che colpiscono al primo sguardo.<\/p>\n<p>Pi\u00f9 di un semplice rifugio familiare, la casa si trasforma in un albergo a cinque stelle con tessuti ricercati, trame sofisticate e colori che ricordano i metalli pi\u00f9 pregiati. <strong>Oro, bronzo, ottone e argento<\/strong> si rincorrono in preziosi intrecci che caratterizzano elementi decorativi e tessili.<\/p>\n<p><a href=\"https:\/\/www.carillohome.com\/it\/biancheria-da-letto\/\" target=\"_blank\" rel=\"noopener noreferrer\"><img loading=\"lazy\" decoding=\"async\" class=\"alignnone wp-image-2999 size-full\" src=\"https:\/\/blog.carillohome.com\/wp-content\/uploads\/2023\/01\/cuscini-arredo.jpg\" alt=\"cuscini arredo\" width=\"945\" height=\"630\" srcset=\"https:\/\/blog.carillohome.com\/wp-content\/uploads\/2023\/01\/cuscini-arredo.jpg 945w, https:\/\/blog.carillohome.com\/wp-content\/uploads\/2023\/01\/cuscini-arredo-300x200.jpg 300w, https:\/\/blog.carillohome.com\/wp-content\/uploads\/2023\/01\/cuscini-arredo-768x512.jpg 768w, https:\/\/blog.carillohome.com\/wp-content\/uploads\/2023\/01\/cuscini-arredo-600x400.jpg 600w\" sizes=\"auto, (max-width: 945px) 100vw, 945px\" \/><\/a><\/p>\n<h2 class=\"western\">Una sana qualit\u00e0 della vita: tendenza al benessere nell\u2019interior design<\/h2>\n<p>Anche nel 2023 si conferma la tendenza all\u2019acquisizione di uno stile di vita sempre pi\u00f9 sano: al centro di tutto c\u2019\u00e8 il benessere psicofisico di ognuno di noi da perseguire in vari modi a partire dall\u2019<strong>arredamento ottimale degli spazi di casa<\/strong>. Gli ambienti vanno curati nei minimi dettagli per essere certi di vivere la quotidianit\u00e0 nel migliore dei modi, eliminando lo stress accumulato durante le ore di lavoro quando si rientra a casa e ci si lascia tutta la tensione alle spalle.<\/p>\n<p>La tendenza che sta spopolando \u00e8 quella di creare dei veri e propri angoli di pace in casa per ritrovare il proprio equilibrio mentale, come <strong>comodi angoli lettura con cuscini arredo<\/strong> e verdi corner in cui praticare discipline rilassanti.<\/p>\n<p><a href=\"https:\/\/www.carillohome.com\/it\/\" target=\"_blank\" rel=\"noopener noreferrer\"><img loading=\"lazy\" decoding=\"async\" class=\"alignnone wp-image-2996 size-full\" src=\"https:\/\/blog.carillohome.com\/wp-content\/uploads\/2023\/01\/banner-tendenze.jpg\" alt=\"banner tendenze\" width=\"945\" height=\"315\" srcset=\"https:\/\/blog.carillohome.com\/wp-content\/uploads\/2023\/01\/banner-tendenze.jpg 945w, https:\/\/blog.carillohome.com\/wp-content\/uploads\/2023\/01\/banner-tendenze-300x100.jpg 300w, https:\/\/blog.carillohome.com\/wp-content\/uploads\/2023\/01\/banner-tendenze-768x256.jpg 768w, https:\/\/blog.carillohome.com\/wp-content\/uploads\/2023\/01\/banner-tendenze-600x200.jpg 600w\" sizes=\"auto, (max-width: 945px) 100vw, 945px\" \/><\/a><\/p>\n<h2 class=\"western\">Carillo Home e le proposte casa per il 2023: scopri i tessili di tendenza<\/h2>\n<p>Carillo Home, da sempre in linea con le tendenze dell\u2019interior design pi\u00f9 recenti, sviluppa le proposte di biancheria per la casa a partire proprio dalle ispirazioni che arrivano dai grandi esperti mondiali di home decor. Cos\u00ec nascono le <strong>collezioni di elementi tessili<\/strong> destinate ai vari ambienti domestici, un mix sempre aggiornato di colori e stampe per incontrare i gusti di tutti, sia di chi punta ad uno stile pi\u00f9 minimal sia di chi desidera puntare alla ricchezza dei dettagli.<\/p>\n<p>Scopri le collezioni Carillo Home per la tua casa: dalla camera da letto ai tendaggi su misura, passando per bagno, cucina e living. Ogni elemento tessile trova il giusto posto per esprimere il tuo concetto di abitare: personalizza la tua idea di stile scegliendo <a href=\"https:\/\/www.carillohome.com\/it\/biancheria-da-letto\/\" target=\"_blank\" rel=\"noopener noreferrer\">biancheria da casa<\/a> che sia funzionale ma anche ricercata, pratica ma anche esteticamente impeccabile. Pronto a vivere una nuova dimensione di casa nel 2023? Scopri tutte le tendenze e acquista subito gli elementi d\u2019arredo pi\u00f9 in voga del momento!<\/p>\n","protected":false},"excerpt":{"rendered":"<p>Con l\u2019arrivo del nuovo anno esplodono le nuove tendenze in fatto di arredamento: dalle influenze naturali ai materiali di lusso, passando per colori tenui e forme sinuose. Le ispirazioni in arrivo dal mondo dell\u2019interior design ci mostrano una casa che ama trasformarsi di stagione in stagione conservando sempre la sua proverbiale accoglienza, una casa da&#8230;<\/p>\n","protected":false},"author":1,"featured_media":3001,"comment_status":"closed","ping_status":"closed","sticky":true,"template":"","format":"standard","meta":{"footnotes":""},"categories":[15],"tags":[],"class_list":["post-2995","post","type-post","status-publish","format-standard","has-post-thumbnail","hentry","category-interior-design-trends"],"yoast_head":"<!-- This site is optimized with the Yoast SEO plugin v27.4 - https:\/\/yoast.com\/product\/yoast-seo-wordpress\/ -->\n<title>Tendenze casa 2023: i colori e le stampe pi\u00f9 glamour- Carillo Home<\/title>\n<meta name=\"description\" content=\"Insieme a Carillo Home scopriamo quali sono le tendenze arredo di questo 2023: quali saranno i colori e le fantasie da utilizzare in casa?\" \/>\n<meta name=\"robots\" content=\"index, follow, max-snippet:-1, max-image-preview:large, max-video-preview:-1\" \/>\n<link rel=\"canonical\" href=\"https:\/\/www.carillohome.com\/blog\/tendenze-casa-2023-i-colori-e-le-stampe\/\" \/>\n<meta property=\"og:locale\" content=\"it_IT\" \/>\n<meta property=\"og:type\" content=\"article\" \/>\n<meta property=\"og:title\" content=\"Tendenze casa 2023: i colori e le stampe pi\u00f9 glamour- Carillo Home\" \/>\n<meta property=\"og:description\" content=\"Insieme a Carillo Home scopriamo quali sono le tendenze arredo di questo 2023: quali saranno i colori e le fantasie da utilizzare in casa?\" \/>\n<meta property=\"og:url\" content=\"https:\/\/www.carillohome.com\/blog\/tendenze-casa-2023-i-colori-e-le-stampe\/\" \/>\n<meta property=\"og:site_name\" content=\"Carillo Home Blog\" \/>\n<meta property=\"article:published_time\" content=\"2023-01-12T12:49:10+00:00\" \/>\n<meta property=\"article:modified_time\" content=\"2023-04-03T08:23:24+00:00\" \/>\n<meta property=\"og:image\" content=\"https:\/\/blog.carillohome.com\/wp-content\/uploads\/2023\/01\/tendenze-arredamento-2023.jpg\" \/>\n\t<meta property=\"og:image:width\" content=\"1200\" \/>\n\t<meta property=\"og:image:height\" content=\"800\" \/>\n\t<meta property=\"og:image:type\" content=\"image\/jpeg\" \/>\n<meta name=\"author\" content=\"matrixconsulting\" \/>\n<meta name=\"twitter:card\" content=\"summary_large_image\" \/>\n<meta name=\"twitter:label1\" content=\"Scritto da\" \/>\n\t<meta name=\"twitter:data1\" content=\"matrixconsulting\" \/>\n\t<meta name=\"twitter:label2\" content=\"Tempo di lettura stimato\" \/>\n\t<meta name=\"twitter:data2\" content=\"4 minuti\" \/>\n<script type=\"application\/ld+json\" class=\"yoast-schema-graph\">{\"@context\":\"https:\\\/\\\/schema.org\",\"@graph\":[{\"@type\":\"Article\",\"@id\":\"https:\\\/\\\/www.carillohome.com\\\/blog\\\/tendenze-casa-2023-i-colori-e-le-stampe\\\/#article\",\"isPartOf\":{\"@id\":\"https:\\\/\\\/www.carillohome.com\\\/blog\\\/tendenze-casa-2023-i-colori-e-le-stampe\\\/\"},\"author\":{\"name\":\"matrixconsulting\",\"@id\":\"https:\\\/\\\/www.carillohome.com\\\/blog\\\/#\\\/schema\\\/person\\\/f21041096f5e302d2bb374bb0a2d6fd1\"},\"headline\":\"Tendenze casa 2023: i colori e le stampe pi\u00f9 glamour del momento\",\"datePublished\":\"2023-01-12T12:49:10+00:00\",\"dateModified\":\"2023-04-03T08:23:24+00:00\",\"mainEntityOfPage\":{\"@id\":\"https:\\\/\\\/www.carillohome.com\\\/blog\\\/tendenze-casa-2023-i-colori-e-le-stampe\\\/\"},\"wordCount\":869,\"image\":{\"@id\":\"https:\\\/\\\/www.carillohome.com\\\/blog\\\/tendenze-casa-2023-i-colori-e-le-stampe\\\/#primaryimage\"},\"thumbnailUrl\":\"https:\\\/\\\/blog.carillohome.com\\\/wp-content\\\/uploads\\\/2023\\\/01\\\/tendenze-arredamento-2023.jpg\",\"articleSection\":[\"Interior Design Trends\"],\"inLanguage\":\"it-IT\"},{\"@type\":\"WebPage\",\"@id\":\"https:\\\/\\\/www.carillohome.com\\\/blog\\\/tendenze-casa-2023-i-colori-e-le-stampe\\\/\",\"url\":\"https:\\\/\\\/www.carillohome.com\\\/blog\\\/tendenze-casa-2023-i-colori-e-le-stampe\\\/\",\"name\":\"Tendenze casa 2023: i colori e le stampe pi\u00f9 glamour- Carillo Home\",\"isPartOf\":{\"@id\":\"https:\\\/\\\/www.carillohome.com\\\/blog\\\/#website\"},\"primaryImageOfPage\":{\"@id\":\"https:\\\/\\\/www.carillohome.com\\\/blog\\\/tendenze-casa-2023-i-colori-e-le-stampe\\\/#primaryimage\"},\"image\":{\"@id\":\"https:\\\/\\\/www.carillohome.com\\\/blog\\\/tendenze-casa-2023-i-colori-e-le-stampe\\\/#primaryimage\"},\"thumbnailUrl\":\"https:\\\/\\\/blog.carillohome.com\\\/wp-content\\\/uploads\\\/2023\\\/01\\\/tendenze-arredamento-2023.jpg\",\"datePublished\":\"2023-01-12T12:49:10+00:00\",\"dateModified\":\"2023-04-03T08:23:24+00:00\",\"author\":{\"@id\":\"https:\\\/\\\/www.carillohome.com\\\/blog\\\/#\\\/schema\\\/person\\\/f21041096f5e302d2bb374bb0a2d6fd1\"},\"description\":\"Insieme a Carillo Home scopriamo quali sono le tendenze arredo di questo 2023: quali saranno i colori e le fantasie da utilizzare in casa?\",\"breadcrumb\":{\"@id\":\"https:\\\/\\\/www.carillohome.com\\\/blog\\\/tendenze-casa-2023-i-colori-e-le-stampe\\\/#breadcrumb\"},\"inLanguage\":\"it-IT\",\"potentialAction\":[{\"@type\":\"ReadAction\",\"target\":[\"https:\\\/\\\/www.carillohome.com\\\/blog\\\/tendenze-casa-2023-i-colori-e-le-stampe\\\/\"]}]},{\"@type\":\"ImageObject\",\"inLanguage\":\"it-IT\",\"@id\":\"https:\\\/\\\/www.carillohome.com\\\/blog\\\/tendenze-casa-2023-i-colori-e-le-stampe\\\/#primaryimage\",\"url\":\"https:\\\/\\\/blog.carillohome.com\\\/wp-content\\\/uploads\\\/2023\\\/01\\\/tendenze-arredamento-2023.jpg\",\"contentUrl\":\"https:\\\/\\\/blog.carillohome.com\\\/wp-content\\\/uploads\\\/2023\\\/01\\\/tendenze-arredamento-2023.jpg\",\"width\":1200,\"height\":800,\"caption\":\"tendenze arredamento 2023\"},{\"@type\":\"BreadcrumbList\",\"@id\":\"https:\\\/\\\/www.carillohome.com\\\/blog\\\/tendenze-casa-2023-i-colori-e-le-stampe\\\/#breadcrumb\",\"itemListElement\":[{\"@type\":\"ListItem\",\"position\":1,\"name\":\"Home\",\"item\":\"https:\\\/\\\/www.carillohome.com\\\/blog\\\/\"},{\"@type\":\"ListItem\",\"position\":2,\"name\":\"Tendenze casa 2023: i colori e le stampe pi\u00f9 glamour del momento\"}]},{\"@type\":\"WebSite\",\"@id\":\"https:\\\/\\\/www.carillohome.com\\\/blog\\\/#website\",\"url\":\"https:\\\/\\\/www.carillohome.com\\\/blog\\\/\",\"name\":\"Carillo Home Blog\",\"description\":\"\",\"potentialAction\":[{\"@type\":\"SearchAction\",\"target\":{\"@type\":\"EntryPoint\",\"urlTemplate\":\"https:\\\/\\\/www.carillohome.com\\\/blog\\\/?s={search_term_string}\"},\"query-input\":{\"@type\":\"PropertyValueSpecification\",\"valueRequired\":true,\"valueName\":\"search_term_string\"}}],\"inLanguage\":\"it-IT\"},{\"@type\":\"Person\",\"@id\":\"https:\\\/\\\/www.carillohome.com\\\/blog\\\/#\\\/schema\\\/person\\\/f21041096f5e302d2bb374bb0a2d6fd1\",\"name\":\"matrixconsulting\",\"image\":{\"@type\":\"ImageObject\",\"inLanguage\":\"it-IT\",\"@id\":\"https:\\\/\\\/secure.gravatar.com\\\/avatar\\\/f49d301130b38e3c7fd149b9ccada20ea06e5ed1efc366e565f7a4f1ae209b6a?s=96&d=mm&r=g\",\"url\":\"https:\\\/\\\/secure.gravatar.com\\\/avatar\\\/f49d301130b38e3c7fd149b9ccada20ea06e5ed1efc366e565f7a4f1ae209b6a?s=96&d=mm&r=g\",\"contentUrl\":\"https:\\\/\\\/secure.gravatar.com\\\/avatar\\\/f49d301130b38e3c7fd149b9ccada20ea06e5ed1efc366e565f7a4f1ae209b6a?s=96&d=mm&r=g\",\"caption\":\"matrixconsulting\"}}]}<\/script>\n<!-- \/ Yoast SEO plugin. -->","yoast_head_json":{"title":"Tendenze casa 2023: i colori e le stampe pi\u00f9 glamour- Carillo Home","description":"Insieme a Carillo Home scopriamo quali sono le tendenze arredo di questo 2023: quali saranno i colori e le fantasie da utilizzare in casa?","robots":{"index":"index","follow":"follow","max-snippet":"max-snippet:-1","max-image-preview":"max-image-preview:large","max-video-preview":"max-video-preview:-1"},"canonical":"https:\/\/www.carillohome.com\/blog\/tendenze-casa-2023-i-colori-e-le-stampe\/","og_locale":"it_IT","og_type":"article","og_title":"Tendenze casa 2023: i colori e le stampe pi\u00f9 glamour- Carillo Home","og_description":"Insieme a Carillo Home scopriamo quali sono le tendenze arredo di questo 2023: quali saranno i colori e le fantasie da utilizzare in casa?","og_url":"https:\/\/www.carillohome.com\/blog\/tendenze-casa-2023-i-colori-e-le-stampe\/","og_site_name":"Carillo Home Blog","article_published_time":"2023-01-12T12:49:10+00:00","article_modified_time":"2023-04-03T08:23:24+00:00","og_image":[{"width":1200,"height":800,"url":"https:\/\/blog.carillohome.com\/wp-content\/uploads\/2023\/01\/tendenze-arredamento-2023.jpg","type":"image\/jpeg"}],"author":"matrixconsulting","twitter_card":"summary_large_image","twitter_misc":{"Scritto da":"matrixconsulting","Tempo di lettura stimato":"4 minuti"},"schema":{"@context":"https:\/\/schema.org","@graph":[{"@type":"Article","@id":"https:\/\/www.carillohome.com\/blog\/tendenze-casa-2023-i-colori-e-le-stampe\/#article","isPartOf":{"@id":"https:\/\/www.carillohome.com\/blog\/tendenze-casa-2023-i-colori-e-le-stampe\/"},"author":{"name":"matrixconsulting","@id":"https:\/\/www.carillohome.com\/blog\/#\/schema\/person\/f21041096f5e302d2bb374bb0a2d6fd1"},"headline":"Tendenze casa 2023: i colori e le stampe pi\u00f9 glamour del momento","datePublished":"2023-01-12T12:49:10+00:00","dateModified":"2023-04-03T08:23:24+00:00","mainEntityOfPage":{"@id":"https:\/\/www.carillohome.com\/blog\/tendenze-casa-2023-i-colori-e-le-stampe\/"},"wordCount":869,"image":{"@id":"https:\/\/www.carillohome.com\/blog\/tendenze-casa-2023-i-colori-e-le-stampe\/#primaryimage"},"thumbnailUrl":"https:\/\/blog.carillohome.com\/wp-content\/uploads\/2023\/01\/tendenze-arredamento-2023.jpg","articleSection":["Interior Design Trends"],"inLanguage":"it-IT"},{"@type":"WebPage","@id":"https:\/\/www.carillohome.com\/blog\/tendenze-casa-2023-i-colori-e-le-stampe\/","url":"https:\/\/www.carillohome.com\/blog\/tendenze-casa-2023-i-colori-e-le-stampe\/","name":"Tendenze casa 2023: i colori e le stampe pi\u00f9 glamour- Carillo Home","isPartOf":{"@id":"https:\/\/www.carillohome.com\/blog\/#website"},"primaryImageOfPage":{"@id":"https:\/\/www.carillohome.com\/blog\/tendenze-casa-2023-i-colori-e-le-stampe\/#primaryimage"},"image":{"@id":"https:\/\/www.carillohome.com\/blog\/tendenze-casa-2023-i-colori-e-le-stampe\/#primaryimage"},"thumbnailUrl":"https:\/\/blog.carillohome.com\/wp-content\/uploads\/2023\/01\/tendenze-arredamento-2023.jpg","datePublished":"2023-01-12T12:49:10+00:00","dateModified":"2023-04-03T08:23:24+00:00","author":{"@id":"https:\/\/www.carillohome.com\/blog\/#\/schema\/person\/f21041096f5e302d2bb374bb0a2d6fd1"},"description":"Insieme a Carillo Home scopriamo quali sono le tendenze arredo di questo 2023: quali saranno i colori e le fantasie da utilizzare in casa?","breadcrumb":{"@id":"https:\/\/www.carillohome.com\/blog\/tendenze-casa-2023-i-colori-e-le-stampe\/#breadcrumb"},"inLanguage":"it-IT","potentialAction":[{"@type":"ReadAction","target":["https:\/\/www.carillohome.com\/blog\/tendenze-casa-2023-i-colori-e-le-stampe\/"]}]},{"@type":"ImageObject","inLanguage":"it-IT","@id":"https:\/\/www.carillohome.com\/blog\/tendenze-casa-2023-i-colori-e-le-stampe\/#primaryimage","url":"https:\/\/blog.carillohome.com\/wp-content\/uploads\/2023\/01\/tendenze-arredamento-2023.jpg","contentUrl":"https:\/\/blog.carillohome.com\/wp-content\/uploads\/2023\/01\/tendenze-arredamento-2023.jpg","width":1200,"height":800,"caption":"tendenze arredamento 2023"},{"@type":"BreadcrumbList","@id":"https:\/\/www.carillohome.com\/blog\/tendenze-casa-2023-i-colori-e-le-stampe\/#breadcrumb","itemListElement":[{"@type":"ListItem","position":1,"name":"Home","item":"https:\/\/www.carillohome.com\/blog\/"},{"@type":"ListItem","position":2,"name":"Tendenze casa 2023: i colori e le stampe pi\u00f9 glamour del momento"}]},{"@type":"WebSite","@id":"https:\/\/www.carillohome.com\/blog\/#website","url":"https:\/\/www.carillohome.com\/blog\/","name":"Carillo Home Blog","description":"","potentialAction":[{"@type":"SearchAction","target":{"@type":"EntryPoint","urlTemplate":"https:\/\/www.carillohome.com\/blog\/?s={search_term_string}"},"query-input":{"@type":"PropertyValueSpecification","valueRequired":true,"valueName":"search_term_string"}}],"inLanguage":"it-IT"},{"@type":"Person","@id":"https:\/\/www.carillohome.com\/blog\/#\/schema\/person\/f21041096f5e302d2bb374bb0a2d6fd1","name":"matrixconsulting","image":{"@type":"ImageObject","inLanguage":"it-IT","@id":"https:\/\/secure.gravatar.com\/avatar\/f49d301130b38e3c7fd149b9ccada20ea06e5ed1efc366e565f7a4f1ae209b6a?s=96&d=mm&r=g","url":"https:\/\/secure.gravatar.com\/avatar\/f49d301130b38e3c7fd149b9ccada20ea06e5ed1efc366e565f7a4f1ae209b6a?s=96&d=mm&r=g","contentUrl":"https:\/\/secure.gravatar.com\/avatar\/f49d301130b38e3c7fd149b9ccada20ea06e5ed1efc366e565f7a4f1ae209b6a?s=96&d=mm&r=g","caption":"matrixconsulting"}}]}},"_links":{"self":[{"href":"https:\/\/www.carillohome.com\/blog\/wp-json\/wp\/v2\/posts\/2995","targetHints":{"allow":["GET"]}}],"collection":[{"href":"https:\/\/www.carillohome.com\/blog\/wp-json\/wp\/v2\/posts"}],"about":[{"href":"https:\/\/www.carillohome.com\/blog\/wp-json\/wp\/v2\/types\/post"}],"author":[{"embeddable":true,"href":"https:\/\/www.carillohome.com\/blog\/wp-json\/wp\/v2\/users\/1"}],"replies":[{"embeddable":true,"href":"https:\/\/www.carillohome.com\/blog\/wp-json\/wp\/v2\/comments?post=2995"}],"version-history":[{"count":0,"href":"https:\/\/www.carillohome.com\/blog\/wp-json\/wp\/v2\/posts\/2995\/revisions"}],"wp:featuredmedia":[{"embeddable":true,"href":"https:\/\/www.carillohome.com\/blog\/wp-json\/wp\/v2\/media\/3001"}],"wp:attachment":[{"href":"https:\/\/www.carillohome.com\/blog\/wp-json\/wp\/v2\/media?parent=2995"}],"wp:term":[{"taxonomy":"category","embeddable":true,"href":"https:\/\/www.carillohome.com\/blog\/wp-json\/wp\/v2\/categories?post=2995"},{"taxonomy":"post_tag","embeddable":true,"href":"https:\/\/www.carillohome.com\/blog\/wp-json\/wp\/v2\/tags?post=2995"}],"curies":[{"name":"wp","href":"https:\/\/api.w.org\/{rel}","templated":true}]}}