{"id":2986,"date":"2025-10-28T15:42:21","date_gmt":"2025-10-28T14:42:21","guid":{"rendered":"https:\/\/blog.carillohome.com\/?p=2986"},"modified":"2025-10-28T15:43:30","modified_gmt":"2025-10-28T14:43:30","slug":"stile-animalier-come-arredare-con-le-fantasie-maculate-e-zebrate","status":"publish","type":"post","link":"https:\/\/www.carillohome.com\/blog\/stile-animalier-come-arredare-con-le-fantasie-maculate-e-zebrate\/","title":{"rendered":"Stile animalier: come arredare con le fantasie maculate e zebrate"},"content":{"rendered":"\n<figure class=\"wp-block-image size-large\"><img loading=\"lazy\" decoding=\"async\" width=\"1024\" height=\"683\" src=\"https:\/\/blog.carillohome.com\/wp-content\/uploads\/2022\/12\/arredamento-stile-animalier-1024x683.jpg\" alt=\"arredamento stile animalier\" class=\"wp-image-5034\" title=\"arredamento stile animalier\" srcset=\"https:\/\/blog.carillohome.com\/wp-content\/uploads\/2022\/12\/arredamento-stile-animalier-1024x683.jpg 1024w, https:\/\/blog.carillohome.com\/wp-content\/uploads\/2022\/12\/arredamento-stile-animalier-300x200.jpg 300w, https:\/\/blog.carillohome.com\/wp-content\/uploads\/2022\/12\/arredamento-stile-animalier-768x512.jpg 768w, https:\/\/blog.carillohome.com\/wp-content\/uploads\/2022\/12\/arredamento-stile-animalier-600x400.jpg 600w, https:\/\/blog.carillohome.com\/wp-content\/uploads\/2022\/12\/arredamento-stile-animalier.jpg 1200w\" sizes=\"auto, (max-width: 1024px) 100vw, 1024px\" \/><\/figure>\n\n\n\n<p>Lo <strong>stile animalier<\/strong> nell\u2019arredamento non \u00e8 pi\u00f9 un azzardo per pochi: \u00e8 diventato una vera dichiarazione di personalit\u00e0. Le fantasie <strong>maculate e zebrate<\/strong> regalano carattere e movimento agli ambienti, ma la loro forza va dosata con equilibrio per non appesantire gli spazi. Nelle collezioni <strong><a href=\"https:\/\/www.carillohome.com\/it\/\" target=\"_blank\" rel=\"noreferrer noopener\">Carillo Home<\/a><\/strong>, lo spirito selvaggio si fonde con l\u2019eleganza del design contemporaneo. Il risultato? Tessuti pregiati come <strong>velluto, raso ed ecopelliccia<\/strong>, tonalit\u00e0 calde e dettagli sofisticati che trasformano la casa in un rifugio sensuale e accogliente.<br>Dal <strong>copriletto zebrato Sauvage<\/strong> ai <strong>cuscini in velluto Dama<\/strong>, fino ai <strong>plaid in ecopelliccia Cody e Colin<\/strong>, ecco come arredare con gusto la casa in <strong>stile animalier<\/strong>.<\/p>\n\n\n\n\n\n<figure class=\"wp-block-image size-full\"><a href=\"https:\/\/www.carillohome.com\/it\/\" target=\"_blank\" rel=\"noopener noreferrer\"><img loading=\"lazy\" decoding=\"async\" width=\"945\" height=\"315\" src=\"https:\/\/blog.carillohome.com\/wp-content\/uploads\/2022\/12\/tessuti-stile-animalier.jpg\" alt=\"tessuti stile animalier\" class=\"wp-image-5056\" title=\"tessuti stile animalier\" srcset=\"https:\/\/blog.carillohome.com\/wp-content\/uploads\/2022\/12\/tessuti-stile-animalier.jpg 945w, https:\/\/blog.carillohome.com\/wp-content\/uploads\/2022\/12\/tessuti-stile-animalier-300x100.jpg 300w, https:\/\/blog.carillohome.com\/wp-content\/uploads\/2022\/12\/tessuti-stile-animalier-768x256.jpg 768w, https:\/\/blog.carillohome.com\/wp-content\/uploads\/2022\/12\/tessuti-stile-animalier-600x200.jpg 600w\" sizes=\"auto, (max-width: 945px) 100vw, 945px\" \/><\/a><\/figure>\n\n\n\n<h2 class=\"wp-block-heading western\">Idee per un arredamento animalier elegante e moderno<\/h2>\n\n\n\n<p>Portare l\u2019animalier in casa non significa riempire ogni stanza di fantasie forti, ma creare <strong>punti focali visivi<\/strong> capaci di catturare lo sguardo e trasmettere equilibrio.<\/p>\n\n\n\n<p><strong>Consigli pratici:<\/strong><\/p>\n\n\n\n<ul class=\"wp-block-list\">\n<li>Scegli <strong>un solo elemento dominante<\/strong> (una <a href=\"https:\/\/www.carillohome.com\/it\/biancheria-da-letto\/trapunte\/\" target=\"_blank\" rel=\"noreferrer noopener\">trapunta<\/a>, un <a href=\"https:\/\/www.carillohome.com\/it\/salone\/tappeti\/\" target=\"_blank\" rel=\"noreferrer noopener\">tappeto<\/a> o una <a href=\"https:\/\/www.carillohome.com\/it\/tende-e-bastoni\/\" target=\"_blank\" rel=\"noreferrer noopener\">tenda<\/a>) e costruisci intorno la palette neutra.<\/li>\n\n\n\n<li>Alterna materiali lisci e strutturati per evitare monotonia.<\/li>\n\n\n\n<li>Inserisci tocchi metallici \u2014 <strong>oro, ottone, rame<\/strong> \u2014 per esaltare le fantasie zebrata e maculata.<\/li>\n\n\n\n<li>Gioca con i contrasti: uno sfondo chiaro fa risaltare l\u2019animalier senza renderlo invadente.<\/li>\n<\/ul>\n\n\n\n<figure class=\"wp-block-gallery has-nested-images columns-default is-cropped wp-block-gallery-1 is-layout-flex wp-block-gallery-is-layout-flex\">\n<figure class=\"wp-block-image size-large\"><a href=\"https:\/\/www.carillohome.com\/it\/trapunta-in-velluto-cody\/\" target=\"_blank\" rel=\" noreferrer noopener\"><img loading=\"lazy\" decoding=\"async\" width=\"400\" height=\"400\" data-id=\"5057\" src=\"https:\/\/blog.carillohome.com\/wp-content\/uploads\/2022\/12\/Trapunta-In-Velluto-Cody.jpg\" alt=\"Trapunta In Velluto Cody\" class=\"wp-image-5057\" title=\"Trapunta In Velluto Cody\" srcset=\"https:\/\/blog.carillohome.com\/wp-content\/uploads\/2022\/12\/Trapunta-In-Velluto-Cody.jpg 400w, https:\/\/blog.carillohome.com\/wp-content\/uploads\/2022\/12\/Trapunta-In-Velluto-Cody-300x300.jpg 300w, https:\/\/blog.carillohome.com\/wp-content\/uploads\/2022\/12\/Trapunta-In-Velluto-Cody-150x150.jpg 150w, https:\/\/blog.carillohome.com\/wp-content\/uploads\/2022\/12\/Trapunta-In-Velluto-Cody-60x60.jpg 60w\" sizes=\"auto, (max-width: 400px) 100vw, 400px\" \/><\/a><figcaption class=\"wp-element-caption\">Trapunta In Velluto Cody<\/figcaption><\/figure>\n\n\n\n<figure class=\"wp-block-image size-large\"><a href=\"https:\/\/www.carillohome.com\/it\/trapunta-in-raso-sauvage\/\" target=\"_blank\" rel=\" noreferrer noopener\"><img loading=\"lazy\" decoding=\"async\" width=\"400\" height=\"400\" data-id=\"5059\" src=\"https:\/\/blog.carillohome.com\/wp-content\/uploads\/2022\/12\/Trapunta-In-Raso-Sauvage.jpg\" alt=\"Trapunta In Raso Sauvage\" class=\"wp-image-5059\" title=\"Trapunta In Raso Sauvage\" srcset=\"https:\/\/blog.carillohome.com\/wp-content\/uploads\/2022\/12\/Trapunta-In-Raso-Sauvage.jpg 400w, https:\/\/blog.carillohome.com\/wp-content\/uploads\/2022\/12\/Trapunta-In-Raso-Sauvage-300x300.jpg 300w, https:\/\/blog.carillohome.com\/wp-content\/uploads\/2022\/12\/Trapunta-In-Raso-Sauvage-150x150.jpg 150w, https:\/\/blog.carillohome.com\/wp-content\/uploads\/2022\/12\/Trapunta-In-Raso-Sauvage-60x60.jpg 60w\" sizes=\"auto, (max-width: 400px) 100vw, 400px\" \/><\/a><figcaption class=\"wp-element-caption\">Trapunta In Raso Sauvage<\/figcaption><\/figure>\n\n\n\n<figure class=\"wp-block-image size-large\"><a href=\"https:\/\/www.carillohome.com\/it\/trapunta-in-velluto-colin\/\" target=\"_blank\" rel=\" noreferrer noopener\"><img loading=\"lazy\" decoding=\"async\" width=\"400\" height=\"400\" data-id=\"5058\" src=\"https:\/\/blog.carillohome.com\/wp-content\/uploads\/2022\/12\/Trapunta-In-Velluto-Colin.jpg\" alt=\"Trapunta In Velluto Colin\" class=\"wp-image-5058\" title=\"Trapunta In Velluto Colin\" srcset=\"https:\/\/blog.carillohome.com\/wp-content\/uploads\/2022\/12\/Trapunta-In-Velluto-Colin.jpg 400w, https:\/\/blog.carillohome.com\/wp-content\/uploads\/2022\/12\/Trapunta-In-Velluto-Colin-300x300.jpg 300w, https:\/\/blog.carillohome.com\/wp-content\/uploads\/2022\/12\/Trapunta-In-Velluto-Colin-150x150.jpg 150w, https:\/\/blog.carillohome.com\/wp-content\/uploads\/2022\/12\/Trapunta-In-Velluto-Colin-60x60.jpg 60w\" sizes=\"auto, (max-width: 400px) 100vw, 400px\" \/><\/a><figcaption class=\"wp-element-caption\">Trapunta In Velluto Colin<\/figcaption><\/figure>\n<\/figure>\n\n\n\n<div style=\"height:15px\" aria-hidden=\"true\" class=\"wp-block-spacer\"><\/div>\n\n\n\n<figure class=\"wp-block-table\"><table class=\"has-fixed-layout\"><thead><tr><td><strong>Ambiente<\/strong><\/td><td><strong>Elemento Animalier Consigliato<\/strong><\/td><td><strong>Effetto<\/strong><\/td><\/tr><\/thead><tbody><tr><td>Soggiorno<\/td><td>Plaid o cuscini zebrati<\/td><td>Eleganza discreta<\/td><\/tr><tr><td>Camera da letto<\/td><td>Trapunta o copriletto maculato<\/td><td>Lusso e sensualit\u00e0<\/td><\/tr><tr><td>Bagno<\/td><td>Tappetino in ecopelliccia<\/td><td>Comfort visivo<\/td><\/tr><tr><td>Cucina<\/td><td>Tovaglia zebrata<\/td><td>Originalit\u00e0 grafica<\/td><\/tr><\/tbody><\/table><\/figure>\n\n\n\n<div style=\"height:15px\" aria-hidden=\"true\" class=\"wp-block-spacer\"><\/div>\n\n\n\n<figure class=\"wp-block-image size-full\"><img loading=\"lazy\" decoding=\"async\" width=\"945\" height=\"630\" src=\"https:\/\/blog.carillohome.com\/wp-content\/uploads\/2022\/12\/trapunta-maculata.jpg\" alt=\"trapunta maculata\" class=\"wp-image-5055\" title=\"trapunta maculata\" srcset=\"https:\/\/blog.carillohome.com\/wp-content\/uploads\/2022\/12\/trapunta-maculata.jpg 945w, https:\/\/blog.carillohome.com\/wp-content\/uploads\/2022\/12\/trapunta-maculata-300x200.jpg 300w, https:\/\/blog.carillohome.com\/wp-content\/uploads\/2022\/12\/trapunta-maculata-768x512.jpg 768w, https:\/\/blog.carillohome.com\/wp-content\/uploads\/2022\/12\/trapunta-maculata-600x400.jpg 600w\" sizes=\"auto, (max-width: 945px) 100vw, 945px\" \/><\/figure>\n\n\n\n<h2 class=\"wp-block-heading western\">Tessuti animalier: il segreto di un look d\u2019interni di carattere<\/h2>\n\n\n\n<p>La qualit\u00e0 del tessuto \u00e8 ci\u00f2 che distingue un arredo audace da uno raffinato. I <strong>tessuti animalier<\/strong> firmati <strong>Carillo Home<\/strong> reinterpretano le texture naturali in chiave contemporanea.<\/p>\n\n\n\n<p><strong>Le migliori scelte di tessuti per biancheria da casa animalier:<\/strong><\/p>\n\n\n\n<ul class=\"wp-block-list\">\n<li><strong><a href=\"https:\/\/www.carillohome.com\/blog\/tipi-di-cotone-scelta-tra-cotone-raso-percalle-e-rasatello\/\" target=\"_blank\" rel=\"noreferrer noopener\">Raso di cotone<\/a><\/strong>: perfetto per camere sofisticate, riflette la luce e dona eleganza.<\/li>\n\n\n\n<li><strong><a href=\"https:\/\/www.carillohome.com\/blog\/arredare-con-il-velluto-ambienti-eleganti\/\" target=\"_blank\" rel=\"noreferrer noopener\">Velluto<\/a><\/strong>: morbido e corposo, ideale per <a href=\"https:\/\/www.carillohome.com\/it\/salone\/plaid\/\" target=\"_blank\" rel=\"noreferrer noopener\">plaid<\/a> e trapunte dal tocco lussuoso.<\/li>\n\n\n\n<li><strong><a href=\"https:\/\/www.carillohome.com\/blog\/tessuto-jacquard-storia-e-caratteristiche\/\" target=\"_blank\" rel=\"noreferrer noopener\">Jacquard<\/a><\/strong>: tessuto strutturato che dona tridimensionalit\u00e0 alle fantasie.<\/li>\n\n\n\n<li><strong><a href=\"https:\/\/www.carillohome.com\/blog\/come-arredare-con-ecopelliccia\/\" target=\"_blank\" rel=\"noreferrer noopener\">Ecopelliccia<\/a><\/strong>: aggiunge comfort e calore, perfetta per la stagione invernale.<\/li>\n<\/ul>\n\n\n\n<p><strong>Consiglio di stile:<\/strong> abbina raso e velluto per un effetto multisensoriale e sofisticato, perfetto nelle camere da letto e nei salotti moderni.<\/p>\n\n\n\n<figure class=\"wp-block-image size-full\"><img loading=\"lazy\" decoding=\"async\" width=\"945\" height=\"629\" src=\"https:\/\/blog.carillohome.com\/wp-content\/uploads\/2022\/12\/salotto-stile-animalier.jpg\" alt=\"salotto stile animalier\" class=\"wp-image-5047\" title=\"salotto stile animalier\" srcset=\"https:\/\/blog.carillohome.com\/wp-content\/uploads\/2022\/12\/salotto-stile-animalier.jpg 945w, https:\/\/blog.carillohome.com\/wp-content\/uploads\/2022\/12\/salotto-stile-animalier-300x200.jpg 300w, https:\/\/blog.carillohome.com\/wp-content\/uploads\/2022\/12\/salotto-stile-animalier-768x511.jpg 768w, https:\/\/blog.carillohome.com\/wp-content\/uploads\/2022\/12\/salotto-stile-animalier-600x399.jpg 600w\" sizes=\"auto, (max-width: 945px) 100vw, 945px\" \/><\/figure>\n\n\n\n<h2 class=\"wp-block-heading western\">Divani animalier: tra maculato e zebrato per un living di tendenza<\/h2>\n\n\n\n<p>Il soggiorno \u00e8 il palcoscenico ideale per lo <strong>stile animalier<\/strong>. Un <strong>divano zebrato<\/strong> o <strong>maculato<\/strong> pu\u00f2 diventare l\u2019elemento protagonista, ma anche un semplice plaid pu\u00f2 cambiare il mood della stanza.<\/p>\n\n\n\n<p><strong>Idee per il tuo salotto dal tocco di stile selvaggio:<\/strong><\/p>\n\n\n\n<ul class=\"wp-block-list\">\n<li>Rivesti il divano con un <a href=\"https:\/\/www.carillohome.com\/it\/salone\/copridivani\/\" target=\"_blank\" rel=\"noreferrer noopener\">copridivano<\/a> in velluto dai toni naturali per un effetto lussuoso e caldo.<\/li>\n\n\n\n<li>Aggiungi <a href=\"https:\/\/www.carillohome.com\/it\/salone\/cuscini-arredo\/\" target=\"_blank\" rel=\"noreferrer noopener\">cuscini arredo<\/a> in<strong> velluto Dama<\/strong> o <strong>in ecopelliccia Colin<\/strong> per texture contrastanti.<\/li>\n\n\n\n<li>Completa con un <strong>plaid in ecopelliccia Cody<\/strong> ai piedi del divano per un tocco avvolgente.<\/li>\n\n\n\n<li>Inserisci elementi in legno o marmo per bilanciare la ricchezza dei tessuti.<\/li>\n<\/ul>\n\n\n\n<figure class=\"wp-block-gallery has-nested-images columns-default is-cropped wp-block-gallery-2 is-layout-flex wp-block-gallery-is-layout-flex\">\n<figure class=\"wp-block-image size-large\"><a href=\"https:\/\/www.carillohome.com\/it\/plaid-in-ecopelliccia-cody\/\" target=\"_blank\" rel=\" noreferrer noopener\"><img loading=\"lazy\" decoding=\"async\" width=\"400\" height=\"400\" data-id=\"5050\" src=\"https:\/\/blog.carillohome.com\/wp-content\/uploads\/2022\/12\/Plaid-In-Ecopelliccia-Cody.jpg\" alt=\"Plaid In Ecopelliccia Cody\" class=\"wp-image-5050\" title=\"Plaid In Ecopelliccia Cody\" srcset=\"https:\/\/blog.carillohome.com\/wp-content\/uploads\/2022\/12\/Plaid-In-Ecopelliccia-Cody.jpg 400w, https:\/\/blog.carillohome.com\/wp-content\/uploads\/2022\/12\/Plaid-In-Ecopelliccia-Cody-300x300.jpg 300w, https:\/\/blog.carillohome.com\/wp-content\/uploads\/2022\/12\/Plaid-In-Ecopelliccia-Cody-150x150.jpg 150w, https:\/\/blog.carillohome.com\/wp-content\/uploads\/2022\/12\/Plaid-In-Ecopelliccia-Cody-60x60.jpg 60w\" sizes=\"auto, (max-width: 400px) 100vw, 400px\" \/><\/a><figcaption class=\"wp-element-caption\">Plaid In Ecopelliccia Cody<\/figcaption><\/figure>\n\n\n\n<figure class=\"wp-block-image size-full\"><a href=\"https:\/\/www.carillohome.com\/it\/cuscino-arredo-exotic\/\" target=\"_blank\" rel=\" noreferrer noopener\"><img loading=\"lazy\" decoding=\"async\" width=\"400\" height=\"400\" data-id=\"5052\" src=\"https:\/\/blog.carillohome.com\/wp-content\/uploads\/2022\/12\/Cuscino-Arredo-Exotic.jpg\" alt=\"Cuscino Arredo Exotic\" class=\"wp-image-5052\" title=\"Cuscino Arredo Exotic\" srcset=\"https:\/\/blog.carillohome.com\/wp-content\/uploads\/2022\/12\/Cuscino-Arredo-Exotic.jpg 400w, https:\/\/blog.carillohome.com\/wp-content\/uploads\/2022\/12\/Cuscino-Arredo-Exotic-300x300.jpg 300w, https:\/\/blog.carillohome.com\/wp-content\/uploads\/2022\/12\/Cuscino-Arredo-Exotic-150x150.jpg 150w, https:\/\/blog.carillohome.com\/wp-content\/uploads\/2022\/12\/Cuscino-Arredo-Exotic-60x60.jpg 60w\" sizes=\"auto, (max-width: 400px) 100vw, 400px\" \/><\/a><figcaption class=\"wp-element-caption\">Cuscino Arredo Exotic<\/figcaption><\/figure>\n\n\n\n<figure class=\"wp-block-image size-full\"><a href=\"https:\/\/www.carillohome.com\/it\/plaid-in-ecopelliccia-colin\/\" target=\"_blank\" rel=\" noreferrer noopener\"><img loading=\"lazy\" decoding=\"async\" width=\"400\" height=\"400\" data-id=\"5054\" src=\"https:\/\/blog.carillohome.com\/wp-content\/uploads\/2022\/12\/Plaid-In-Ecopelliccia-Colin.jpg\" alt=\"Plaid In Ecopelliccia Colin\" class=\"wp-image-5054\" title=\"Plaid In Ecopelliccia Colin\" srcset=\"https:\/\/blog.carillohome.com\/wp-content\/uploads\/2022\/12\/Plaid-In-Ecopelliccia-Colin.jpg 400w, https:\/\/blog.carillohome.com\/wp-content\/uploads\/2022\/12\/Plaid-In-Ecopelliccia-Colin-300x300.jpg 300w, https:\/\/blog.carillohome.com\/wp-content\/uploads\/2022\/12\/Plaid-In-Ecopelliccia-Colin-150x150.jpg 150w, https:\/\/blog.carillohome.com\/wp-content\/uploads\/2022\/12\/Plaid-In-Ecopelliccia-Colin-60x60.jpg 60w\" sizes=\"auto, (max-width: 400px) 100vw, 400px\" \/><\/a><figcaption class=\"wp-element-caption\">Plaid In Ecopelliccia Colin<\/figcaption><\/figure>\n<\/figure>\n\n\n\n<div style=\"height:15px\" aria-hidden=\"true\" class=\"wp-block-spacer\"><\/div>\n\n\n\n<p><em><strong>Palette consigliata<\/strong><\/em><strong>:<\/strong> tortora, nero, crema, bronzo.<\/p>\n\n\n\n<figure class=\"wp-block-image size-full\"><img loading=\"lazy\" decoding=\"async\" width=\"945\" height=\"630\" src=\"https:\/\/blog.carillohome.com\/wp-content\/uploads\/2022\/12\/cuscino-arredo-animalier.jpg\" alt=\"cuscino arredo animalier\" class=\"wp-image-5051\" title=\"cuscino arredo animalier\" srcset=\"https:\/\/blog.carillohome.com\/wp-content\/uploads\/2022\/12\/cuscino-arredo-animalier.jpg 945w, https:\/\/blog.carillohome.com\/wp-content\/uploads\/2022\/12\/cuscino-arredo-animalier-300x200.jpg 300w, https:\/\/blog.carillohome.com\/wp-content\/uploads\/2022\/12\/cuscino-arredo-animalier-768x512.jpg 768w, https:\/\/blog.carillohome.com\/wp-content\/uploads\/2022\/12\/cuscino-arredo-animalier-600x400.jpg 600w\" sizes=\"auto, (max-width: 945px) 100vw, 945px\" \/><\/figure>\n\n\n\n<h2 class=\"wp-block-heading western\">Cuscini maculati e zebrati: piccoli dettagli, grande impatto<\/h2>\n\n\n\n<p>I <strong>cuscini decorativi in stile animalier<\/strong> sono la soluzione pi\u00f9 semplice per rinnovare un ambiente senza stravolgerlo. Sono versatili, economici e permettono di giocare con i volumi.<\/p>\n\n\n\n<p><strong>Come abbinarli:<\/strong><\/p>\n\n\n\n<ul class=\"wp-block-list\">\n<li>Su un divano beige: scegli <strong>cuscini zebrati<\/strong> per aggiungere contrasto.<\/li>\n\n\n\n<li>In camera da letto: alterna <strong>cuscini maculati<\/strong> e <strong>in tinta unita<\/strong> per creare equilibrio.<\/li>\n\n\n\n<li>Su una poltrona in velluto: aggiungi un <strong>cuscino in ecopelliccia Cody<\/strong> per morbidezza extra.<\/li>\n<\/ul>\n\n\n\n<figure class=\"wp-block-gallery has-nested-images columns-default is-cropped wp-block-gallery-3 is-layout-flex wp-block-gallery-is-layout-flex\">\n<figure class=\"wp-block-image size-large\"><a href=\"https:\/\/www.carillohome.com\/it\/cuscino-decorativo-in-velluto-dama\/\" target=\"_blank\" rel=\" noreferrer noopener\"><img loading=\"lazy\" decoding=\"async\" width=\"400\" height=\"400\" data-id=\"5048\" src=\"https:\/\/blog.carillohome.com\/wp-content\/uploads\/2022\/12\/Cuscino-Decorativo-In-Velluto-Dama.jpg\" alt=\"Cuscino Decorativo In Velluto Dama\" class=\"wp-image-5048\" title=\"Cuscino Decorativo In Velluto Dama\" srcset=\"https:\/\/blog.carillohome.com\/wp-content\/uploads\/2022\/12\/Cuscino-Decorativo-In-Velluto-Dama.jpg 400w, https:\/\/blog.carillohome.com\/wp-content\/uploads\/2022\/12\/Cuscino-Decorativo-In-Velluto-Dama-300x300.jpg 300w, https:\/\/blog.carillohome.com\/wp-content\/uploads\/2022\/12\/Cuscino-Decorativo-In-Velluto-Dama-150x150.jpg 150w, https:\/\/blog.carillohome.com\/wp-content\/uploads\/2022\/12\/Cuscino-Decorativo-In-Velluto-Dama-60x60.jpg 60w\" sizes=\"auto, (max-width: 400px) 100vw, 400px\" \/><\/a><figcaption class=\"wp-element-caption\">Cuscino Decorativo In Velluto Dama<\/figcaption><\/figure>\n\n\n\n<figure class=\"wp-block-image size-full\"><a href=\"https:\/\/www.carillohome.com\/it\/cuscino-in-escopelliccia-colin\/\" target=\"_blank\" rel=\" noreferrer noopener\"><img loading=\"lazy\" decoding=\"async\" width=\"400\" height=\"400\" data-id=\"5049\" src=\"https:\/\/blog.carillohome.com\/wp-content\/uploads\/2022\/12\/Cuscino-In-Ecopelliccia-Colin.jpg\" alt=\"Cuscino In Ecopelliccia Colin\" class=\"wp-image-5049\" title=\"Cuscino In Ecopelliccia Colin\" srcset=\"https:\/\/blog.carillohome.com\/wp-content\/uploads\/2022\/12\/Cuscino-In-Ecopelliccia-Colin.jpg 400w, https:\/\/blog.carillohome.com\/wp-content\/uploads\/2022\/12\/Cuscino-In-Ecopelliccia-Colin-300x300.jpg 300w, https:\/\/blog.carillohome.com\/wp-content\/uploads\/2022\/12\/Cuscino-In-Ecopelliccia-Colin-150x150.jpg 150w, https:\/\/blog.carillohome.com\/wp-content\/uploads\/2022\/12\/Cuscino-In-Ecopelliccia-Colin-60x60.jpg 60w\" sizes=\"auto, (max-width: 400px) 100vw, 400px\" \/><\/a><figcaption class=\"wp-element-caption\">Cuscino In Ecopelliccia Colin<\/figcaption><\/figure>\n\n\n\n<figure class=\"wp-block-image size-large\"><a href=\"https:\/\/www.carillohome.com\/it\/cuscino-in-ecopelliccia-cody\/\" target=\"_blank\" rel=\" noreferrer noopener\"><img loading=\"lazy\" decoding=\"async\" width=\"400\" height=\"400\" data-id=\"5053\" src=\"https:\/\/blog.carillohome.com\/wp-content\/uploads\/2022\/12\/Cuscino-In-Ecopelliccia-Cody.jpg\" alt=\"Cuscino In Ecopelliccia Cody\" class=\"wp-image-5053\" title=\"Cuscino In Ecopelliccia Cody\" srcset=\"https:\/\/blog.carillohome.com\/wp-content\/uploads\/2022\/12\/Cuscino-In-Ecopelliccia-Cody.jpg 400w, https:\/\/blog.carillohome.com\/wp-content\/uploads\/2022\/12\/Cuscino-In-Ecopelliccia-Cody-300x300.jpg 300w, https:\/\/blog.carillohome.com\/wp-content\/uploads\/2022\/12\/Cuscino-In-Ecopelliccia-Cody-150x150.jpg 150w, https:\/\/blog.carillohome.com\/wp-content\/uploads\/2022\/12\/Cuscino-In-Ecopelliccia-Cody-60x60.jpg 60w\" sizes=\"auto, (max-width: 400px) 100vw, 400px\" \/><\/a><figcaption class=\"wp-element-caption\">Cuscino In Ecopelliccia Cody<\/figcaption><\/figure>\n<\/figure>\n\n\n\n<div style=\"height:15px\" aria-hidden=\"true\" class=\"wp-block-spacer\"><\/div>\n\n\n\n<p><em><strong>Tip<\/strong>:<\/em> disponi i cuscini in numero dispari (3 o 5) e varia leggermente dimensioni e texture.<\/p>\n\n\n\n<figure class=\"wp-block-image size-full\"><img loading=\"lazy\" decoding=\"async\" width=\"945\" height=\"630\" src=\"https:\/\/blog.carillohome.com\/wp-content\/uploads\/2022\/12\/tende-animalier.jpg\" alt=\"tende animalier\" class=\"wp-image-5044\" title=\"tende animalier\" srcset=\"https:\/\/blog.carillohome.com\/wp-content\/uploads\/2022\/12\/tende-animalier.jpg 945w, https:\/\/blog.carillohome.com\/wp-content\/uploads\/2022\/12\/tende-animalier-300x200.jpg 300w, https:\/\/blog.carillohome.com\/wp-content\/uploads\/2022\/12\/tende-animalier-768x512.jpg 768w, https:\/\/blog.carillohome.com\/wp-content\/uploads\/2022\/12\/tende-animalier-600x400.jpg 600w\" sizes=\"auto, (max-width: 945px) 100vw, 945px\" \/><\/figure>\n\n\n\n<h2 class=\"wp-block-heading western\">Tende zebrate e maculate: giochi di luce e movimento<\/h2>\n\n\n\n<p>Le <strong>tende animalier<\/strong> filtrano la luce in modo dinamico, creando ombre e riflessi naturali. Perfette per dare ritmo visivo a un salotto o a una camera minimalista.<\/p>\n\n\n\n<p><strong>Come scegliere <a href=\"https:\/\/www.carillohome.com\/it\/tende-e-bastoni\/tende-confezionate\/\" target=\"_blank\" rel=\"noreferrer noopener\">tende confezionate<\/a> o <a href=\"https:\/\/www.carillohome.com\/it\/tende-e-bastoni\/tende-sartoriali\/\" target=\"_blank\" rel=\"noreferrer noopener\">tende sartoriali<\/a> in stile animalier:<\/strong><\/p>\n\n\n\n<ul class=\"wp-block-list\">\n<li>Le <strong>tende zebrate<\/strong> valorizzano ambienti luminosi con mobili moderni.<\/li>\n\n\n\n<li>Le <strong>tende maculate<\/strong> si sposano con arredi vintage o boho chic.<\/li>\n\n\n\n<li>Scegli tessuti leggeri se vuoi mantenere luminosit\u00e0, pi\u00f9 spessi se desideri un effetto raccolto.<\/li>\n<\/ul>\n\n\n\n<figure class=\"wp-block-gallery has-nested-images columns-default is-cropped wp-block-gallery-4 is-layout-flex wp-block-gallery-is-layout-flex\">\n<figure class=\"wp-block-image size-large\"><a href=\"https:\/\/www.carillohome.com\/it\/tenda-confezionata-roxy\/\" target=\"_blank\" rel=\" noreferrer noopener\"><img loading=\"lazy\" decoding=\"async\" width=\"400\" height=\"400\" data-id=\"5043\" src=\"https:\/\/blog.carillohome.com\/wp-content\/uploads\/2022\/12\/Tenda-Confezionata-Roxy.jpg\" alt=\"Tenda Confezionata Roxy\" class=\"wp-image-5043\" title=\"Tenda Confezionata Roxy\" srcset=\"https:\/\/blog.carillohome.com\/wp-content\/uploads\/2022\/12\/Tenda-Confezionata-Roxy.jpg 400w, https:\/\/blog.carillohome.com\/wp-content\/uploads\/2022\/12\/Tenda-Confezionata-Roxy-300x300.jpg 300w, https:\/\/blog.carillohome.com\/wp-content\/uploads\/2022\/12\/Tenda-Confezionata-Roxy-150x150.jpg 150w, https:\/\/blog.carillohome.com\/wp-content\/uploads\/2022\/12\/Tenda-Confezionata-Roxy-60x60.jpg 60w\" sizes=\"auto, (max-width: 400px) 100vw, 400px\" \/><\/a><figcaption class=\"wp-element-caption\">Tenda Confezionata Roxy<\/figcaption><\/figure>\n\n\n\n<figure class=\"wp-block-image size-large\"><a href=\"https:\/\/www.carillohome.com\/it\/coppia-tendine-regolabili-eleonor\/\" target=\"_blank\" rel=\" noreferrer noopener\"><img loading=\"lazy\" decoding=\"async\" width=\"400\" height=\"400\" data-id=\"5046\" src=\"https:\/\/blog.carillohome.com\/wp-content\/uploads\/2022\/12\/Coppia-Tendine-Regolabili-Eleonor.jpg\" alt=\"Coppia Tendine Regolabili Eleonor\" class=\"wp-image-5046\" title=\"Coppia Tendine Regolabili Eleonor\" srcset=\"https:\/\/blog.carillohome.com\/wp-content\/uploads\/2022\/12\/Coppia-Tendine-Regolabili-Eleonor.jpg 400w, https:\/\/blog.carillohome.com\/wp-content\/uploads\/2022\/12\/Coppia-Tendine-Regolabili-Eleonor-300x300.jpg 300w, https:\/\/blog.carillohome.com\/wp-content\/uploads\/2022\/12\/Coppia-Tendine-Regolabili-Eleonor-150x150.jpg 150w, https:\/\/blog.carillohome.com\/wp-content\/uploads\/2022\/12\/Coppia-Tendine-Regolabili-Eleonor-60x60.jpg 60w\" sizes=\"auto, (max-width: 400px) 100vw, 400px\" \/><\/a><figcaption class=\"wp-element-caption\">Coppia Tendine Regolabili Eleonor<\/figcaption><\/figure>\n\n\n\n<figure class=\"wp-block-image size-large\"><a href=\"https:\/\/www.carillohome.com\/it\/tenda-confezionata-inalys\/\" target=\"_blank\" rel=\" noreferrer noopener\"><img loading=\"lazy\" decoding=\"async\" width=\"400\" height=\"400\" data-id=\"5045\" src=\"https:\/\/blog.carillohome.com\/wp-content\/uploads\/2022\/12\/Tenda-Confezionata-Inlays.jpg\" alt=\"Tenda Confezionata Inlays\" class=\"wp-image-5045\" title=\"Tenda Confezionata Inlays\" srcset=\"https:\/\/blog.carillohome.com\/wp-content\/uploads\/2022\/12\/Tenda-Confezionata-Inlays.jpg 400w, https:\/\/blog.carillohome.com\/wp-content\/uploads\/2022\/12\/Tenda-Confezionata-Inlays-300x300.jpg 300w, https:\/\/blog.carillohome.com\/wp-content\/uploads\/2022\/12\/Tenda-Confezionata-Inlays-150x150.jpg 150w, https:\/\/blog.carillohome.com\/wp-content\/uploads\/2022\/12\/Tenda-Confezionata-Inlays-60x60.jpg 60w\" sizes=\"auto, (max-width: 400px) 100vw, 400px\" \/><\/a><figcaption class=\"wp-element-caption\">Tenda Confezionata Inlays<\/figcaption><\/figure>\n<\/figure>\n\n\n\n<div style=\"height:15px\" aria-hidden=\"true\" class=\"wp-block-spacer\"><\/div>\n\n\n\n<p><em><strong>Suggerimento<\/strong>:<\/em> le tende zebrate si sposano bene con le pareti color sabbia o crema per un effetto sofisticato e naturale, secondo le regole base dei migliori <a href=\"https:\/\/www.carillohome.com\/blog\/abbinamenti-colori-camera-da-letto-pareti-lenzuola-tende\/\" target=\"_blank\" rel=\"noreferrer noopener\">abbinamenti per i colori in camera da letto<\/a> e in tutto il resto della casa.<\/p>\n\n\n\n<figure class=\"wp-block-image size-full\"><img loading=\"lazy\" decoding=\"async\" width=\"945\" height=\"630\" src=\"https:\/\/blog.carillohome.com\/wp-content\/uploads\/2022\/12\/completo-letto-animalier.jpg\" alt=\"completo letto animalier\" class=\"wp-image-5060\" title=\"completo letto animalier\" srcset=\"https:\/\/blog.carillohome.com\/wp-content\/uploads\/2022\/12\/completo-letto-animalier.jpg 945w, https:\/\/blog.carillohome.com\/wp-content\/uploads\/2022\/12\/completo-letto-animalier-300x200.jpg 300w, https:\/\/blog.carillohome.com\/wp-content\/uploads\/2022\/12\/completo-letto-animalier-768x512.jpg 768w, https:\/\/blog.carillohome.com\/wp-content\/uploads\/2022\/12\/completo-letto-animalier-600x400.jpg 600w\" sizes=\"auto, (max-width: 945px) 100vw, 945px\" \/><\/figure>\n\n\n\n<h2 class=\"wp-block-heading western\">Camera da letto in stile animalier: copriletti, lenzuola e piumoni coordinati<\/h2>\n\n\n\n<p>Lo <strong>stile animalier<\/strong> in camera da letto celebra l\u2019eleganza sensuale del riposo. Le collezioni <strong>Sauvage<\/strong>, <strong>Leopard<\/strong>, <strong>Cody<\/strong> e <strong>Colin<\/strong> sono pensate per creare armonie tattili e visive.<\/p>\n\n\n\n<p><strong>Per un letto da sogno:<\/strong><\/p>\n\n\n\n<ul class=\"wp-block-list\">\n<li><strong>Completo lenzuolo <a href=\"https:\/\/www.carillohome.com\/it\/biancheria-da-letto\/copriletti\/\" target=\"_blank\" rel=\"noreferrer noopener\">copriletto<\/a> o <a href=\"https:\/\/www.carillohome.com\/it\/biancheria-da-letto\/copripiumini\/\" target=\"_blank\" rel=\"noreferrer noopener\">parure copripiumino<\/a> in raso Sauvage:<\/strong> brillante e sofisticato.<\/li>\n\n\n\n<li><strong>Trapunta in velluto Colin:<\/strong> calda e avvolgente.<\/li>\n\n\n\n<li><strong>Completo lenzuolo copriletto Leopard:<\/strong> fantasia maculata di design.<\/li>\n\n\n\n<li><strong>Cuscini e plaid in ecopelliccia Cody:<\/strong> dettagli che amplificano il comfort.<\/li>\n<\/ul>\n\n\n\n<figure class=\"wp-block-gallery has-nested-images columns-default is-cropped wp-block-gallery-5 is-layout-flex wp-block-gallery-is-layout-flex\">\n<figure class=\"wp-block-image size-large\"><a href=\"https:\/\/www.carillohome.com\/it\/completo-lenzuolo-copriletto-in-percalle-cody\/\" target=\"_blank\" rel=\" noreferrer noopener\"><img loading=\"lazy\" decoding=\"async\" width=\"400\" height=\"400\" data-id=\"5061\" src=\"https:\/\/blog.carillohome.com\/wp-content\/uploads\/2022\/12\/Completo-Lenzuolo-Copriletto-In-Percalle-Cody.jpg\" alt=\"Completo Lenzuolo Copriletto In Percalle Cody\" class=\"wp-image-5061\" title=\"Completo Lenzuolo Copriletto In Percalle Cody\" srcset=\"https:\/\/blog.carillohome.com\/wp-content\/uploads\/2022\/12\/Completo-Lenzuolo-Copriletto-In-Percalle-Cody.jpg 400w, https:\/\/blog.carillohome.com\/wp-content\/uploads\/2022\/12\/Completo-Lenzuolo-Copriletto-In-Percalle-Cody-300x300.jpg 300w, https:\/\/blog.carillohome.com\/wp-content\/uploads\/2022\/12\/Completo-Lenzuolo-Copriletto-In-Percalle-Cody-150x150.jpg 150w, https:\/\/blog.carillohome.com\/wp-content\/uploads\/2022\/12\/Completo-Lenzuolo-Copriletto-In-Percalle-Cody-60x60.jpg 60w\" sizes=\"auto, (max-width: 400px) 100vw, 400px\" \/><\/a><figcaption class=\"wp-element-caption\">Completo Lenzuolo Copriletto In Percalle Cody<\/figcaption><\/figure>\n\n\n\n<figure class=\"wp-block-image size-large\"><a href=\"https:\/\/www.carillohome.com\/it\/completo-lenzuolo-colin\/\" target=\"_blank\" rel=\" noreferrer noopener\"><img loading=\"lazy\" decoding=\"async\" width=\"400\" height=\"400\" data-id=\"5062\" src=\"https:\/\/blog.carillohome.com\/wp-content\/uploads\/2022\/12\/Completo-Lenzuolo-Colin.jpg\" alt=\"Completo Lenzuolo Colin\" class=\"wp-image-5062\" title=\"Completo Lenzuolo Colin\" srcset=\"https:\/\/blog.carillohome.com\/wp-content\/uploads\/2022\/12\/Completo-Lenzuolo-Colin.jpg 400w, https:\/\/blog.carillohome.com\/wp-content\/uploads\/2022\/12\/Completo-Lenzuolo-Colin-300x300.jpg 300w, https:\/\/blog.carillohome.com\/wp-content\/uploads\/2022\/12\/Completo-Lenzuolo-Colin-150x150.jpg 150w, https:\/\/blog.carillohome.com\/wp-content\/uploads\/2022\/12\/Completo-Lenzuolo-Colin-60x60.jpg 60w\" sizes=\"auto, (max-width: 400px) 100vw, 400px\" \/><\/a><figcaption class=\"wp-element-caption\">Completo Lenzuolo Colin<\/figcaption><\/figure>\n\n\n\n<figure class=\"wp-block-image size-large\"><a href=\"https:\/\/www.carillohome.com\/it\/completo-lenzuolo-copriletto-in-raso-sauvage\/\" target=\"_blank\" rel=\" noreferrer noopener\"><img loading=\"lazy\" decoding=\"async\" width=\"400\" height=\"400\" data-id=\"5063\" src=\"https:\/\/blog.carillohome.com\/wp-content\/uploads\/2022\/12\/Completo-Lenzuolo-Copriletto-In-Raso-Sauvage.jpg\" alt=\"Completo Lenzuolo Copriletto In Raso Sauvage\" class=\"wp-image-5063\" title=\"Completo Lenzuolo Copriletto In Raso Sauvage\" srcset=\"https:\/\/blog.carillohome.com\/wp-content\/uploads\/2022\/12\/Completo-Lenzuolo-Copriletto-In-Raso-Sauvage.jpg 400w, https:\/\/blog.carillohome.com\/wp-content\/uploads\/2022\/12\/Completo-Lenzuolo-Copriletto-In-Raso-Sauvage-300x300.jpg 300w, https:\/\/blog.carillohome.com\/wp-content\/uploads\/2022\/12\/Completo-Lenzuolo-Copriletto-In-Raso-Sauvage-150x150.jpg 150w, https:\/\/blog.carillohome.com\/wp-content\/uploads\/2022\/12\/Completo-Lenzuolo-Copriletto-In-Raso-Sauvage-60x60.jpg 60w\" sizes=\"auto, (max-width: 400px) 100vw, 400px\" \/><\/a><figcaption class=\"wp-element-caption\">Completo Lenzuolo Copriletto In Raso Sauvage<\/figcaption><\/figure>\n<\/figure>\n\n\n\n<div style=\"height:15px\" aria-hidden=\"true\" class=\"wp-block-spacer\"><\/div>\n\n\n\n<figure class=\"wp-block-table\"><table class=\"has-fixed-layout\"><thead><tr><td><strong>Elemento<\/strong><\/td><td><strong>Tessuto<\/strong><\/td><td><strong>Effetto<\/strong><\/td><\/tr><\/thead><tbody><tr><td>Copriletto maculato<\/td><td>Raso<\/td><td>Eleganza lucente<\/td><\/tr><tr><td>Trapunta zebrata<\/td><td>Velluto<\/td><td>Calore e profondit\u00e0<\/td><\/tr><tr><td>Lenzuola leopardate<\/td><td>Cotone<\/td><td>Comfort quotidiano<\/td><\/tr><tr><td>Cuscino in ecopelliccia<\/td><td>Sintetico soft-touch<\/td><td>Texture naturale<\/td><\/tr><\/tbody><\/table><\/figure>\n\n\n\n<div style=\"height:15px\" aria-hidden=\"true\" class=\"wp-block-spacer\"><\/div>\n\n\n\n<figure class=\"wp-block-image size-full\"><img loading=\"lazy\" decoding=\"async\" width=\"945\" height=\"630\" src=\"https:\/\/blog.carillohome.com\/wp-content\/uploads\/2022\/12\/tavola-in-stile-animalier.jpg\" alt=\"tavola in stile animalier\" class=\"wp-image-5035\" title=\"tavola in stile animalier\" srcset=\"https:\/\/blog.carillohome.com\/wp-content\/uploads\/2022\/12\/tavola-in-stile-animalier.jpg 945w, https:\/\/blog.carillohome.com\/wp-content\/uploads\/2022\/12\/tavola-in-stile-animalier-300x200.jpg 300w, https:\/\/blog.carillohome.com\/wp-content\/uploads\/2022\/12\/tavola-in-stile-animalier-768x512.jpg 768w, https:\/\/blog.carillohome.com\/wp-content\/uploads\/2022\/12\/tavola-in-stile-animalier-600x400.jpg 600w\" sizes=\"auto, (max-width: 945px) 100vw, 945px\" \/><\/figure>\n\n\n\n<h2 class=\"wp-block-heading western\">Tovaglie animalier: maculate o zebrate per una tavola originale<\/h2>\n\n\n\n<p>L\u2019<strong>animalier in tavola<\/strong> \u00e8 un trend audace ma raffinato. Una <strong><a href=\"https:\/\/www.carillohome.com\/it\/cucina\/tovaglie\/\" target=\"_blank\" rel=\"noreferrer noopener\">tovaglia<\/a> zebrata<\/strong> o <strong>maculata<\/strong> crea subito un effetto scenografico, specialmente abbinata a ceramiche monocrome e posate dorate.<\/p>\n\n\n\n<p><strong>Idee per la mise en place:<\/strong><\/p>\n\n\n\n<ul class=\"wp-block-list\">\n<li>Tavolo in legno chiaro + <strong>tovaglia maculata<\/strong> = contrasto caldo e accogliente.<\/li>\n\n\n\n<li>Tavolo nero + <strong>tovaglia zebrata<\/strong> = effetto grafico contemporaneo.<\/li>\n\n\n\n<li>Aggiungi <strong>bicchieri trasparenti<\/strong> e <strong>centrotavola dorati<\/strong> per un look chic.<\/li>\n<\/ul>\n\n\n\n<figure class=\"wp-block-gallery has-nested-images columns-default is-cropped wp-block-gallery-6 is-layout-flex wp-block-gallery-is-layout-flex\">\n<figure class=\"wp-block-image size-full\"><a href=\"https:\/\/www.carillohome.com\/it\/runner-in-cotone-fiammato-calypso-pellina\/\" target=\"_blank\" rel=\" noreferrer noopener\"><img loading=\"lazy\" decoding=\"async\" width=\"400\" height=\"400\" data-id=\"5038\" src=\"https:\/\/blog.carillohome.com\/wp-content\/uploads\/2022\/12\/Runner-In-Cotone-Fiammato-Calypso-Pellina.jpg\" alt=\"Runner In Cotone Fiammato Calypso Pellina\" class=\"wp-image-5038\" title=\"Runner In Cotone Fiammato Calypso Pellina\" srcset=\"https:\/\/blog.carillohome.com\/wp-content\/uploads\/2022\/12\/Runner-In-Cotone-Fiammato-Calypso-Pellina.jpg 400w, https:\/\/blog.carillohome.com\/wp-content\/uploads\/2022\/12\/Runner-In-Cotone-Fiammato-Calypso-Pellina-300x300.jpg 300w, https:\/\/blog.carillohome.com\/wp-content\/uploads\/2022\/12\/Runner-In-Cotone-Fiammato-Calypso-Pellina-150x150.jpg 150w, https:\/\/blog.carillohome.com\/wp-content\/uploads\/2022\/12\/Runner-In-Cotone-Fiammato-Calypso-Pellina-60x60.jpg 60w\" sizes=\"auto, (max-width: 400px) 100vw, 400px\" \/><\/a><figcaption class=\"wp-element-caption\">Runner In Cotone Fiammato Calypso Pellina<\/figcaption><\/figure>\n\n\n\n<figure class=\"wp-block-image size-full\"><a href=\"https:\/\/www.carillohome.com\/it\/coppia-cuscini-sedia-morbidone\/\" target=\"_blank\" rel=\" noreferrer noopener\"><img loading=\"lazy\" decoding=\"async\" width=\"400\" height=\"400\" data-id=\"5037\" src=\"https:\/\/blog.carillohome.com\/wp-content\/uploads\/2022\/12\/Coppia-Cuscini-Sedia-Morbidone.jpg\" alt=\"Coppia Cuscini Sedia Morbidone\" class=\"wp-image-5037\" title=\"Coppia Cuscini Sedia Morbidone\" srcset=\"https:\/\/blog.carillohome.com\/wp-content\/uploads\/2022\/12\/Coppia-Cuscini-Sedia-Morbidone.jpg 400w, https:\/\/blog.carillohome.com\/wp-content\/uploads\/2022\/12\/Coppia-Cuscini-Sedia-Morbidone-300x300.jpg 300w, https:\/\/blog.carillohome.com\/wp-content\/uploads\/2022\/12\/Coppia-Cuscini-Sedia-Morbidone-150x150.jpg 150w, https:\/\/blog.carillohome.com\/wp-content\/uploads\/2022\/12\/Coppia-Cuscini-Sedia-Morbidone-60x60.jpg 60w\" sizes=\"auto, (max-width: 400px) 100vw, 400px\" \/><\/a><figcaption class=\"wp-element-caption\">Coppia Cuscini Sedia Morbidone<\/figcaption><\/figure>\n\n\n\n<figure class=\"wp-block-image size-full\"><a href=\"https:\/\/www.carillohome.com\/it\/tovaglia-antimacchia-no-stiro-daily\/\" target=\"_blank\" rel=\" noreferrer noopener\"><img loading=\"lazy\" decoding=\"async\" width=\"400\" height=\"400\" data-id=\"5036\" src=\"https:\/\/blog.carillohome.com\/wp-content\/uploads\/2022\/12\/Tovaglia-Antimacchia-No-Stiro-Daily.jpg\" alt=\"Tovaglia Antimacchia No Stiro Daily\" class=\"wp-image-5036\" title=\"Tovaglia Antimacchia No Stiro Daily\" srcset=\"https:\/\/blog.carillohome.com\/wp-content\/uploads\/2022\/12\/Tovaglia-Antimacchia-No-Stiro-Daily.jpg 400w, https:\/\/blog.carillohome.com\/wp-content\/uploads\/2022\/12\/Tovaglia-Antimacchia-No-Stiro-Daily-300x300.jpg 300w, https:\/\/blog.carillohome.com\/wp-content\/uploads\/2022\/12\/Tovaglia-Antimacchia-No-Stiro-Daily-150x150.jpg 150w, https:\/\/blog.carillohome.com\/wp-content\/uploads\/2022\/12\/Tovaglia-Antimacchia-No-Stiro-Daily-60x60.jpg 60w\" sizes=\"auto, (max-width: 400px) 100vw, 400px\" \/><\/a><figcaption class=\"wp-element-caption\">Tovaglia Antimacchia No Stiro Daily<\/figcaption><\/figure>\n<\/figure>\n\n\n\n<div style=\"height:15px\" aria-hidden=\"true\" class=\"wp-block-spacer\"><\/div>\n\n\n\n<p><em><strong>Tip<\/strong>:<\/em> se la tovaglia \u00e8 animalier, mantieni i <a href=\"https:\/\/www.carillohome.com\/it\/cucina\/strofinacci-e-tovaglioli\/\" target=\"_blank\" rel=\"noreferrer noopener\">tovaglioli<\/a> in tinta unita per evitare di togliere eleganza al contesto e conservare un tocco minimal.<\/p>\n\n\n\n<figure class=\"wp-block-image size-full\"><img loading=\"lazy\" decoding=\"async\" width=\"945\" height=\"630\" src=\"https:\/\/blog.carillohome.com\/wp-content\/uploads\/2022\/12\/biancheria-da-bagno-stile-animalier.jpg\" alt=\"biancheria da bagno stile animalier\" class=\"wp-image-5039\" title=\"biancheria da bagno stile animalier\" srcset=\"https:\/\/blog.carillohome.com\/wp-content\/uploads\/2022\/12\/biancheria-da-bagno-stile-animalier.jpg 945w, https:\/\/blog.carillohome.com\/wp-content\/uploads\/2022\/12\/biancheria-da-bagno-stile-animalier-300x200.jpg 300w, https:\/\/blog.carillohome.com\/wp-content\/uploads\/2022\/12\/biancheria-da-bagno-stile-animalier-768x512.jpg 768w, https:\/\/blog.carillohome.com\/wp-content\/uploads\/2022\/12\/biancheria-da-bagno-stile-animalier-600x400.jpg 600w\" sizes=\"auto, (max-width: 945px) 100vw, 945px\" \/><\/figure>\n\n\n\n<h2 class=\"wp-block-heading western\">Bagno in stile animalier: tocchi discreti e raffinati<\/h2>\n\n\n\n<p>In bagno lo <strong>stile animalier<\/strong> si inserisce per accenni: basta un dettaglio per cambiare atmosfera.<br>Usa<strong> <a href=\"https:\/\/www.carillohome.com\/it\/bagno\/accappatoi\/\" target=\"_blank\" rel=\"noreferrer noopener\">accappatoi<\/a> maculati<\/strong>, <strong><a href=\"https:\/\/www.carillohome.com\/it\/bagno\/asciugamani\/\" target=\"_blank\" rel=\"noreferrer noopener\">set di asciugamani<\/a> a macchia di leopardo <\/strong>o un piccolo<strong> <a href=\"https:\/\/www.carillohome.com\/it\/bagno\/tappeti-bagno\/\" target=\"_blank\" rel=\"noreferrer noopener\">tappeto bagno<\/a> <\/strong>per introdurre la fantasia in modo sottile e sofisticato.<\/p>\n\n\n\n<figure class=\"wp-block-gallery has-nested-images columns-default is-cropped wp-block-gallery-7 is-layout-flex wp-block-gallery-is-layout-flex\">\n<figure class=\"wp-block-image size-large\"><a href=\"https:\/\/www.carillohome.com\/it\/set-1-1-animalier\/\" target=\"_blank\" rel=\" noreferrer noopener\"><img loading=\"lazy\" decoding=\"async\" width=\"400\" height=\"400\" data-id=\"5041\" src=\"https:\/\/blog.carillohome.com\/wp-content\/uploads\/2022\/12\/Set-1-1-Animalier.jpg\" alt=\"Set 1 + 1 Animalier\" class=\"wp-image-5041\" title=\"Set 1 + 1 Animalier\" srcset=\"https:\/\/blog.carillohome.com\/wp-content\/uploads\/2022\/12\/Set-1-1-Animalier.jpg 400w, https:\/\/blog.carillohome.com\/wp-content\/uploads\/2022\/12\/Set-1-1-Animalier-300x300.jpg 300w, https:\/\/blog.carillohome.com\/wp-content\/uploads\/2022\/12\/Set-1-1-Animalier-150x150.jpg 150w, https:\/\/blog.carillohome.com\/wp-content\/uploads\/2022\/12\/Set-1-1-Animalier-60x60.jpg 60w\" sizes=\"auto, (max-width: 400px) 100vw, 400px\" \/><\/a><figcaption class=\"wp-element-caption\">Set 1 + 1 Animalier<\/figcaption><\/figure>\n\n\n\n<figure class=\"wp-block-image size-large\"><a href=\"https:\/\/www.carillohome.com\/it\/tappeto-bagno-agua\/\" target=\"_blank\" rel=\" noreferrer noopener\"><img loading=\"lazy\" decoding=\"async\" width=\"400\" height=\"400\" data-id=\"5040\" src=\"https:\/\/blog.carillohome.com\/wp-content\/uploads\/2022\/12\/Tappeto-Agua-Animalier.jpg\" alt=\"Tappeto Agua Animalier\" class=\"wp-image-5040\" title=\"Tappeto Agua Animalier\" srcset=\"https:\/\/blog.carillohome.com\/wp-content\/uploads\/2022\/12\/Tappeto-Agua-Animalier.jpg 400w, https:\/\/blog.carillohome.com\/wp-content\/uploads\/2022\/12\/Tappeto-Agua-Animalier-300x300.jpg 300w, https:\/\/blog.carillohome.com\/wp-content\/uploads\/2022\/12\/Tappeto-Agua-Animalier-150x150.jpg 150w, https:\/\/blog.carillohome.com\/wp-content\/uploads\/2022\/12\/Tappeto-Agua-Animalier-60x60.jpg 60w\" sizes=\"auto, (max-width: 400px) 100vw, 400px\" \/><\/a><figcaption class=\"wp-element-caption\">Tappeto Agua Animalier<\/figcaption><\/figure>\n\n\n\n<figure class=\"wp-block-image size-large\"><a href=\"https:\/\/www.carillohome.com\/it\/accappatoio-animalier-in-spugna\/\" target=\"_blank\" rel=\" noreferrer noopener\"><img loading=\"lazy\" decoding=\"async\" width=\"400\" height=\"400\" data-id=\"5042\" src=\"https:\/\/blog.carillohome.com\/wp-content\/uploads\/2022\/12\/Accappatoio-Animalier-In-Spugna.jpg\" alt=\"Accappatoio Animalier In Spugna\" class=\"wp-image-5042\" title=\"Accappatoio Animalier In Spugna\" srcset=\"https:\/\/blog.carillohome.com\/wp-content\/uploads\/2022\/12\/Accappatoio-Animalier-In-Spugna.jpg 400w, https:\/\/blog.carillohome.com\/wp-content\/uploads\/2022\/12\/Accappatoio-Animalier-In-Spugna-300x300.jpg 300w, https:\/\/blog.carillohome.com\/wp-content\/uploads\/2022\/12\/Accappatoio-Animalier-In-Spugna-150x150.jpg 150w, https:\/\/blog.carillohome.com\/wp-content\/uploads\/2022\/12\/Accappatoio-Animalier-In-Spugna-60x60.jpg 60w\" sizes=\"auto, (max-width: 400px) 100vw, 400px\" \/><\/a><figcaption class=\"wp-element-caption\">Accappatoio Animalier In Spugna<\/figcaption><\/figure>\n<\/figure>\n\n\n\n<div style=\"height:15px\" aria-hidden=\"true\" class=\"wp-block-spacer\"><\/div>\n\n\n\n<p><em><strong>Suggerimento decorativo<\/strong>:<\/em> abbina la <a href=\"https:\/\/www.carillohome.com\/it\/bagno\/\" target=\"_blank\" rel=\"noreferrer noopener\">biancheria da bagno<\/a> in stile animalier a materiali naturali come <strong>bamboo, legno chiaro o ceramica artigianale<\/strong> per un effetto pi\u00f9 rilassante.<\/p>\n\n\n\n<figure class=\"wp-block-image size-full\"><img loading=\"lazy\" decoding=\"async\" width=\"945\" height=\"630\" src=\"https:\/\/blog.carillohome.com\/wp-content\/uploads\/2022\/12\/parure-copripiumino-animalier.jpg\" alt=\"parure copripiumino animalier\" class=\"wp-image-5064\" title=\"parure copripiumino animalier\" srcset=\"https:\/\/blog.carillohome.com\/wp-content\/uploads\/2022\/12\/parure-copripiumino-animalier.jpg 945w, https:\/\/blog.carillohome.com\/wp-content\/uploads\/2022\/12\/parure-copripiumino-animalier-300x200.jpg 300w, https:\/\/blog.carillohome.com\/wp-content\/uploads\/2022\/12\/parure-copripiumino-animalier-768x512.jpg 768w, https:\/\/blog.carillohome.com\/wp-content\/uploads\/2022\/12\/parure-copripiumino-animalier-600x400.jpg 600w\" sizes=\"auto, (max-width: 945px) 100vw, 945px\" \/><\/figure>\n\n\n\n<h2 class=\"wp-block-heading western\">Come dosare le fantasie animalier senza esagerare<\/h2>\n\n\n\n<p>L\u2019animalier \u00e8 come un profumo intenso: ne basta poco per lasciare il segno.<br>Ecco tre regole d\u2019oro per non sbagliare quando si arreda in stile animalier:<\/p>\n\n\n\n<ol start=\"1\" class=\"wp-block-list\">\n<li><strong>Un pattern per stanza<\/strong>: evita di mescolare zebrato e maculato nello stesso spazio.<\/li>\n\n\n\n<li><strong>Bilancia con neutri<\/strong>: sabbia, panna e grigio sono i migliori alleati.<\/li>\n\n\n\n<li><strong>Gioca con le texture<\/strong>: velluto, raso ed ecopelliccia creano movimento senza eccesso visivo.<\/li>\n<\/ol>\n\n\n\n<figure class=\"wp-block-image size-full\"><img loading=\"lazy\" decoding=\"async\" width=\"945\" height=\"630\" src=\"https:\/\/blog.carillohome.com\/wp-content\/uploads\/2022\/12\/biancheria-da-letto-animalier.jpg\" alt=\"biancheria da letto animalier\" class=\"wp-image-5065\" srcset=\"https:\/\/blog.carillohome.com\/wp-content\/uploads\/2022\/12\/biancheria-da-letto-animalier.jpg 945w, https:\/\/blog.carillohome.com\/wp-content\/uploads\/2022\/12\/biancheria-da-letto-animalier-300x200.jpg 300w, https:\/\/blog.carillohome.com\/wp-content\/uploads\/2022\/12\/biancheria-da-letto-animalier-768x512.jpg 768w, https:\/\/blog.carillohome.com\/wp-content\/uploads\/2022\/12\/biancheria-da-letto-animalier-600x400.jpg 600w\" sizes=\"auto, (max-width: 945px) 100vw, 945px\" \/><\/figure>\n\n\n\n<h2 class=\"wp-block-heading western\">Colori da abbinare allo stile animalier<\/h2>\n\n\n\n<p>Lo <strong>stile animalier<\/strong> trova la sua forza nei contrasti cromatici, proprio come accade per <a href=\"https:\/\/www.carillohome.com\/blog\/arredare-in-stile-etnico-moderno-consigli-tendenze\/\" target=\"_blank\" rel=\"noreferrer noopener\">ogni stile di arredamento etnico<\/a>. Ecco una mini guida per armonizzare la palette:<\/p>\n\n\n\n<figure class=\"wp-block-table\"><table class=\"has-fixed-layout\"><thead><tr><td><strong>Fantasia<\/strong><\/td><td><strong>Colori ideali da abbinare<\/strong><\/td><td><strong>Effetto visivo<\/strong><\/td><\/tr><\/thead><tbody><tr><td>Zebrato<\/td><td>Nero, bianco, oro, verde oliva<\/td><td>Moderno e grafico<\/td><\/tr><tr><td>Maculato<\/td><td>Beige, cioccolato, bronzo, panna<\/td><td>Caldo e sofisticato<\/td><\/tr><tr><td>Leopardato<\/td><td>Terracotta, miele, rame<\/td><td>Naturale e avvolgente<\/td><\/tr><\/tbody><\/table><\/figure>\n\n\n\n<div style=\"height:15px\" aria-hidden=\"true\" class=\"wp-block-spacer\"><\/div>\n\n\n\n<figure class=\"wp-block-gallery has-nested-images columns-default is-cropped wp-block-gallery-8 is-layout-flex wp-block-gallery-is-layout-flex\">\n<figure class=\"wp-block-image size-large\"><a href=\"https:\/\/www.carillohome.com\/it\/parure-copripiumino-in-raso-sauvage\/\" target=\"_blank\" rel=\" noreferrer noopener\"><img loading=\"lazy\" decoding=\"async\" width=\"400\" height=\"400\" data-id=\"5070\" src=\"https:\/\/blog.carillohome.com\/wp-content\/uploads\/2022\/12\/Parure-Copripiumino-In-Raso-Sauvage.jpg\" alt=\"Parure Copripiumino In Raso Sauvage\" class=\"wp-image-5070\" title=\"Parure Copripiumino In Raso Sauvage\" srcset=\"https:\/\/blog.carillohome.com\/wp-content\/uploads\/2022\/12\/Parure-Copripiumino-In-Raso-Sauvage.jpg 400w, https:\/\/blog.carillohome.com\/wp-content\/uploads\/2022\/12\/Parure-Copripiumino-In-Raso-Sauvage-300x300.jpg 300w, https:\/\/blog.carillohome.com\/wp-content\/uploads\/2022\/12\/Parure-Copripiumino-In-Raso-Sauvage-150x150.jpg 150w, https:\/\/blog.carillohome.com\/wp-content\/uploads\/2022\/12\/Parure-Copripiumino-In-Raso-Sauvage-60x60.jpg 60w\" sizes=\"auto, (max-width: 400px) 100vw, 400px\" \/><\/a><figcaption class=\"wp-element-caption\">Parure Copripiumino In Raso Sauvage<\/figcaption><\/figure>\n\n\n\n<figure class=\"wp-block-image size-large\"><a href=\"https:\/\/www.carillohome.com\/it\/parure-copripiumino-exotic\/\" target=\"_blank\" rel=\" noreferrer noopener\"><img loading=\"lazy\" decoding=\"async\" width=\"400\" height=\"400\" data-id=\"5069\" src=\"https:\/\/blog.carillohome.com\/wp-content\/uploads\/2022\/12\/Parure-Copripiumino-in-Raso-Exotic.jpg\" alt=\"Parure Copripiumino in Raso Exotic\" class=\"wp-image-5069\" title=\"Parure Copripiumino in Raso Exotic\" srcset=\"https:\/\/blog.carillohome.com\/wp-content\/uploads\/2022\/12\/Parure-Copripiumino-in-Raso-Exotic.jpg 400w, https:\/\/blog.carillohome.com\/wp-content\/uploads\/2022\/12\/Parure-Copripiumino-in-Raso-Exotic-300x300.jpg 300w, https:\/\/blog.carillohome.com\/wp-content\/uploads\/2022\/12\/Parure-Copripiumino-in-Raso-Exotic-150x150.jpg 150w, https:\/\/blog.carillohome.com\/wp-content\/uploads\/2022\/12\/Parure-Copripiumino-in-Raso-Exotic-60x60.jpg 60w\" sizes=\"auto, (max-width: 400px) 100vw, 400px\" \/><\/a><figcaption class=\"wp-element-caption\">Parure Copripiumino in Raso Exotic<\/figcaption><\/figure>\n\n\n\n<figure class=\"wp-block-image size-large\"><a href=\"https:\/\/www.carillohome.com\/it\/parure-copripiumino-in-percalle-cody\/\" target=\"_blank\" rel=\" noreferrer noopener\"><img loading=\"lazy\" decoding=\"async\" width=\"400\" height=\"400\" data-id=\"5067\" src=\"https:\/\/blog.carillohome.com\/wp-content\/uploads\/2022\/12\/Parure-Copripiumino-In-Percalle-Cody.jpg\" alt=\"Parure Copripiumino In Percalle Cody\" class=\"wp-image-5067\" title=\"Parure Copripiumino In Percalle Cody\" srcset=\"https:\/\/blog.carillohome.com\/wp-content\/uploads\/2022\/12\/Parure-Copripiumino-In-Percalle-Cody.jpg 400w, https:\/\/blog.carillohome.com\/wp-content\/uploads\/2022\/12\/Parure-Copripiumino-In-Percalle-Cody-300x300.jpg 300w, https:\/\/blog.carillohome.com\/wp-content\/uploads\/2022\/12\/Parure-Copripiumino-In-Percalle-Cody-150x150.jpg 150w, https:\/\/blog.carillohome.com\/wp-content\/uploads\/2022\/12\/Parure-Copripiumino-In-Percalle-Cody-60x60.jpg 60w\" sizes=\"auto, (max-width: 400px) 100vw, 400px\" \/><\/a><figcaption class=\"wp-element-caption\">Parure Copripiumino In Percalle Cody<\/figcaption><\/figure>\n<\/figure>\n\n\n\n<div style=\"height:15px\" aria-hidden=\"true\" class=\"wp-block-spacer\"><\/div>\n\n\n\n<p><em><strong>Tip di design<\/strong>:<\/em> inserisci sempre almeno un elemento monocromo per \u201criposare\u201d l\u2019occhio, come una parete neutra o un tappeto in tinta unita.<\/p>\n\n\n\n<p>Lo <strong>stile animalier<\/strong> \u00e8 molto pi\u00f9 di una tendenza: \u00e8 una filosofia d\u2019arredo che invita a esprimere il proprio carattere attraverso la casa. Dall\u2019esperienza e dall\u2019attenzione alle tendenze di Carillo Home nascono tessuti e accessori che coniugano design e comfort, ideali per chi desidera un interno deciso ma elegante.<br>Che si tratti di una <strong>trapunta in raso maculato<\/strong>, di un <strong>plaid in velluto zebrato<\/strong> o di una <strong>tovaglia animalier<\/strong>, ogni scelta diventa un gesto di stile consapevole e il modo pi\u00f9 raffinato per dare personalit\u00e0 ai propri spazi.<\/p>\n\n\n\n<figure class=\"wp-block-gallery has-nested-images columns-default is-cropped wp-block-gallery-9 is-layout-flex wp-block-gallery-is-layout-flex\">\n<figure class=\"wp-block-image size-large\"><a href=\"https:\/\/www.carillohome.com\/it\/parure-copripiumino-jacquard-leopard\/\" target=\"_blank\" rel=\" noreferrer noopener\"><img loading=\"lazy\" decoding=\"async\" width=\"400\" height=\"400\" data-id=\"5071\" src=\"https:\/\/blog.carillohome.com\/wp-content\/uploads\/2022\/12\/Parure-Copripiumino-Jacquard-Leopard.jpg\" alt=\"Parure Copripiumino Jacquard Leopard\" class=\"wp-image-5071\" title=\"Parure Copripiumino Jacquard Leopard\" srcset=\"https:\/\/blog.carillohome.com\/wp-content\/uploads\/2022\/12\/Parure-Copripiumino-Jacquard-Leopard.jpg 400w, https:\/\/blog.carillohome.com\/wp-content\/uploads\/2022\/12\/Parure-Copripiumino-Jacquard-Leopard-300x300.jpg 300w, https:\/\/blog.carillohome.com\/wp-content\/uploads\/2022\/12\/Parure-Copripiumino-Jacquard-Leopard-150x150.jpg 150w, https:\/\/blog.carillohome.com\/wp-content\/uploads\/2022\/12\/Parure-Copripiumino-Jacquard-Leopard-60x60.jpg 60w\" sizes=\"auto, (max-width: 400px) 100vw, 400px\" \/><\/a><figcaption class=\"wp-element-caption\">Parure Copripiumino Jacquard Leopard<\/figcaption><\/figure>\n\n\n\n<figure class=\"wp-block-image size-large\"><a href=\"https:\/\/www.carillohome.com\/it\/parure-copripiumino-new-tess\/\" target=\"_blank\" rel=\" noreferrer noopener\"><img loading=\"lazy\" decoding=\"async\" width=\"400\" height=\"400\" data-id=\"5066\" src=\"https:\/\/blog.carillohome.com\/wp-content\/uploads\/2022\/12\/Parure-Copripiumino-New-Tess.jpg\" alt=\"Parure Copripiumino New Tess\" class=\"wp-image-5066\" title=\"Parure Copripiumino New Tess\" srcset=\"https:\/\/blog.carillohome.com\/wp-content\/uploads\/2022\/12\/Parure-Copripiumino-New-Tess.jpg 400w, https:\/\/blog.carillohome.com\/wp-content\/uploads\/2022\/12\/Parure-Copripiumino-New-Tess-300x300.jpg 300w, https:\/\/blog.carillohome.com\/wp-content\/uploads\/2022\/12\/Parure-Copripiumino-New-Tess-150x150.jpg 150w, https:\/\/blog.carillohome.com\/wp-content\/uploads\/2022\/12\/Parure-Copripiumino-New-Tess-60x60.jpg 60w\" sizes=\"auto, (max-width: 400px) 100vw, 400px\" \/><\/a><figcaption class=\"wp-element-caption\">Parure Copripiumino New Tess<\/figcaption><\/figure>\n\n\n\n<figure class=\"wp-block-image size-large\"><a href=\"https:\/\/www.carillohome.com\/it\/parure-copripiumino-in-percalle-colin\/\" target=\"_blank\" rel=\" noreferrer noopener\"><img loading=\"lazy\" decoding=\"async\" width=\"400\" height=\"400\" data-id=\"5068\" src=\"https:\/\/blog.carillohome.com\/wp-content\/uploads\/2022\/12\/Parure-Copripiumino-In-Percalle-Colin.jpg\" alt=\"Parure Copripiumino In Percalle Colin\" class=\"wp-image-5068\" title=\"Parure Copripiumino In Percalle Colin\" srcset=\"https:\/\/blog.carillohome.com\/wp-content\/uploads\/2022\/12\/Parure-Copripiumino-In-Percalle-Colin.jpg 400w, https:\/\/blog.carillohome.com\/wp-content\/uploads\/2022\/12\/Parure-Copripiumino-In-Percalle-Colin-300x300.jpg 300w, https:\/\/blog.carillohome.com\/wp-content\/uploads\/2022\/12\/Parure-Copripiumino-In-Percalle-Colin-150x150.jpg 150w, https:\/\/blog.carillohome.com\/wp-content\/uploads\/2022\/12\/Parure-Copripiumino-In-Percalle-Colin-60x60.jpg 60w\" sizes=\"auto, (max-width: 400px) 100vw, 400px\" \/><\/a><figcaption class=\"wp-element-caption\">Parure Copripiumino In Percalle Colin<\/figcaption><\/figure>\n<\/figure>\n\n\n\n<div style=\"height:15px\" aria-hidden=\"true\" class=\"wp-block-spacer\"><\/div>\n\n\n\n<hr class=\"wp-block-separator has-alpha-channel-opacity is-style-wide\"\/>\n\n\n\n<h2 class=\"wp-block-heading\">FAQ \u2013 Domande frequenti sullo stile animalier<\/h2>\n\n\n\n<div class=\"schema-faq wp-block-yoast-faq-block\"><div class=\"schema-faq-section\" id=\"faq-question-1761642249639\"><h3 class=\"schema-faq-question\"><strong><strong>1. Come abbinare lo stile animalier in casa senza appesantire gli ambienti?<\/strong><\/strong><\/h3> <p class=\"schema-faq-answer\">Scegli un solo elemento protagonista \u2014 ad esempio una trapunta o una tenda \u2014 e bilancialo con arredi neutri. Colori come sabbia, panna e grigio creano armonia con le fantasie maculate e zebrate.<\/p> <\/div> <div class=\"schema-faq-section\" id=\"faq-question-1761642382081\"><h3 class=\"schema-faq-question\"><strong>2. Quali sono i migliori tessuti per un arredo animalier elegante?<\/strong><\/h3> <p class=\"schema-faq-answer\">Il <strong>velluto<\/strong>, il <strong>raso<\/strong> e il <strong>jacquard<\/strong> sono i materiali pi\u00f9 indicati. Offrono texture sofisticate e valorizzano le fantasie senza renderle invadenti.<\/p> <\/div> <div class=\"schema-faq-section\" id=\"faq-question-1761642390859\"><h3 class=\"schema-faq-question\"><strong>3. Lo stile animalier \u00e8 adatto anche a spazi piccoli?<\/strong><\/h3> <p class=\"schema-faq-answer\">S\u00ec, purch\u00e9 dosato. In ambienti ridotti, punta su piccoli accessori \u2014 come <strong>cuscini zebrati<\/strong> o <strong>plaid maculati<\/strong> \u2014 anzich\u00e9 su grandi superfici decorate.<\/p> <\/div> <div class=\"schema-faq-section\" id=\"faq-question-1761642400857\"><h3 class=\"schema-faq-question\"><strong>4. Quali colori si abbinano meglio a un copriletto zebrato?<\/strong><\/h3> <p class=\"schema-faq-answer\">Bianco ottico, grigio perla e oro chiaro sono perfetti per creare un equilibrio elegante. Evita colori forti che possano distogliere l\u2019attenzione dal pattern.<\/p> <\/div> <div class=\"schema-faq-section\" id=\"faq-question-1761642411826\"><h3 class=\"schema-faq-question\"><strong>5. Come portare l\u2019animalier in cucina o in bagno?<\/strong><\/h3> <p class=\"schema-faq-answer\">Opta per piccoli tocchi: <strong>tovaglie zebrate<\/strong>, <strong>tovagliette maculate<\/strong>, <strong>tappetini in ecopelliccia<\/strong> o <strong>asciugamani con bordo animalier<\/strong>. Dettagli, non protagonisti.<\/p> <\/div> <\/div>\n","protected":false},"excerpt":{"rendered":"<p>Dal copriletto zebrato ai cuscini in velluto, fino ai plaid in ecopelliccia, ecco come arredare con gusto la casa in stile animalier.<\/p>\n","protected":false},"author":1,"featured_media":5034,"comment_status":"closed","ping_status":"closed","sticky":true,"template":"","format":"standard","meta":{"footnotes":""},"categories":[16],"tags":[],"class_list":["post-2986","post","type-post","status-publish","format-standard","has-post-thumbnail","hentry","category-style-pills"],"yoast_head":"<!-- This site is optimized with the Yoast SEO plugin v27.4 - https:\/\/yoast.com\/product\/yoast-seo-wordpress\/ -->\n<title>Stile animalier: arredare con fantasie maculate e zebrate - Carillo Home<\/title>\n<meta name=\"description\" content=\"Dal copriletto zebrato ai cuscini in velluto, fino ai plaid in ecopelliccia, ecco come arredare con gusto la casa in stile animalier.\" \/>\n<meta name=\"robots\" content=\"index, follow, max-snippet:-1, max-image-preview:large, max-video-preview:-1\" \/>\n<link rel=\"canonical\" href=\"https:\/\/www.carillohome.com\/blog\/stile-animalier-come-arredare-con-le-fantasie-maculate-e-zebrate\/\" \/>\n<meta property=\"og:locale\" content=\"it_IT\" \/>\n<meta property=\"og:type\" content=\"article\" \/>\n<meta property=\"og:title\" content=\"Stile animalier: arredare con fantasie maculate e zebrate - Carillo Home\" \/>\n<meta property=\"og:description\" content=\"Dal copriletto zebrato ai cuscini in velluto, fino ai plaid in ecopelliccia, ecco come arredare con gusto la casa in stile animalier.\" \/>\n<meta property=\"og:url\" content=\"https:\/\/www.carillohome.com\/blog\/stile-animalier-come-arredare-con-le-fantasie-maculate-e-zebrate\/\" \/>\n<meta property=\"og:site_name\" content=\"Carillo Home Blog\" \/>\n<meta property=\"article:published_time\" content=\"2025-10-28T14:42:21+00:00\" \/>\n<meta property=\"article:modified_time\" content=\"2025-10-28T14:43:30+00:00\" \/>\n<meta property=\"og:image\" content=\"https:\/\/blog.carillohome.com\/wp-content\/uploads\/2022\/12\/arredamento-stile-animalier.jpg\" \/>\n\t<meta property=\"og:image:width\" content=\"1200\" \/>\n\t<meta property=\"og:image:height\" content=\"800\" \/>\n\t<meta property=\"og:image:type\" content=\"image\/jpeg\" \/>\n<meta name=\"author\" content=\"matrixconsulting\" \/>\n<meta name=\"twitter:card\" content=\"summary_large_image\" \/>\n<meta name=\"twitter:label1\" content=\"Scritto da\" \/>\n\t<meta name=\"twitter:data1\" content=\"matrixconsulting\" \/>\n\t<meta name=\"twitter:label2\" content=\"Tempo di lettura stimato\" \/>\n\t<meta name=\"twitter:data2\" content=\"16 minuti\" \/>\n<script type=\"application\/ld+json\" class=\"yoast-schema-graph\">{\"@context\":\"https:\\\/\\\/schema.org\",\"@graph\":[{\"@type\":\"Article\",\"@id\":\"https:\\\/\\\/www.carillohome.com\\\/blog\\\/stile-animalier-come-arredare-con-le-fantasie-maculate-e-zebrate\\\/#article\",\"isPartOf\":{\"@id\":\"https:\\\/\\\/blog.carillohome.com\\\/stile-animalier-come-arredare-con-le-fantasie-maculate-e-zebrate\\\/\"},\"author\":{\"name\":\"matrixconsulting\",\"@id\":\"https:\\\/\\\/www.carillohome.com\\\/blog\\\/#\\\/schema\\\/person\\\/f21041096f5e302d2bb374bb0a2d6fd1\"},\"headline\":\"Stile animalier: come arredare con le fantasie maculate e zebrate\",\"datePublished\":\"2025-10-28T14:42:21+00:00\",\"dateModified\":\"2025-10-28T14:43:30+00:00\",\"mainEntityOfPage\":{\"@id\":\"https:\\\/\\\/blog.carillohome.com\\\/stile-animalier-come-arredare-con-le-fantasie-maculate-e-zebrate\\\/\"},\"wordCount\":1477,\"image\":{\"@id\":\"https:\\\/\\\/www.carillohome.com\\\/blog\\\/stile-animalier-come-arredare-con-le-fantasie-maculate-e-zebrate\\\/#primaryimage\"},\"thumbnailUrl\":\"https:\\\/\\\/blog.carillohome.com\\\/wp-content\\\/uploads\\\/2022\\\/12\\\/arredamento-stile-animalier.jpg\",\"articleSection\":[\"Style Pills\"],\"inLanguage\":\"it-IT\"},{\"@type\":[\"WebPage\",\"FAQPage\"],\"@id\":\"https:\\\/\\\/blog.carillohome.com\\\/stile-animalier-come-arredare-con-le-fantasie-maculate-e-zebrate\\\/\",\"url\":\"https:\\\/\\\/www.carillohome.com\\\/blog\\\/stile-animalier-come-arredare-con-le-fantasie-maculate-e-zebrate\\\/\",\"name\":\"Stile animalier: arredare con fantasie maculate e zebrate - Carillo Home\",\"isPartOf\":{\"@id\":\"https:\\\/\\\/www.carillohome.com\\\/blog\\\/#website\"},\"primaryImageOfPage\":{\"@id\":\"https:\\\/\\\/www.carillohome.com\\\/blog\\\/stile-animalier-come-arredare-con-le-fantasie-maculate-e-zebrate\\\/#primaryimage\"},\"image\":{\"@id\":\"https:\\\/\\\/www.carillohome.com\\\/blog\\\/stile-animalier-come-arredare-con-le-fantasie-maculate-e-zebrate\\\/#primaryimage\"},\"thumbnailUrl\":\"https:\\\/\\\/blog.carillohome.com\\\/wp-content\\\/uploads\\\/2022\\\/12\\\/arredamento-stile-animalier.jpg\",\"datePublished\":\"2025-10-28T14:42:21+00:00\",\"dateModified\":\"2025-10-28T14:43:30+00:00\",\"author\":{\"@id\":\"https:\\\/\\\/www.carillohome.com\\\/blog\\\/#\\\/schema\\\/person\\\/f21041096f5e302d2bb374bb0a2d6fd1\"},\"description\":\"Dal copriletto zebrato ai cuscini in velluto, fino ai plaid in ecopelliccia, ecco come arredare con gusto la casa in stile animalier.\",\"breadcrumb\":{\"@id\":\"https:\\\/\\\/www.carillohome.com\\\/blog\\\/stile-animalier-come-arredare-con-le-fantasie-maculate-e-zebrate\\\/#breadcrumb\"},\"mainEntity\":[{\"@id\":\"https:\\\/\\\/www.carillohome.com\\\/blog\\\/stile-animalier-come-arredare-con-le-fantasie-maculate-e-zebrate\\\/#faq-question-1761642249639\"},{\"@id\":\"https:\\\/\\\/www.carillohome.com\\\/blog\\\/stile-animalier-come-arredare-con-le-fantasie-maculate-e-zebrate\\\/#faq-question-1761642382081\"},{\"@id\":\"https:\\\/\\\/www.carillohome.com\\\/blog\\\/stile-animalier-come-arredare-con-le-fantasie-maculate-e-zebrate\\\/#faq-question-1761642390859\"},{\"@id\":\"https:\\\/\\\/www.carillohome.com\\\/blog\\\/stile-animalier-come-arredare-con-le-fantasie-maculate-e-zebrate\\\/#faq-question-1761642400857\"},{\"@id\":\"https:\\\/\\\/www.carillohome.com\\\/blog\\\/stile-animalier-come-arredare-con-le-fantasie-maculate-e-zebrate\\\/#faq-question-1761642411826\"}],\"inLanguage\":\"it-IT\",\"potentialAction\":[{\"@type\":\"ReadAction\",\"target\":[\"https:\\\/\\\/www.carillohome.com\\\/blog\\\/stile-animalier-come-arredare-con-le-fantasie-maculate-e-zebrate\\\/\"]}]},{\"@type\":\"ImageObject\",\"inLanguage\":\"it-IT\",\"@id\":\"https:\\\/\\\/www.carillohome.com\\\/blog\\\/stile-animalier-come-arredare-con-le-fantasie-maculate-e-zebrate\\\/#primaryimage\",\"url\":\"https:\\\/\\\/blog.carillohome.com\\\/wp-content\\\/uploads\\\/2022\\\/12\\\/arredamento-stile-animalier.jpg\",\"contentUrl\":\"https:\\\/\\\/blog.carillohome.com\\\/wp-content\\\/uploads\\\/2022\\\/12\\\/arredamento-stile-animalier.jpg\",\"width\":1200,\"height\":800,\"caption\":\"arredamento stile animalier\"},{\"@type\":\"BreadcrumbList\",\"@id\":\"https:\\\/\\\/www.carillohome.com\\\/blog\\\/stile-animalier-come-arredare-con-le-fantasie-maculate-e-zebrate\\\/#breadcrumb\",\"itemListElement\":[{\"@type\":\"ListItem\",\"position\":1,\"name\":\"Home\",\"item\":\"https:\\\/\\\/www.carillohome.com\\\/blog\\\/\"},{\"@type\":\"ListItem\",\"position\":2,\"name\":\"Stile animalier: come arredare con le fantasie maculate e zebrate\"}]},{\"@type\":\"WebSite\",\"@id\":\"https:\\\/\\\/www.carillohome.com\\\/blog\\\/#website\",\"url\":\"https:\\\/\\\/www.carillohome.com\\\/blog\\\/\",\"name\":\"Carillo Home Blog\",\"description\":\"\",\"potentialAction\":[{\"@type\":\"SearchAction\",\"target\":{\"@type\":\"EntryPoint\",\"urlTemplate\":\"https:\\\/\\\/www.carillohome.com\\\/blog\\\/?s={search_term_string}\"},\"query-input\":{\"@type\":\"PropertyValueSpecification\",\"valueRequired\":true,\"valueName\":\"search_term_string\"}}],\"inLanguage\":\"it-IT\"},{\"@type\":\"Person\",\"@id\":\"https:\\\/\\\/www.carillohome.com\\\/blog\\\/#\\\/schema\\\/person\\\/f21041096f5e302d2bb374bb0a2d6fd1\",\"name\":\"matrixconsulting\",\"image\":{\"@type\":\"ImageObject\",\"inLanguage\":\"it-IT\",\"@id\":\"https:\\\/\\\/secure.gravatar.com\\\/avatar\\\/f49d301130b38e3c7fd149b9ccada20ea06e5ed1efc366e565f7a4f1ae209b6a?s=96&d=mm&r=g\",\"url\":\"https:\\\/\\\/secure.gravatar.com\\\/avatar\\\/f49d301130b38e3c7fd149b9ccada20ea06e5ed1efc366e565f7a4f1ae209b6a?s=96&d=mm&r=g\",\"contentUrl\":\"https:\\\/\\\/secure.gravatar.com\\\/avatar\\\/f49d301130b38e3c7fd149b9ccada20ea06e5ed1efc366e565f7a4f1ae209b6a?s=96&d=mm&r=g\",\"caption\":\"matrixconsulting\"}},{\"@type\":\"Question\",\"@id\":\"https:\\\/\\\/www.carillohome.com\\\/blog\\\/stile-animalier-come-arredare-con-le-fantasie-maculate-e-zebrate\\\/#faq-question-1761642249639\",\"position\":1,\"url\":\"https:\\\/\\\/www.carillohome.com\\\/blog\\\/stile-animalier-come-arredare-con-le-fantasie-maculate-e-zebrate\\\/#faq-question-1761642249639\",\"name\":\"1. Come abbinare lo stile animalier in casa senza appesantire gli ambienti?\",\"answerCount\":1,\"acceptedAnswer\":{\"@type\":\"Answer\",\"text\":\"Scegli un solo elemento protagonista \u2014 ad esempio una trapunta o una tenda \u2014 e bilancialo con arredi neutri. Colori come sabbia, panna e grigio creano armonia con le fantasie maculate e zebrate.\",\"inLanguage\":\"it-IT\"},\"inLanguage\":\"it-IT\"},{\"@type\":\"Question\",\"@id\":\"https:\\\/\\\/www.carillohome.com\\\/blog\\\/stile-animalier-come-arredare-con-le-fantasie-maculate-e-zebrate\\\/#faq-question-1761642382081\",\"position\":2,\"url\":\"https:\\\/\\\/www.carillohome.com\\\/blog\\\/stile-animalier-come-arredare-con-le-fantasie-maculate-e-zebrate\\\/#faq-question-1761642382081\",\"name\":\"2. Quali sono i migliori tessuti per un arredo animalier elegante?\",\"answerCount\":1,\"acceptedAnswer\":{\"@type\":\"Answer\",\"text\":\"Il <strong>velluto<\\\/strong>, il <strong>raso<\\\/strong> e il <strong>jacquard<\\\/strong> sono i materiali pi\u00f9 indicati. Offrono texture sofisticate e valorizzano le fantasie senza renderle invadenti.\",\"inLanguage\":\"it-IT\"},\"inLanguage\":\"it-IT\"},{\"@type\":\"Question\",\"@id\":\"https:\\\/\\\/www.carillohome.com\\\/blog\\\/stile-animalier-come-arredare-con-le-fantasie-maculate-e-zebrate\\\/#faq-question-1761642390859\",\"position\":3,\"url\":\"https:\\\/\\\/www.carillohome.com\\\/blog\\\/stile-animalier-come-arredare-con-le-fantasie-maculate-e-zebrate\\\/#faq-question-1761642390859\",\"name\":\"3. Lo stile animalier \u00e8 adatto anche a spazi piccoli?\",\"answerCount\":1,\"acceptedAnswer\":{\"@type\":\"Answer\",\"text\":\"S\u00ec, purch\u00e9 dosato. In ambienti ridotti, punta su piccoli accessori \u2014 come <strong>cuscini zebrati<\\\/strong> o <strong>plaid maculati<\\\/strong> \u2014 anzich\u00e9 su grandi superfici decorate.\",\"inLanguage\":\"it-IT\"},\"inLanguage\":\"it-IT\"},{\"@type\":\"Question\",\"@id\":\"https:\\\/\\\/www.carillohome.com\\\/blog\\\/stile-animalier-come-arredare-con-le-fantasie-maculate-e-zebrate\\\/#faq-question-1761642400857\",\"position\":4,\"url\":\"https:\\\/\\\/www.carillohome.com\\\/blog\\\/stile-animalier-come-arredare-con-le-fantasie-maculate-e-zebrate\\\/#faq-question-1761642400857\",\"name\":\"4. Quali colori si abbinano meglio a un copriletto zebrato?\",\"answerCount\":1,\"acceptedAnswer\":{\"@type\":\"Answer\",\"text\":\"Bianco ottico, grigio perla e oro chiaro sono perfetti per creare un equilibrio elegante. Evita colori forti che possano distogliere l\u2019attenzione dal pattern.\",\"inLanguage\":\"it-IT\"},\"inLanguage\":\"it-IT\"},{\"@type\":\"Question\",\"@id\":\"https:\\\/\\\/www.carillohome.com\\\/blog\\\/stile-animalier-come-arredare-con-le-fantasie-maculate-e-zebrate\\\/#faq-question-1761642411826\",\"position\":5,\"url\":\"https:\\\/\\\/www.carillohome.com\\\/blog\\\/stile-animalier-come-arredare-con-le-fantasie-maculate-e-zebrate\\\/#faq-question-1761642411826\",\"name\":\"5. Come portare l\u2019animalier in cucina o in bagno?\",\"answerCount\":1,\"acceptedAnswer\":{\"@type\":\"Answer\",\"text\":\"Opta per piccoli tocchi: <strong>tovaglie zebrate<\\\/strong>, <strong>tovagliette maculate<\\\/strong>, <strong>tappetini in ecopelliccia<\\\/strong> o <strong>asciugamani con bordo animalier<\\\/strong>. Dettagli, non protagonisti.\",\"inLanguage\":\"it-IT\"},\"inLanguage\":\"it-IT\"}]}<\/script>\n<!-- \/ Yoast SEO plugin. -->","yoast_head_json":{"title":"Stile animalier: arredare con fantasie maculate e zebrate - Carillo Home","description":"Dal copriletto zebrato ai cuscini in velluto, fino ai plaid in ecopelliccia, ecco come arredare con gusto la casa in stile animalier.","robots":{"index":"index","follow":"follow","max-snippet":"max-snippet:-1","max-image-preview":"max-image-preview:large","max-video-preview":"max-video-preview:-1"},"canonical":"https:\/\/www.carillohome.com\/blog\/stile-animalier-come-arredare-con-le-fantasie-maculate-e-zebrate\/","og_locale":"it_IT","og_type":"article","og_title":"Stile animalier: arredare con fantasie maculate e zebrate - Carillo Home","og_description":"Dal copriletto zebrato ai cuscini in velluto, fino ai plaid in ecopelliccia, ecco come arredare con gusto la casa in stile animalier.","og_url":"https:\/\/www.carillohome.com\/blog\/stile-animalier-come-arredare-con-le-fantasie-maculate-e-zebrate\/","og_site_name":"Carillo Home Blog","article_published_time":"2025-10-28T14:42:21+00:00","article_modified_time":"2025-10-28T14:43:30+00:00","og_image":[{"width":1200,"height":800,"url":"https:\/\/blog.carillohome.com\/wp-content\/uploads\/2022\/12\/arredamento-stile-animalier.jpg","type":"image\/jpeg"}],"author":"matrixconsulting","twitter_card":"summary_large_image","twitter_misc":{"Scritto da":"matrixconsulting","Tempo di lettura stimato":"16 minuti"},"schema":{"@context":"https:\/\/schema.org","@graph":[{"@type":"Article","@id":"https:\/\/www.carillohome.com\/blog\/stile-animalier-come-arredare-con-le-fantasie-maculate-e-zebrate\/#article","isPartOf":{"@id":"https:\/\/blog.carillohome.com\/stile-animalier-come-arredare-con-le-fantasie-maculate-e-zebrate\/"},"author":{"name":"matrixconsulting","@id":"https:\/\/www.carillohome.com\/blog\/#\/schema\/person\/f21041096f5e302d2bb374bb0a2d6fd1"},"headline":"Stile animalier: come arredare con le fantasie maculate e zebrate","datePublished":"2025-10-28T14:42:21+00:00","dateModified":"2025-10-28T14:43:30+00:00","mainEntityOfPage":{"@id":"https:\/\/blog.carillohome.com\/stile-animalier-come-arredare-con-le-fantasie-maculate-e-zebrate\/"},"wordCount":1477,"image":{"@id":"https:\/\/www.carillohome.com\/blog\/stile-animalier-come-arredare-con-le-fantasie-maculate-e-zebrate\/#primaryimage"},"thumbnailUrl":"https:\/\/blog.carillohome.com\/wp-content\/uploads\/2022\/12\/arredamento-stile-animalier.jpg","articleSection":["Style Pills"],"inLanguage":"it-IT"},{"@type":["WebPage","FAQPage"],"@id":"https:\/\/blog.carillohome.com\/stile-animalier-come-arredare-con-le-fantasie-maculate-e-zebrate\/","url":"https:\/\/www.carillohome.com\/blog\/stile-animalier-come-arredare-con-le-fantasie-maculate-e-zebrate\/","name":"Stile animalier: arredare con fantasie maculate e zebrate - Carillo Home","isPartOf":{"@id":"https:\/\/www.carillohome.com\/blog\/#website"},"primaryImageOfPage":{"@id":"https:\/\/www.carillohome.com\/blog\/stile-animalier-come-arredare-con-le-fantasie-maculate-e-zebrate\/#primaryimage"},"image":{"@id":"https:\/\/www.carillohome.com\/blog\/stile-animalier-come-arredare-con-le-fantasie-maculate-e-zebrate\/#primaryimage"},"thumbnailUrl":"https:\/\/blog.carillohome.com\/wp-content\/uploads\/2022\/12\/arredamento-stile-animalier.jpg","datePublished":"2025-10-28T14:42:21+00:00","dateModified":"2025-10-28T14:43:30+00:00","author":{"@id":"https:\/\/www.carillohome.com\/blog\/#\/schema\/person\/f21041096f5e302d2bb374bb0a2d6fd1"},"description":"Dal copriletto zebrato ai cuscini in velluto, fino ai plaid in ecopelliccia, ecco come arredare con gusto la casa in stile animalier.","breadcrumb":{"@id":"https:\/\/www.carillohome.com\/blog\/stile-animalier-come-arredare-con-le-fantasie-maculate-e-zebrate\/#breadcrumb"},"mainEntity":[{"@id":"https:\/\/www.carillohome.com\/blog\/stile-animalier-come-arredare-con-le-fantasie-maculate-e-zebrate\/#faq-question-1761642249639"},{"@id":"https:\/\/www.carillohome.com\/blog\/stile-animalier-come-arredare-con-le-fantasie-maculate-e-zebrate\/#faq-question-1761642382081"},{"@id":"https:\/\/www.carillohome.com\/blog\/stile-animalier-come-arredare-con-le-fantasie-maculate-e-zebrate\/#faq-question-1761642390859"},{"@id":"https:\/\/www.carillohome.com\/blog\/stile-animalier-come-arredare-con-le-fantasie-maculate-e-zebrate\/#faq-question-1761642400857"},{"@id":"https:\/\/www.carillohome.com\/blog\/stile-animalier-come-arredare-con-le-fantasie-maculate-e-zebrate\/#faq-question-1761642411826"}],"inLanguage":"it-IT","potentialAction":[{"@type":"ReadAction","target":["https:\/\/www.carillohome.com\/blog\/stile-animalier-come-arredare-con-le-fantasie-maculate-e-zebrate\/"]}]},{"@type":"ImageObject","inLanguage":"it-IT","@id":"https:\/\/www.carillohome.com\/blog\/stile-animalier-come-arredare-con-le-fantasie-maculate-e-zebrate\/#primaryimage","url":"https:\/\/blog.carillohome.com\/wp-content\/uploads\/2022\/12\/arredamento-stile-animalier.jpg","contentUrl":"https:\/\/blog.carillohome.com\/wp-content\/uploads\/2022\/12\/arredamento-stile-animalier.jpg","width":1200,"height":800,"caption":"arredamento stile animalier"},{"@type":"BreadcrumbList","@id":"https:\/\/www.carillohome.com\/blog\/stile-animalier-come-arredare-con-le-fantasie-maculate-e-zebrate\/#breadcrumb","itemListElement":[{"@type":"ListItem","position":1,"name":"Home","item":"https:\/\/www.carillohome.com\/blog\/"},{"@type":"ListItem","position":2,"name":"Stile animalier: come arredare con le fantasie maculate e zebrate"}]},{"@type":"WebSite","@id":"https:\/\/www.carillohome.com\/blog\/#website","url":"https:\/\/www.carillohome.com\/blog\/","name":"Carillo Home Blog","description":"","potentialAction":[{"@type":"SearchAction","target":{"@type":"EntryPoint","urlTemplate":"https:\/\/www.carillohome.com\/blog\/?s={search_term_string}"},"query-input":{"@type":"PropertyValueSpecification","valueRequired":true,"valueName":"search_term_string"}}],"inLanguage":"it-IT"},{"@type":"Person","@id":"https:\/\/www.carillohome.com\/blog\/#\/schema\/person\/f21041096f5e302d2bb374bb0a2d6fd1","name":"matrixconsulting","image":{"@type":"ImageObject","inLanguage":"it-IT","@id":"https:\/\/secure.gravatar.com\/avatar\/f49d301130b38e3c7fd149b9ccada20ea06e5ed1efc366e565f7a4f1ae209b6a?s=96&d=mm&r=g","url":"https:\/\/secure.gravatar.com\/avatar\/f49d301130b38e3c7fd149b9ccada20ea06e5ed1efc366e565f7a4f1ae209b6a?s=96&d=mm&r=g","contentUrl":"https:\/\/secure.gravatar.com\/avatar\/f49d301130b38e3c7fd149b9ccada20ea06e5ed1efc366e565f7a4f1ae209b6a?s=96&d=mm&r=g","caption":"matrixconsulting"}},{"@type":"Question","@id":"https:\/\/www.carillohome.com\/blog\/stile-animalier-come-arredare-con-le-fantasie-maculate-e-zebrate\/#faq-question-1761642249639","position":1,"url":"https:\/\/www.carillohome.com\/blog\/stile-animalier-come-arredare-con-le-fantasie-maculate-e-zebrate\/#faq-question-1761642249639","name":"1. Come abbinare lo stile animalier in casa senza appesantire gli ambienti?","answerCount":1,"acceptedAnswer":{"@type":"Answer","text":"Scegli un solo elemento protagonista \u2014 ad esempio una trapunta o una tenda \u2014 e bilancialo con arredi neutri. Colori come sabbia, panna e grigio creano armonia con le fantasie maculate e zebrate.","inLanguage":"it-IT"},"inLanguage":"it-IT"},{"@type":"Question","@id":"https:\/\/www.carillohome.com\/blog\/stile-animalier-come-arredare-con-le-fantasie-maculate-e-zebrate\/#faq-question-1761642382081","position":2,"url":"https:\/\/www.carillohome.com\/blog\/stile-animalier-come-arredare-con-le-fantasie-maculate-e-zebrate\/#faq-question-1761642382081","name":"2. Quali sono i migliori tessuti per un arredo animalier elegante?","answerCount":1,"acceptedAnswer":{"@type":"Answer","text":"Il <strong>velluto<\/strong>, il <strong>raso<\/strong> e il <strong>jacquard<\/strong> sono i materiali pi\u00f9 indicati. Offrono texture sofisticate e valorizzano le fantasie senza renderle invadenti.","inLanguage":"it-IT"},"inLanguage":"it-IT"},{"@type":"Question","@id":"https:\/\/www.carillohome.com\/blog\/stile-animalier-come-arredare-con-le-fantasie-maculate-e-zebrate\/#faq-question-1761642390859","position":3,"url":"https:\/\/www.carillohome.com\/blog\/stile-animalier-come-arredare-con-le-fantasie-maculate-e-zebrate\/#faq-question-1761642390859","name":"3. Lo stile animalier \u00e8 adatto anche a spazi piccoli?","answerCount":1,"acceptedAnswer":{"@type":"Answer","text":"S\u00ec, purch\u00e9 dosato. In ambienti ridotti, punta su piccoli accessori \u2014 come <strong>cuscini zebrati<\/strong> o <strong>plaid maculati<\/strong> \u2014 anzich\u00e9 su grandi superfici decorate.","inLanguage":"it-IT"},"inLanguage":"it-IT"},{"@type":"Question","@id":"https:\/\/www.carillohome.com\/blog\/stile-animalier-come-arredare-con-le-fantasie-maculate-e-zebrate\/#faq-question-1761642400857","position":4,"url":"https:\/\/www.carillohome.com\/blog\/stile-animalier-come-arredare-con-le-fantasie-maculate-e-zebrate\/#faq-question-1761642400857","name":"4. Quali colori si abbinano meglio a un copriletto zebrato?","answerCount":1,"acceptedAnswer":{"@type":"Answer","text":"Bianco ottico, grigio perla e oro chiaro sono perfetti per creare un equilibrio elegante. Evita colori forti che possano distogliere l\u2019attenzione dal pattern.","inLanguage":"it-IT"},"inLanguage":"it-IT"},{"@type":"Question","@id":"https:\/\/www.carillohome.com\/blog\/stile-animalier-come-arredare-con-le-fantasie-maculate-e-zebrate\/#faq-question-1761642411826","position":5,"url":"https:\/\/www.carillohome.com\/blog\/stile-animalier-come-arredare-con-le-fantasie-maculate-e-zebrate\/#faq-question-1761642411826","name":"5. Come portare l\u2019animalier in cucina o in bagno?","answerCount":1,"acceptedAnswer":{"@type":"Answer","text":"Opta per piccoli tocchi: <strong>tovaglie zebrate<\/strong>, <strong>tovagliette maculate<\/strong>, <strong>tappetini in ecopelliccia<\/strong> o <strong>asciugamani con bordo animalier<\/strong>. Dettagli, non protagonisti.","inLanguage":"it-IT"},"inLanguage":"it-IT"}]}},"_links":{"self":[{"href":"https:\/\/www.carillohome.com\/blog\/wp-json\/wp\/v2\/posts\/2986","targetHints":{"allow":["GET"]}}],"collection":[{"href":"https:\/\/www.carillohome.com\/blog\/wp-json\/wp\/v2\/posts"}],"about":[{"href":"https:\/\/www.carillohome.com\/blog\/wp-json\/wp\/v2\/types\/post"}],"author":[{"embeddable":true,"href":"https:\/\/www.carillohome.com\/blog\/wp-json\/wp\/v2\/users\/1"}],"replies":[{"embeddable":true,"href":"https:\/\/www.carillohome.com\/blog\/wp-json\/wp\/v2\/comments?post=2986"}],"version-history":[{"count":0,"href":"https:\/\/www.carillohome.com\/blog\/wp-json\/wp\/v2\/posts\/2986\/revisions"}],"wp:featuredmedia":[{"embeddable":true,"href":"https:\/\/www.carillohome.com\/blog\/wp-json\/wp\/v2\/media\/5034"}],"wp:attachment":[{"href":"https:\/\/www.carillohome.com\/blog\/wp-json\/wp\/v2\/media?parent=2986"}],"wp:term":[{"taxonomy":"category","embeddable":true,"href":"https:\/\/www.carillohome.com\/blog\/wp-json\/wp\/v2\/categories?post=2986"},{"taxonomy":"post_tag","embeddable":true,"href":"https:\/\/www.carillohome.com\/blog\/wp-json\/wp\/v2\/tags?post=2986"}],"curies":[{"name":"wp","href":"https:\/\/api.w.org\/{rel}","templated":true}]}}