{"id":2929,"date":"2022-11-03T15:40:39","date_gmt":"2022-11-03T14:40:39","guid":{"rendered":"https:\/\/blog.carillohome.com\/?p=2929"},"modified":"2023-11-17T12:53:36","modified_gmt":"2023-11-17T11:53:36","slug":"tendenze-tende-colori-e-modelli","status":"publish","type":"post","link":"https:\/\/www.carillohome.com\/blog\/tendenze-tende-colori-e-modelli\/","title":{"rendered":"Tendenze tende: arredare con i colori e i modelli pi\u00f9 amati della stagione"},"content":{"rendered":"<p><img loading=\"lazy\" decoding=\"async\" class=\"alignnone wp-image-2935 size-full\" src=\"https:\/\/blog.carillohome.com\/wp-content\/uploads\/2022\/11\/tendenze-tende.jpg\" alt=\"tendenze tende\" width=\"1200\" height=\"800\" srcset=\"https:\/\/blog.carillohome.com\/wp-content\/uploads\/2022\/11\/tendenze-tende.jpg 1200w, https:\/\/blog.carillohome.com\/wp-content\/uploads\/2022\/11\/tendenze-tende-300x200.jpg 300w, https:\/\/blog.carillohome.com\/wp-content\/uploads\/2022\/11\/tendenze-tende-768x512.jpg 768w, https:\/\/blog.carillohome.com\/wp-content\/uploads\/2022\/11\/tendenze-tende-1024x683.jpg 1024w, https:\/\/blog.carillohome.com\/wp-content\/uploads\/2022\/11\/tendenze-tende-600x400.jpg 600w\" sizes=\"auto, (max-width: 1200px) 100vw, 1200px\" \/><\/p>\n<p>L\u2019elemento d\u2019arredo che personalizza e completa ogni ambiente, il tocco che aggiunge colore e stile alle camere di casa per garantire il giusto livello di illuminazione e privacy: le tende sono protagoniste assolute dell\u2019arredamento e delle nuove <strong>tendenze in fatto di interior design<\/strong>.<\/p>\n<p>E allora scopriamo insieme quali sono le novit\u00e0 in arrivo dal mondo delle tende e <a href=\"https:\/\/www.carillohome.com\/it\/tende-e-bastoni\/\" target=\"_blank\" rel=\"noopener noreferrer\">stoffe per tende<\/a> grazie ai consigli e i prodotti di <a href=\"https:\/\/www.carillohome.com\/it\/\" target=\"_blank\" rel=\"noopener noreferrer\">Carillo Home<\/a>!<\/p>\n\n<p><a href=\"https:\/\/www.carillohome.com\/it\/biancheria-da-letto\/\" target=\"_blank\" rel=\"noopener noreferrer\"><img loading=\"lazy\" decoding=\"async\" class=\"alignnone wp-image-2933 size-full\" src=\"https:\/\/blog.carillohome.com\/wp-content\/uploads\/2022\/11\/tenda-confezionata-marble.jpg\" alt=\"tenda confezionata marble\" width=\"945\" height=\"630\" srcset=\"https:\/\/blog.carillohome.com\/wp-content\/uploads\/2022\/11\/tenda-confezionata-marble.jpg 945w, https:\/\/blog.carillohome.com\/wp-content\/uploads\/2022\/11\/tenda-confezionata-marble-300x200.jpg 300w, https:\/\/blog.carillohome.com\/wp-content\/uploads\/2022\/11\/tenda-confezionata-marble-768x512.jpg 768w, https:\/\/blog.carillohome.com\/wp-content\/uploads\/2022\/11\/tenda-confezionata-marble-600x400.jpg 600w\" sizes=\"auto, (max-width: 945px) 100vw, 945px\" \/><\/a><\/p>\n<h2 class=\"western\">Trend tende 2022: giochi di spessore, fantasie minimal ed eleganti<\/h2>\n<p>Tra le tende in tendenza in questa nuova stagione spiccano le tende trasparenti e traslucide: questi elementi di <strong>biancheria per la casa<\/strong> sono ideali per lasciare passare la luce soprattutto nelle stanze poco esposte verso l\u2019esterno. Il tessuto scelto per <a href=\"https:\/\/www.carillohome.com\/it\/tende-e-bastoni\/tende-confezionate\/\" target=\"_blank\" rel=\"noopener noreferrer\">tende gi\u00e0 confezionate<\/a> trasparenti e traslucide trasmette un\u2019immediata sensazione di leggerezza e delicatezza: si crea un movimento gradevole di forme e colori che anima la stanza.<\/p>\n<p>Per chi desidera giocare con le sfumature in modo netto le tendenze consigliano tende grandi dai colori vivaci. Se da una parte c\u2019\u00e8 chi preferisce il mood leggero e delicato, c\u2019\u00e8 chi attribuisce alle tende una funzione maggiormente protettiva: tra i trend di stagione troviamo anche tende pesanti e completamente oscuranti, proprio come quelle che separano il palcoscenico dalle quinte in teatro. A fare la differenza sono i colori: vincono <strong>sfumature vivaci e lucenti<\/strong>, come il rosa, i toni verde e salvia, blu marino e senape.<\/p>\n<p>Quando la semplicit\u00e0 chiama <strong>l\u2019arredamento minimal<\/strong> risponde con tende essenziali: che siano <a href=\"https:\/\/www.carillohome.com\/it\/tende-e-bastoni\/tende-a-vetro\/\" target=\"_blank\" rel=\"noopener noreferrer\">tende per vetro<\/a>, <a href=\"https:\/\/www.carillohome.com\/it\/tende-e-bastoni\/tende-a-rullo\/\" target=\"_blank\" rel=\"noopener noreferrer\">tende a rullo<\/a>, a pacchetto o a bastone, le tende dalle linee semplici e pulite non passano mai di moda e non deludono mai. Da scegliere con un colorito uniforme, senza particolari applicazioni anche nelle <a href=\"https:\/\/www.carillohome.com\/it\/tende-e-bastoni\/bastoni-e-astine\/\" target=\"_blank\" rel=\"noopener noreferrer\">astine per tende<\/a>, per donare alla stanza un certo equilibrio e una discreta eleganza.<\/p>\n<p>La tendenza ambientale suggerisce l\u2019utilizzo di tende realizzate con <strong>tessuti sostenibili e a basso impatto ambientale<\/strong> in colori chiari e neutri. A dominare tra le nuance favorite sono bianco, beige, grigio, rosa, tortora, sabbia, ma troviamo anche tonalit\u00e0 pi\u00f9 audaci e intense come il blu o il verde salvia.<\/p>\n<p>Le fantasie di tendenza spaziano <strong>dal ritmo geometrico alle influenze orientali<\/strong>, dal mood floreale ai disegni astratti per incontrare le diverse esigenze di stile quotidiano nelle diverse camere della casa. Particolare attenzione va dedicata alla camera dei pi\u00f9 piccoli, in cui dominano le fantasie colorate e i disegni che richiamano i personaggi pi\u00f9 amati e i mondi fiabeschi e di gioco che tanto piacciono ai bambini.<\/p>\n<p><a href=\"https:\/\/www.carillohome.com\/it\/biancheria-da-letto\/\" target=\"_blank\" rel=\"noopener noreferrer\"><img loading=\"lazy\" decoding=\"async\" class=\"alignnone wp-image-2932 size-full\" src=\"https:\/\/blog.carillohome.com\/wp-content\/uploads\/2022\/11\/tenda-confezionata-in-velluto-magda.jpg\" alt=\"tenda confezionata in velluto magda\" width=\"945\" height=\"630\" srcset=\"https:\/\/blog.carillohome.com\/wp-content\/uploads\/2022\/11\/tenda-confezionata-in-velluto-magda.jpg 945w, https:\/\/blog.carillohome.com\/wp-content\/uploads\/2022\/11\/tenda-confezionata-in-velluto-magda-300x200.jpg 300w, https:\/\/blog.carillohome.com\/wp-content\/uploads\/2022\/11\/tenda-confezionata-in-velluto-magda-768x512.jpg 768w, https:\/\/blog.carillohome.com\/wp-content\/uploads\/2022\/11\/tenda-confezionata-in-velluto-magda-600x400.jpg 600w\" sizes=\"auto, (max-width: 945px) 100vw, 945px\" \/><\/a><\/p>\n<h2 class=\"western\">Tende per tutti gli ambienti: cosa suggeriscono le tendenze?<\/h2>\n<p>In cucina le tendenze per le tende suggeriscono l\u2019utilizzo di <strong>tessuti pratici e funzionali<\/strong>: le tende non devono essere troppo lunghe, ma preferibilmente a pacchetto o a rullo, in modo che sia semplice smontarle e lavarle ogni volta che \u00e8 necessario. Puntando su colori chiari e fantasie ispirate alla natura non si sbaglia mai.<\/p>\n<p>In salone le cose cambiano: l\u2019ambiente \u00e8 il fulcro della casa, quello in cui si trascorre del tempo libero, si ricevono ospiti e ci si godono i momenti in famiglia. Le <strong>tende moderne per il living<\/strong> in questo 2022 devono essere di grande impatto estetico, coordinate con gli arredi e devono essere in grado di filtrare la luce in modo adeguato, garantendo il giusto livello di privacy. Le tendenze premiano tende importanti e romantiche, ma anche essenziali e ideali per uno stile scandinavo ed essenziale.<\/p>\n<p>In <strong>camera da letto le tende<\/strong> rispondono alla richiesta di privacy e bellezza, come tutto il resto dell\u2019arredamento di questa stanza che potremmo definire speciale. Si pu\u00f2 osare qui con un colore pi\u00f9 scuro per garantire un maggior livello di privacy, ma il vero trend spinge a giocare componendo strati di tende in colori e tessuti differenti.<\/p>\n<p>E in bagno? Le <strong>tendenze tende 2022<\/strong> confermano semplicit\u00e0 e funzionalit\u00e0, ma attenzione: un tocco di colore \u00e8 ben gradito per smorzare i toni spesso troppo neutri di questa zona della casa dedicata al completo relax e alla massima intimit\u00e0.<\/p>\n<p><a href=\"https:\/\/www.carillohome.com\/it\/tende-e-bastoni\/tende-confezionate\/\" target=\"_blank\" rel=\"noopener noreferrer\"><img loading=\"lazy\" decoding=\"async\" class=\"alignnone wp-image-2931 size-full\" src=\"https:\/\/blog.carillohome.com\/wp-content\/uploads\/2022\/11\/banner-tende-confezionate.jpg\" alt=\"banner tende confezionate\" width=\"945\" height=\"315\" srcset=\"https:\/\/blog.carillohome.com\/wp-content\/uploads\/2022\/11\/banner-tende-confezionate.jpg 945w, https:\/\/blog.carillohome.com\/wp-content\/uploads\/2022\/11\/banner-tende-confezionate-300x100.jpg 300w, https:\/\/blog.carillohome.com\/wp-content\/uploads\/2022\/11\/banner-tende-confezionate-768x256.jpg 768w, https:\/\/blog.carillohome.com\/wp-content\/uploads\/2022\/11\/banner-tende-confezionate-600x200.jpg 600w\" sizes=\"auto, (max-width: 945px) 100vw, 945px\" \/><\/a><\/p>\n<h2 class=\"western\">Tende confezionate Carillo Home: cambia volto alla tua casa<\/h2>\n<p><strong>Carillo Home<\/strong> ha raccolto le esigenze di praticit\u00e0 ed estetica di chi desidera arredare la propria casa con tende di qualit\u00e0 creando una collezione dall\u2019eleganza unica e immediatamente riconoscibile. Lo stile \u00e8 inconfondibilmente quello di un brand da sempre attento alle ultime tendenze in fatto di interior design, a tutti i trend che si rinnovano in ogni stagione per suggerire un nuovo volto agli ambienti domestici.<\/p>\n<p>Le <strong>tende Carillo Home<\/strong> sono il giusto mix di classe, funzionalit\u00e0 e tendenza: \u00e8 possibile scegliere tra diverse nuance di colore per ogni proposta, cos\u00ec come \u00e8 possibile optare per tende pi\u00f9 o meno lunghe a seconda del tipo di finestra che intendiamo decorare con le ultime novit\u00e0.<\/p>\n<p><img loading=\"lazy\" decoding=\"async\" class=\"alignnone size-full wp-image-2934\" src=\"https:\/\/blog.carillohome.com\/wp-content\/uploads\/2022\/11\/tenda-confezionata-teddy.jpg\" alt=\"tenda confezionata teddy\" width=\"945\" height=\"630\" srcset=\"https:\/\/blog.carillohome.com\/wp-content\/uploads\/2022\/11\/tenda-confezionata-teddy.jpg 945w, https:\/\/blog.carillohome.com\/wp-content\/uploads\/2022\/11\/tenda-confezionata-teddy-300x200.jpg 300w, https:\/\/blog.carillohome.com\/wp-content\/uploads\/2022\/11\/tenda-confezionata-teddy-768x512.jpg 768w, https:\/\/blog.carillohome.com\/wp-content\/uploads\/2022\/11\/tenda-confezionata-teddy-600x400.jpg 600w\" sizes=\"auto, (max-width: 945px) 100vw, 945px\" \/><\/p>\n<p>\u00c8 sempre il momento giusto per trasformare la casa con nuove tende, che siano confezionate o <a href=\"https:\/\/www.carillohome.com\/it\/tende-e-bastoni\/tende-sartoriali\/\" target=\"_blank\" rel=\"noopener noreferrer\">tende a metro<\/a>, il complemento d\u2019arredo che pi\u00f9 di tutti riesce a personalizzare gli ambienti con eleganza. Dalla camera da letto al bagno, dalla stanza dei pi\u00f9 piccoli alla cucina: le <a href=\"https:\/\/www.carillohome.com\/it\/tende-e-bastoni\/tende-confezionate\/\" target=\"_blank\" rel=\"noopener noreferrer\">tende confezionate Carillo Home<\/a> sanno soddisfare ogni tuo desiderio di stile!<\/p>\n","protected":false},"excerpt":{"rendered":"<p>L\u2019elemento d\u2019arredo che personalizza e completa ogni ambiente, il tocco che aggiunge colore e stile alle camere di casa per garantire il giusto livello di illuminazione e privacy: le tende sono protagoniste assolute dell\u2019arredamento e delle nuove tendenze in fatto di interior design. E allora scopriamo insieme quali sono le novit\u00e0 in arrivo dal mondo&#8230;<\/p>\n","protected":false},"author":1,"featured_media":2935,"comment_status":"closed","ping_status":"closed","sticky":true,"template":"","format":"standard","meta":{"footnotes":""},"categories":[15],"tags":[],"class_list":["post-2929","post","type-post","status-publish","format-standard","has-post-thumbnail","hentry","category-interior-design-trends"],"yoast_head":"<!-- This site is optimized with the Yoast SEO plugin v27.4 - https:\/\/yoast.com\/product\/yoast-seo-wordpress\/ -->\n<title>Tendenze tende: arredare con i colori e i modelli pi\u00f9 amati- Carillo Home<\/title>\n<meta name=\"description\" content=\"Scopriamo insieme quali sono le novit\u00e0 in arrivo dal mondo delle tende confezionate grazie ai consigli e i prodotti di Carillo Home!\" \/>\n<meta name=\"robots\" content=\"index, follow, max-snippet:-1, max-image-preview:large, max-video-preview:-1\" \/>\n<link rel=\"canonical\" href=\"https:\/\/www.carillohome.com\/blog\/tendenze-tende-colori-e-modelli\/\" \/>\n<meta property=\"og:locale\" content=\"it_IT\" \/>\n<meta property=\"og:type\" content=\"article\" \/>\n<meta property=\"og:title\" content=\"Tendenze tende: arredare con i colori e i modelli pi\u00f9 amati- Carillo Home\" \/>\n<meta property=\"og:description\" content=\"Scopriamo insieme quali sono le novit\u00e0 in arrivo dal mondo delle tende confezionate grazie ai consigli e i prodotti di Carillo Home!\" \/>\n<meta property=\"og:url\" content=\"https:\/\/www.carillohome.com\/blog\/tendenze-tende-colori-e-modelli\/\" \/>\n<meta property=\"og:site_name\" content=\"Carillo Home Blog\" \/>\n<meta property=\"article:published_time\" content=\"2022-11-03T14:40:39+00:00\" \/>\n<meta property=\"article:modified_time\" content=\"2023-11-17T11:53:36+00:00\" \/>\n<meta property=\"og:image\" content=\"https:\/\/blog.carillohome.com\/wp-content\/uploads\/2022\/11\/tendenze-tende.jpg\" \/>\n\t<meta property=\"og:image:width\" content=\"1200\" \/>\n\t<meta property=\"og:image:height\" content=\"800\" \/>\n\t<meta property=\"og:image:type\" content=\"image\/jpeg\" \/>\n<meta name=\"author\" content=\"matrixconsulting\" \/>\n<meta name=\"twitter:card\" content=\"summary_large_image\" \/>\n<meta name=\"twitter:label1\" content=\"Scritto da\" \/>\n\t<meta name=\"twitter:data1\" content=\"matrixconsulting\" \/>\n\t<meta name=\"twitter:label2\" content=\"Tempo di lettura stimato\" \/>\n\t<meta name=\"twitter:data2\" content=\"4 minuti\" \/>\n<script type=\"application\/ld+json\" class=\"yoast-schema-graph\">{\"@context\":\"https:\\\/\\\/schema.org\",\"@graph\":[{\"@type\":\"Article\",\"@id\":\"https:\\\/\\\/www.carillohome.com\\\/blog\\\/tendenze-tende-colori-e-modelli\\\/#article\",\"isPartOf\":{\"@id\":\"https:\\\/\\\/www.carillohome.com\\\/blog\\\/tendenze-tende-colori-e-modelli\\\/\"},\"author\":{\"name\":\"matrixconsulting\",\"@id\":\"https:\\\/\\\/www.carillohome.com\\\/blog\\\/#\\\/schema\\\/person\\\/f21041096f5e302d2bb374bb0a2d6fd1\"},\"headline\":\"Tendenze tende: arredare con i colori e i modelli pi\u00f9 amati della stagione\",\"datePublished\":\"2022-11-03T14:40:39+00:00\",\"dateModified\":\"2023-11-17T11:53:36+00:00\",\"mainEntityOfPage\":{\"@id\":\"https:\\\/\\\/www.carillohome.com\\\/blog\\\/tendenze-tende-colori-e-modelli\\\/\"},\"wordCount\":853,\"image\":{\"@id\":\"https:\\\/\\\/www.carillohome.com\\\/blog\\\/tendenze-tende-colori-e-modelli\\\/#primaryimage\"},\"thumbnailUrl\":\"https:\\\/\\\/blog.carillohome.com\\\/wp-content\\\/uploads\\\/2022\\\/11\\\/tendenze-tende.jpg\",\"articleSection\":[\"Interior Design Trends\"],\"inLanguage\":\"it-IT\"},{\"@type\":\"WebPage\",\"@id\":\"https:\\\/\\\/www.carillohome.com\\\/blog\\\/tendenze-tende-colori-e-modelli\\\/\",\"url\":\"https:\\\/\\\/www.carillohome.com\\\/blog\\\/tendenze-tende-colori-e-modelli\\\/\",\"name\":\"Tendenze tende: arredare con i colori e i modelli pi\u00f9 amati- Carillo Home\",\"isPartOf\":{\"@id\":\"https:\\\/\\\/www.carillohome.com\\\/blog\\\/#website\"},\"primaryImageOfPage\":{\"@id\":\"https:\\\/\\\/www.carillohome.com\\\/blog\\\/tendenze-tende-colori-e-modelli\\\/#primaryimage\"},\"image\":{\"@id\":\"https:\\\/\\\/www.carillohome.com\\\/blog\\\/tendenze-tende-colori-e-modelli\\\/#primaryimage\"},\"thumbnailUrl\":\"https:\\\/\\\/blog.carillohome.com\\\/wp-content\\\/uploads\\\/2022\\\/11\\\/tendenze-tende.jpg\",\"datePublished\":\"2022-11-03T14:40:39+00:00\",\"dateModified\":\"2023-11-17T11:53:36+00:00\",\"author\":{\"@id\":\"https:\\\/\\\/www.carillohome.com\\\/blog\\\/#\\\/schema\\\/person\\\/f21041096f5e302d2bb374bb0a2d6fd1\"},\"description\":\"Scopriamo insieme quali sono le novit\u00e0 in arrivo dal mondo delle tende confezionate grazie ai consigli e i prodotti di Carillo Home!\",\"breadcrumb\":{\"@id\":\"https:\\\/\\\/www.carillohome.com\\\/blog\\\/tendenze-tende-colori-e-modelli\\\/#breadcrumb\"},\"inLanguage\":\"it-IT\",\"potentialAction\":[{\"@type\":\"ReadAction\",\"target\":[\"https:\\\/\\\/www.carillohome.com\\\/blog\\\/tendenze-tende-colori-e-modelli\\\/\"]}]},{\"@type\":\"ImageObject\",\"inLanguage\":\"it-IT\",\"@id\":\"https:\\\/\\\/www.carillohome.com\\\/blog\\\/tendenze-tende-colori-e-modelli\\\/#primaryimage\",\"url\":\"https:\\\/\\\/blog.carillohome.com\\\/wp-content\\\/uploads\\\/2022\\\/11\\\/tendenze-tende.jpg\",\"contentUrl\":\"https:\\\/\\\/blog.carillohome.com\\\/wp-content\\\/uploads\\\/2022\\\/11\\\/tendenze-tende.jpg\",\"width\":1200,\"height\":800,\"caption\":\"tendenze tende\"},{\"@type\":\"BreadcrumbList\",\"@id\":\"https:\\\/\\\/www.carillohome.com\\\/blog\\\/tendenze-tende-colori-e-modelli\\\/#breadcrumb\",\"itemListElement\":[{\"@type\":\"ListItem\",\"position\":1,\"name\":\"Home\",\"item\":\"https:\\\/\\\/www.carillohome.com\\\/blog\\\/\"},{\"@type\":\"ListItem\",\"position\":2,\"name\":\"Tendenze tende: arredare con i colori e i modelli pi\u00f9 amati della stagione\"}]},{\"@type\":\"WebSite\",\"@id\":\"https:\\\/\\\/www.carillohome.com\\\/blog\\\/#website\",\"url\":\"https:\\\/\\\/www.carillohome.com\\\/blog\\\/\",\"name\":\"Carillo Home Blog\",\"description\":\"\",\"potentialAction\":[{\"@type\":\"SearchAction\",\"target\":{\"@type\":\"EntryPoint\",\"urlTemplate\":\"https:\\\/\\\/www.carillohome.com\\\/blog\\\/?s={search_term_string}\"},\"query-input\":{\"@type\":\"PropertyValueSpecification\",\"valueRequired\":true,\"valueName\":\"search_term_string\"}}],\"inLanguage\":\"it-IT\"},{\"@type\":\"Person\",\"@id\":\"https:\\\/\\\/www.carillohome.com\\\/blog\\\/#\\\/schema\\\/person\\\/f21041096f5e302d2bb374bb0a2d6fd1\",\"name\":\"matrixconsulting\",\"image\":{\"@type\":\"ImageObject\",\"inLanguage\":\"it-IT\",\"@id\":\"https:\\\/\\\/secure.gravatar.com\\\/avatar\\\/f49d301130b38e3c7fd149b9ccada20ea06e5ed1efc366e565f7a4f1ae209b6a?s=96&d=mm&r=g\",\"url\":\"https:\\\/\\\/secure.gravatar.com\\\/avatar\\\/f49d301130b38e3c7fd149b9ccada20ea06e5ed1efc366e565f7a4f1ae209b6a?s=96&d=mm&r=g\",\"contentUrl\":\"https:\\\/\\\/secure.gravatar.com\\\/avatar\\\/f49d301130b38e3c7fd149b9ccada20ea06e5ed1efc366e565f7a4f1ae209b6a?s=96&d=mm&r=g\",\"caption\":\"matrixconsulting\"}}]}<\/script>\n<!-- \/ Yoast SEO plugin. -->","yoast_head_json":{"title":"Tendenze tende: arredare con i colori e i modelli pi\u00f9 amati- Carillo Home","description":"Scopriamo insieme quali sono le novit\u00e0 in arrivo dal mondo delle tende confezionate grazie ai consigli e i prodotti di Carillo Home!","robots":{"index":"index","follow":"follow","max-snippet":"max-snippet:-1","max-image-preview":"max-image-preview:large","max-video-preview":"max-video-preview:-1"},"canonical":"https:\/\/www.carillohome.com\/blog\/tendenze-tende-colori-e-modelli\/","og_locale":"it_IT","og_type":"article","og_title":"Tendenze tende: arredare con i colori e i modelli pi\u00f9 amati- Carillo Home","og_description":"Scopriamo insieme quali sono le novit\u00e0 in arrivo dal mondo delle tende confezionate grazie ai consigli e i prodotti di Carillo Home!","og_url":"https:\/\/www.carillohome.com\/blog\/tendenze-tende-colori-e-modelli\/","og_site_name":"Carillo Home Blog","article_published_time":"2022-11-03T14:40:39+00:00","article_modified_time":"2023-11-17T11:53:36+00:00","og_image":[{"width":1200,"height":800,"url":"https:\/\/blog.carillohome.com\/wp-content\/uploads\/2022\/11\/tendenze-tende.jpg","type":"image\/jpeg"}],"author":"matrixconsulting","twitter_card":"summary_large_image","twitter_misc":{"Scritto da":"matrixconsulting","Tempo di lettura stimato":"4 minuti"},"schema":{"@context":"https:\/\/schema.org","@graph":[{"@type":"Article","@id":"https:\/\/www.carillohome.com\/blog\/tendenze-tende-colori-e-modelli\/#article","isPartOf":{"@id":"https:\/\/www.carillohome.com\/blog\/tendenze-tende-colori-e-modelli\/"},"author":{"name":"matrixconsulting","@id":"https:\/\/www.carillohome.com\/blog\/#\/schema\/person\/f21041096f5e302d2bb374bb0a2d6fd1"},"headline":"Tendenze tende: arredare con i colori e i modelli pi\u00f9 amati della stagione","datePublished":"2022-11-03T14:40:39+00:00","dateModified":"2023-11-17T11:53:36+00:00","mainEntityOfPage":{"@id":"https:\/\/www.carillohome.com\/blog\/tendenze-tende-colori-e-modelli\/"},"wordCount":853,"image":{"@id":"https:\/\/www.carillohome.com\/blog\/tendenze-tende-colori-e-modelli\/#primaryimage"},"thumbnailUrl":"https:\/\/blog.carillohome.com\/wp-content\/uploads\/2022\/11\/tendenze-tende.jpg","articleSection":["Interior Design Trends"],"inLanguage":"it-IT"},{"@type":"WebPage","@id":"https:\/\/www.carillohome.com\/blog\/tendenze-tende-colori-e-modelli\/","url":"https:\/\/www.carillohome.com\/blog\/tendenze-tende-colori-e-modelli\/","name":"Tendenze tende: arredare con i colori e i modelli pi\u00f9 amati- Carillo Home","isPartOf":{"@id":"https:\/\/www.carillohome.com\/blog\/#website"},"primaryImageOfPage":{"@id":"https:\/\/www.carillohome.com\/blog\/tendenze-tende-colori-e-modelli\/#primaryimage"},"image":{"@id":"https:\/\/www.carillohome.com\/blog\/tendenze-tende-colori-e-modelli\/#primaryimage"},"thumbnailUrl":"https:\/\/blog.carillohome.com\/wp-content\/uploads\/2022\/11\/tendenze-tende.jpg","datePublished":"2022-11-03T14:40:39+00:00","dateModified":"2023-11-17T11:53:36+00:00","author":{"@id":"https:\/\/www.carillohome.com\/blog\/#\/schema\/person\/f21041096f5e302d2bb374bb0a2d6fd1"},"description":"Scopriamo insieme quali sono le novit\u00e0 in arrivo dal mondo delle tende confezionate grazie ai consigli e i prodotti di Carillo Home!","breadcrumb":{"@id":"https:\/\/www.carillohome.com\/blog\/tendenze-tende-colori-e-modelli\/#breadcrumb"},"inLanguage":"it-IT","potentialAction":[{"@type":"ReadAction","target":["https:\/\/www.carillohome.com\/blog\/tendenze-tende-colori-e-modelli\/"]}]},{"@type":"ImageObject","inLanguage":"it-IT","@id":"https:\/\/www.carillohome.com\/blog\/tendenze-tende-colori-e-modelli\/#primaryimage","url":"https:\/\/blog.carillohome.com\/wp-content\/uploads\/2022\/11\/tendenze-tende.jpg","contentUrl":"https:\/\/blog.carillohome.com\/wp-content\/uploads\/2022\/11\/tendenze-tende.jpg","width":1200,"height":800,"caption":"tendenze tende"},{"@type":"BreadcrumbList","@id":"https:\/\/www.carillohome.com\/blog\/tendenze-tende-colori-e-modelli\/#breadcrumb","itemListElement":[{"@type":"ListItem","position":1,"name":"Home","item":"https:\/\/www.carillohome.com\/blog\/"},{"@type":"ListItem","position":2,"name":"Tendenze tende: arredare con i colori e i modelli pi\u00f9 amati della stagione"}]},{"@type":"WebSite","@id":"https:\/\/www.carillohome.com\/blog\/#website","url":"https:\/\/www.carillohome.com\/blog\/","name":"Carillo Home Blog","description":"","potentialAction":[{"@type":"SearchAction","target":{"@type":"EntryPoint","urlTemplate":"https:\/\/www.carillohome.com\/blog\/?s={search_term_string}"},"query-input":{"@type":"PropertyValueSpecification","valueRequired":true,"valueName":"search_term_string"}}],"inLanguage":"it-IT"},{"@type":"Person","@id":"https:\/\/www.carillohome.com\/blog\/#\/schema\/person\/f21041096f5e302d2bb374bb0a2d6fd1","name":"matrixconsulting","image":{"@type":"ImageObject","inLanguage":"it-IT","@id":"https:\/\/secure.gravatar.com\/avatar\/f49d301130b38e3c7fd149b9ccada20ea06e5ed1efc366e565f7a4f1ae209b6a?s=96&d=mm&r=g","url":"https:\/\/secure.gravatar.com\/avatar\/f49d301130b38e3c7fd149b9ccada20ea06e5ed1efc366e565f7a4f1ae209b6a?s=96&d=mm&r=g","contentUrl":"https:\/\/secure.gravatar.com\/avatar\/f49d301130b38e3c7fd149b9ccada20ea06e5ed1efc366e565f7a4f1ae209b6a?s=96&d=mm&r=g","caption":"matrixconsulting"}}]}},"_links":{"self":[{"href":"https:\/\/www.carillohome.com\/blog\/wp-json\/wp\/v2\/posts\/2929","targetHints":{"allow":["GET"]}}],"collection":[{"href":"https:\/\/www.carillohome.com\/blog\/wp-json\/wp\/v2\/posts"}],"about":[{"href":"https:\/\/www.carillohome.com\/blog\/wp-json\/wp\/v2\/types\/post"}],"author":[{"embeddable":true,"href":"https:\/\/www.carillohome.com\/blog\/wp-json\/wp\/v2\/users\/1"}],"replies":[{"embeddable":true,"href":"https:\/\/www.carillohome.com\/blog\/wp-json\/wp\/v2\/comments?post=2929"}],"version-history":[{"count":0,"href":"https:\/\/www.carillohome.com\/blog\/wp-json\/wp\/v2\/posts\/2929\/revisions"}],"wp:featuredmedia":[{"embeddable":true,"href":"https:\/\/www.carillohome.com\/blog\/wp-json\/wp\/v2\/media\/2935"}],"wp:attachment":[{"href":"https:\/\/www.carillohome.com\/blog\/wp-json\/wp\/v2\/media?parent=2929"}],"wp:term":[{"taxonomy":"category","embeddable":true,"href":"https:\/\/www.carillohome.com\/blog\/wp-json\/wp\/v2\/categories?post=2929"},{"taxonomy":"post_tag","embeddable":true,"href":"https:\/\/www.carillohome.com\/blog\/wp-json\/wp\/v2\/tags?post=2929"}],"curies":[{"name":"wp","href":"https:\/\/api.w.org\/{rel}","templated":true}]}}