{"id":2743,"date":"2022-05-26T15:02:47","date_gmt":"2022-05-26T13:02:47","guid":{"rendered":"https:\/\/blog.carillohome.com\/?p=2743"},"modified":"2024-06-24T10:04:26","modified_gmt":"2024-06-24T08:04:26","slug":"natura-e-cucina-la-biancheria-da-tavola-reever","status":"publish","type":"post","link":"https:\/\/www.carillohome.com\/blog\/natura-e-cucina-la-biancheria-da-tavola-reever\/","title":{"rendered":"Natura e cucina: la biancheria da tavola Reev\u00e8r"},"content":{"rendered":"\n<figure class=\"wp-block-image\"><img loading=\"lazy\" decoding=\"async\" width=\"1024\" height=\"683\" src=\"https:\/\/blog.carillohome.com\/wp-content\/uploads\/2022\/05\/tavola-reever-collezione-1024x683.jpg\" alt=\"tavola Reev\u00e8r collezione\" class=\"wp-image-2752\" srcset=\"https:\/\/blog.carillohome.com\/wp-content\/uploads\/2022\/05\/tavola-reever-collezione-1024x683.jpg 1024w, https:\/\/blog.carillohome.com\/wp-content\/uploads\/2022\/05\/tavola-reever-collezione-300x200.jpg 300w, https:\/\/blog.carillohome.com\/wp-content\/uploads\/2022\/05\/tavola-reever-collezione-768x512.jpg 768w, https:\/\/blog.carillohome.com\/wp-content\/uploads\/2022\/05\/tavola-reever-collezione-600x400.jpg 600w, https:\/\/blog.carillohome.com\/wp-content\/uploads\/2022\/05\/tavola-reever-collezione.jpg 1200w\" sizes=\"auto, (max-width: 1024px) 100vw, 1024px\" \/><\/figure>\n\n\n\n<p>Durante la stagione calda nessuno vuole negarsi la possibilit\u00e0 di <strong>pranzare o cenare in giardino<\/strong>, sotto il patio, in terrazza, o comunque all\u2019aperto, magari potendo godere di una piacevole ombra garantita dalla presenza di una tettoia, una tenda o i rami di un maestoso albero.<\/p>\n\n\n\n<p>La tavola d\u2019estate \u00e8 una vera gioia per gli occhi e per il palato e allora proviamo a capire come organizzarla al meglio con tessuti, colori e fantasie adatti a questa stagione e alla naturale voglia di convivialit\u00e0 che ne deriva: scopriamo insieme la <strong>linea dedicata alla tavola firmata Reev\u00e8r<\/strong>, un connubio perfetto di eleganza, tendenza e funzionalit\u00e0.<\/p>\n\n\n\n<figure class=\"wp-block-image\"><img loading=\"lazy\" decoding=\"async\" width=\"945\" height=\"630\" src=\"https:\/\/blog.carillohome.com\/wp-content\/uploads\/2022\/05\/linea-tavola-reever.jpg\" alt=\"linea tavola Reev\u00e8r\" class=\"wp-image-2746\" srcset=\"https:\/\/blog.carillohome.com\/wp-content\/uploads\/2022\/05\/linea-tavola-reever.jpg 945w, https:\/\/blog.carillohome.com\/wp-content\/uploads\/2022\/05\/linea-tavola-reever-300x200.jpg 300w, https:\/\/blog.carillohome.com\/wp-content\/uploads\/2022\/05\/linea-tavola-reever-768x512.jpg 768w, https:\/\/blog.carillohome.com\/wp-content\/uploads\/2022\/05\/linea-tavola-reever-600x400.jpg 600w\" sizes=\"auto, (max-width: 945px) 100vw, 945px\" \/><\/figure>\n\n\n\n<h2 class=\"western wp-block-heading\">Come scegliere la tovaglia in estate<\/h2>\n\n\n\n<p>Nel periodo estivo le tovaglie e, pi\u00f9 in generale, tutta la <a href=\"https:\/\/www.carillohome.com\/it\/cucina\/tovaglie\/\" target=\"_blank\" rel=\"noopener noreferrer\">biancheria da tavola<\/a>, si preferisce in fibre naturali, fresche e leggere, che tendono ad assorbire l\u2019umidit\u00e0 in eccesso. Cotone e lino non deludono mai, specie se le tovaglie in questione sono confezionate a partire da una rigorosa selezione delle materie prime di alta qualit\u00e0 come fa <a href=\"https:\/\/www.carillohome.com\/it\/\" target=\"_blank\" rel=\"noopener noreferrer\">Carillo Home<\/a>.<\/p>\n\n\n\n<p>Molta attenzione va posta sulla scelta dei colori e delle fantasie, prediligendo tinte vivaci e brillanti che rallegrano ulteriormente l\u2019ambiente. Ad essere protagonisti sono soprattutto disegni ispirati alla natura, che durante la bella stagione si mostra al suo massimo splendore: cos\u00ec le fantasie sulle <a rel=\"noopener noreferrer\" href=\"https:\/\/www.carillohome.com\/it\/cucina\/tovaglie\/\" target=\"_blank\">tovaglie estive<\/a> richiamano alla mente paesaggi tropicali, con grandi fiori e frutti colorati abbinati a trame di tendenza che di anno in anno dettano nuove regole del mix &amp; match.<\/p>\n\n\n\n<figure class=\"wp-block-image\"><a href=\"https:\/\/www.carillohome.com\/it\/brand\/reever\/\" target=\"_blank\" rel=\"noreferrer noopener\"><img loading=\"lazy\" decoding=\"async\" width=\"945\" height=\"315\" src=\"https:\/\/blog.carillohome.com\/wp-content\/uploads\/2022\/05\/banner-tavola-reever.jpg\" alt=\"banner tavola Reev\u00e8r\" class=\"wp-image-2745\" srcset=\"https:\/\/blog.carillohome.com\/wp-content\/uploads\/2022\/05\/banner-tavola-reever.jpg 945w, https:\/\/blog.carillohome.com\/wp-content\/uploads\/2022\/05\/banner-tavola-reever-300x100.jpg 300w, https:\/\/blog.carillohome.com\/wp-content\/uploads\/2022\/05\/banner-tavola-reever-768x256.jpg 768w, https:\/\/blog.carillohome.com\/wp-content\/uploads\/2022\/05\/banner-tavola-reever-600x200.jpg 600w\" sizes=\"auto, (max-width: 945px) 100vw, 945px\" \/><\/a><\/figure>\n\n\n\n<h2 class=\"western wp-block-heading\">Collezione Reev\u00e8r Cucina Primavera\/Estate 2022<\/h2>\n\n\n\n<p>Lasciamoci ispirare dalle <strong>proposte Reev\u00e8r per la casa<\/strong> ed, in particolare, per la tavola con una collezione estiva che fa della ricercatezza il suo punto di forza: disegni esclusivi, lavorazioni pregiate, tessuti di prima qualit\u00e0 per esprimere al meglio il proprio stile in un\u2019occasione speciale, quando la casa si riempie di ospiti, o nella vita quotidiana, quando si desidera aggiungere un tocco di classe alla cena all\u2019aperto.<\/p>\n\n\n\n<p>La <strong>tavola Reev\u00e8r 2022<\/strong> declina al meglio la magia dello stile hygge, attraverso proposte in lino, cotone fiammato e texture dalle trame irregolari. L\u2019atmosfera, calda e familiare, \u00e8 ben espressa anche dalla palette cromatica che si compone di sfumature originali, come nespola, ocra, eucalipto, crepuscolo, ardesia, corallo e malva.<\/p>\n\n\n\n<figure class=\"wp-block-image\"><a href=\"https:\/\/www.carillohome.com\/it\/biancheria-da-letto\/\" target=\"_blank\" rel=\"noopener noreferrer\"><img loading=\"lazy\" decoding=\"async\" width=\"945\" height=\"630\" src=\"https:\/\/blog.carillohome.com\/wp-content\/uploads\/2022\/05\/tavola-calypso.jpg\" alt=\"tavola calypso\" class=\"wp-image-2750\" srcset=\"https:\/\/blog.carillohome.com\/wp-content\/uploads\/2022\/05\/tavola-calypso.jpg 945w, https:\/\/blog.carillohome.com\/wp-content\/uploads\/2022\/05\/tavola-calypso-300x200.jpg 300w, https:\/\/blog.carillohome.com\/wp-content\/uploads\/2022\/05\/tavola-calypso-768x512.jpg 768w, https:\/\/blog.carillohome.com\/wp-content\/uploads\/2022\/05\/tavola-calypso-600x400.jpg 600w\" sizes=\"auto, (max-width: 945px) 100vw, 945px\" \/><\/a><\/figure>\n\n\n\n<h3 class=\"western wp-block-heading\">Calypso Reev\u00e8r Carillo Home<\/h3>\n\n\n\n<p>La proposta tavola Calypso Reev\u00e8r si ispira alla natura della leggendaria <strong>isola di Ogigia<\/strong>. Qui, tra acque salate e giardini creati dalla classica vegetazione, boschi sacri di grandi alberi e sorgenti fresche e zampillanti, soleva passare le sue giornate la bellissima ninfa da cui la collezione prende il nome. Calypso si presenta come un intreccio di fantasie caratterizzato dalla presenza di grandi foglie e una trama maculata di grande tendenza: uno stile esclusivo e dal tocco molto personale che si inserisce perfettamente in un ambiente etnico, eclettico o contemporaneo.<\/p>\n\n\n\n<p>La tovaglia Calypso \u00e8 realizzata in 100% cotone fiammato con stampa digitale: in questo caso il tessuto viene realizzato con inserimento in trama di filati fiammati, \u00e8 detto anche cotone fiamm\u00e8. La lavorazione dona leggerezza e morbidezza al capo in questione. Il bordo doppiato \u00e8 applicato in estensione e gli angoli della tovaglia si presentano a cappuccio. Disponibile in due misure e in due varianti colore, bianco e marrone.<\/p>\n\n\n\n<p>Per la collezione Calypso sono disponibili:<\/p>\n\n\n\n<p>Set 2 tovaglioli Tessuto 100% cotone fiammato in stampa digitale<\/p>\n\n\n\n<p>Runner Tessuto 100% cotone fiammato in stampa digitale<\/p>\n\n\n\n<p>Runner Tessuto 100% cotone fiammato in stampa digitale Pellina<\/p>\n\n\n\n<ul class=\"wp-block-gallery columns-2 is-cropped wp-block-gallery-1 is-layout-flex wp-block-gallery-is-layout-flex\"><li class=\"blocks-gallery-item\"><figure><img loading=\"lazy\" decoding=\"async\" width=\"600\" height=\"480\" src=\"https:\/\/blog.carillohome.com\/wp-content\/uploads\/2022\/05\/runner-calypso-1.jpg\" alt=\"\" data-id=\"2755\" data-link=\"https:\/\/blog.carillohome.com\/?attachment_id=2755\" class=\"wp-image-2755\" srcset=\"https:\/\/blog.carillohome.com\/wp-content\/uploads\/2022\/05\/runner-calypso-1.jpg 600w, https:\/\/blog.carillohome.com\/wp-content\/uploads\/2022\/05\/runner-calypso-1-300x240.jpg 300w\" sizes=\"auto, (max-width: 600px) 100vw, 600px\" \/><\/figure><\/li><li class=\"blocks-gallery-item\"><figure><img loading=\"lazy\" decoding=\"async\" width=\"600\" height=\"480\" src=\"https:\/\/blog.carillohome.com\/wp-content\/uploads\/2022\/05\/tovaglioli-calypso-1.jpg\" alt=\"\" data-id=\"2756\" data-link=\"https:\/\/blog.carillohome.com\/?attachment_id=2756\" class=\"wp-image-2756\" srcset=\"https:\/\/blog.carillohome.com\/wp-content\/uploads\/2022\/05\/tovaglioli-calypso-1.jpg 600w, https:\/\/blog.carillohome.com\/wp-content\/uploads\/2022\/05\/tovaglioli-calypso-1-300x240.jpg 300w\" sizes=\"auto, (max-width: 600px) 100vw, 600px\" \/><\/figure><\/li><\/ul>\n\n\n\n<figure class=\"wp-block-image\"><a href=\"https:\/\/www.carillohome.com\/it\/biancheria-da-letto\/\" target=\"_blank\" rel=\"noopener noreferrer\"><img loading=\"lazy\" decoding=\"async\" width=\"945\" height=\"630\" src=\"https:\/\/blog.carillohome.com\/wp-content\/uploads\/2022\/05\/tavola-madagascar.jpg\" alt=\"tavola madagascar\" class=\"wp-image-2751\" srcset=\"https:\/\/blog.carillohome.com\/wp-content\/uploads\/2022\/05\/tavola-madagascar.jpg 945w, https:\/\/blog.carillohome.com\/wp-content\/uploads\/2022\/05\/tavola-madagascar-300x200.jpg 300w, https:\/\/blog.carillohome.com\/wp-content\/uploads\/2022\/05\/tavola-madagascar-768x512.jpg 768w, https:\/\/blog.carillohome.com\/wp-content\/uploads\/2022\/05\/tavola-madagascar-600x400.jpg 600w\" sizes=\"auto, (max-width: 945px) 100vw, 945px\" \/><\/a><\/figure>\n\n\n\n<h3 class=\"western wp-block-heading\">Madagascar Reev\u00e8r Carillo Home<\/h3>\n\n\n\n<p>Un\u2019isola da fiaba, con paesaggi che appaiono disegnati da un abile pittore: gli incantevoli scenari naturali danno vita alla collezione tavola Madagascar Reev\u00e8r, un viaggio tra sapori, odori, luci, colori ed incontri. La magia di uno dei posti pi\u00f9 belli del mondo rivive nell\u2019intreccio di trama e ordito per portare in tavola l\u2019espressione di una natura libera e selvaggia: Madagascar \u00e8 foreste ricche di vegetazione, montagne che incorniciano un orizzonte da sogno, spiagge che si offrono alla vista come piccoli paradisi in Terra.<\/p>\n\n\n\n<p>La tovaglia Madagascar \u00e8 creata a partire dalla lavorazione in modalit\u00e0 fiammata di un tessuto di cotone di alta qualit\u00e0 su cui \u00e8 stato stampato digitalmente il disegno ispirato alla celebre isola. Il bordo doppiato \u00e8 applicato in estensione e gli angoli a cappuccio fanno di questa tovaglia un elemento di biancheria per la casa must have per l\u2019estate. Disponibile in due misure e in due sfumature cromatiche, bianco e verde.<\/p>\n\n\n\n<p>Della stessa linea Madagascar \u00e8 possibile scegliere anche:<\/p>\n\n\n\n<p>Coppia tovaglioli in cotone fiammato Madagascar rigato<\/p>\n\n\n\n<p>Runner in cotone fiammato Madagascar<\/p>\n\n\n\n<p>Runner in cotone fiammato Madagascar rigato<\/p>\n\n\n\n<ul class=\"wp-block-gallery columns-2 is-cropped wp-block-gallery-2 is-layout-flex wp-block-gallery-is-layout-flex\"><li class=\"blocks-gallery-item\"><figure><img loading=\"lazy\" decoding=\"async\" width=\"600\" height=\"480\" src=\"https:\/\/blog.carillohome.com\/wp-content\/uploads\/2022\/05\/runner-madagascar-1.jpg\" alt=\"\" data-id=\"2757\" data-link=\"https:\/\/blog.carillohome.com\/?attachment_id=2757\" class=\"wp-image-2757\" srcset=\"https:\/\/blog.carillohome.com\/wp-content\/uploads\/2022\/05\/runner-madagascar-1.jpg 600w, https:\/\/blog.carillohome.com\/wp-content\/uploads\/2022\/05\/runner-madagascar-1-300x240.jpg 300w\" sizes=\"auto, (max-width: 600px) 100vw, 600px\" \/><\/figure><\/li><li class=\"blocks-gallery-item\"><figure><img loading=\"lazy\" decoding=\"async\" width=\"600\" height=\"480\" src=\"https:\/\/blog.carillohome.com\/wp-content\/uploads\/2022\/05\/tovaglioli-madagascar-1.jpg\" alt=\"\" data-id=\"2758\" data-link=\"https:\/\/blog.carillohome.com\/?attachment_id=2758\" class=\"wp-image-2758\" srcset=\"https:\/\/blog.carillohome.com\/wp-content\/uploads\/2022\/05\/tovaglioli-madagascar-1.jpg 600w, https:\/\/blog.carillohome.com\/wp-content\/uploads\/2022\/05\/tovaglioli-madagascar-1-300x240.jpg 300w\" sizes=\"auto, (max-width: 600px) 100vw, 600px\" \/><\/figure><\/li><\/ul>\n\n\n\n<p>A tavola si passano i momenti migliori, quelli con le persone del cuore: per accogliere al meglio amici e familiari c\u2019\u00e8 bisogno di curare nei dettagli ogni particolari, cominciando dalla scelta della biancheria da tavola. Scopri la <a href=\"https:\/\/www.carillohome.com\/it\/brand\/reever\/\" target=\"_blank\" rel=\"noopener noreferrer\">collezione cucina Reev\u00e8r Carillo Home<\/a> e scegli di interpretare il tuo stile attraverso tessuti pregiati e lavorazioni importanti che danno vita a prodotti in grado di meravigliarti ogni giorno!<\/p>\n","protected":false},"excerpt":{"rendered":"<p>Durante la stagione calda nessuno vuole negarsi la possibilit\u00e0 di pranzare o cenare in giardino, sotto il patio, in terrazza, o comunque all\u2019aperto, magari potendo godere di una piacevole ombra garantita dalla presenza di una tettoia, una tenda o i rami di un maestoso albero. La tavola d\u2019estate \u00e8 una vera gioia per gli occhi&#8230;<\/p>\n","protected":false},"author":1,"featured_media":2752,"comment_status":"closed","ping_status":"closed","sticky":true,"template":"","format":"standard","meta":{"footnotes":""},"categories":[16],"tags":[],"class_list":["post-2743","post","type-post","status-publish","format-standard","has-post-thumbnail","hentry","category-style-pills"],"yoast_head":"<!-- This site is optimized with the Yoast SEO plugin v27.4 - https:\/\/yoast.com\/product\/yoast-seo-wordpress\/ -->\n<title>Natura e cucina: la biancheria da tavola Reev\u00e8r- Carillo Home<\/title>\n<meta name=\"description\" content=\"Scopriamo insieme la linea da tavola firmata Reev\u00e8r, un connubio perfetto di eleganza, tendenza e funzionalit\u00e0 per vestire la tavola di stile e qualit\u00e0\" \/>\n<meta name=\"robots\" content=\"index, follow, max-snippet:-1, max-image-preview:large, max-video-preview:-1\" \/>\n<link rel=\"canonical\" href=\"https:\/\/www.carillohome.com\/blog\/natura-e-cucina-la-biancheria-da-tavola-reever\/\" \/>\n<meta property=\"og:locale\" content=\"it_IT\" \/>\n<meta property=\"og:type\" content=\"article\" \/>\n<meta property=\"og:title\" content=\"Natura e cucina: la biancheria da tavola Reev\u00e8r- Carillo Home\" \/>\n<meta property=\"og:description\" content=\"Scopriamo insieme la linea da tavola firmata Reev\u00e8r, un connubio perfetto di eleganza, tendenza e funzionalit\u00e0 per vestire la tavola di stile e qualit\u00e0\" \/>\n<meta property=\"og:url\" content=\"https:\/\/www.carillohome.com\/blog\/natura-e-cucina-la-biancheria-da-tavola-reever\/\" \/>\n<meta property=\"og:site_name\" content=\"Carillo Home Blog\" \/>\n<meta property=\"article:published_time\" content=\"2022-05-26T13:02:47+00:00\" \/>\n<meta property=\"article:modified_time\" content=\"2024-06-24T08:04:26+00:00\" \/>\n<meta property=\"og:image\" content=\"https:\/\/blog.carillohome.com\/wp-content\/uploads\/2022\/05\/tavola-reever-collezione.jpg\" \/>\n\t<meta property=\"og:image:width\" content=\"1200\" \/>\n\t<meta property=\"og:image:height\" content=\"800\" \/>\n\t<meta property=\"og:image:type\" content=\"image\/jpeg\" \/>\n<meta name=\"author\" content=\"matrixconsulting\" \/>\n<meta name=\"twitter:card\" content=\"summary_large_image\" \/>\n<meta name=\"twitter:label1\" content=\"Scritto da\" \/>\n\t<meta name=\"twitter:data1\" content=\"matrixconsulting\" \/>\n\t<meta name=\"twitter:label2\" content=\"Tempo di lettura stimato\" \/>\n\t<meta name=\"twitter:data2\" content=\"4 minuti\" \/>\n<script type=\"application\/ld+json\" class=\"yoast-schema-graph\">{\"@context\":\"https:\\\/\\\/schema.org\",\"@graph\":[{\"@type\":\"Article\",\"@id\":\"https:\\\/\\\/www.carillohome.com\\\/blog\\\/natura-e-cucina-la-biancheria-da-tavola-reever\\\/#article\",\"isPartOf\":{\"@id\":\"https:\\\/\\\/www.carillohome.com\\\/blog\\\/natura-e-cucina-la-biancheria-da-tavola-reever\\\/\"},\"author\":{\"name\":\"matrixconsulting\",\"@id\":\"https:\\\/\\\/www.carillohome.com\\\/blog\\\/#\\\/schema\\\/person\\\/f21041096f5e302d2bb374bb0a2d6fd1\"},\"headline\":\"Natura e cucina: la biancheria da tavola Reev\u00e8r\",\"datePublished\":\"2022-05-26T13:02:47+00:00\",\"dateModified\":\"2024-06-24T08:04:26+00:00\",\"mainEntityOfPage\":{\"@id\":\"https:\\\/\\\/www.carillohome.com\\\/blog\\\/natura-e-cucina-la-biancheria-da-tavola-reever\\\/\"},\"wordCount\":821,\"image\":{\"@id\":\"https:\\\/\\\/www.carillohome.com\\\/blog\\\/natura-e-cucina-la-biancheria-da-tavola-reever\\\/#primaryimage\"},\"thumbnailUrl\":\"https:\\\/\\\/blog.carillohome.com\\\/wp-content\\\/uploads\\\/2022\\\/05\\\/tavola-reever-collezione.jpg\",\"articleSection\":[\"Style Pills\"],\"inLanguage\":\"it-IT\"},{\"@type\":\"WebPage\",\"@id\":\"https:\\\/\\\/www.carillohome.com\\\/blog\\\/natura-e-cucina-la-biancheria-da-tavola-reever\\\/\",\"url\":\"https:\\\/\\\/www.carillohome.com\\\/blog\\\/natura-e-cucina-la-biancheria-da-tavola-reever\\\/\",\"name\":\"Natura e cucina: la biancheria da tavola Reev\u00e8r- Carillo Home\",\"isPartOf\":{\"@id\":\"https:\\\/\\\/www.carillohome.com\\\/blog\\\/#website\"},\"primaryImageOfPage\":{\"@id\":\"https:\\\/\\\/www.carillohome.com\\\/blog\\\/natura-e-cucina-la-biancheria-da-tavola-reever\\\/#primaryimage\"},\"image\":{\"@id\":\"https:\\\/\\\/www.carillohome.com\\\/blog\\\/natura-e-cucina-la-biancheria-da-tavola-reever\\\/#primaryimage\"},\"thumbnailUrl\":\"https:\\\/\\\/blog.carillohome.com\\\/wp-content\\\/uploads\\\/2022\\\/05\\\/tavola-reever-collezione.jpg\",\"datePublished\":\"2022-05-26T13:02:47+00:00\",\"dateModified\":\"2024-06-24T08:04:26+00:00\",\"author\":{\"@id\":\"https:\\\/\\\/www.carillohome.com\\\/blog\\\/#\\\/schema\\\/person\\\/f21041096f5e302d2bb374bb0a2d6fd1\"},\"description\":\"Scopriamo insieme la linea da tavola firmata Reev\u00e8r, un connubio perfetto di eleganza, tendenza e funzionalit\u00e0 per vestire la tavola di stile e qualit\u00e0\",\"breadcrumb\":{\"@id\":\"https:\\\/\\\/www.carillohome.com\\\/blog\\\/natura-e-cucina-la-biancheria-da-tavola-reever\\\/#breadcrumb\"},\"inLanguage\":\"it-IT\",\"potentialAction\":[{\"@type\":\"ReadAction\",\"target\":[\"https:\\\/\\\/www.carillohome.com\\\/blog\\\/natura-e-cucina-la-biancheria-da-tavola-reever\\\/\"]}]},{\"@type\":\"ImageObject\",\"inLanguage\":\"it-IT\",\"@id\":\"https:\\\/\\\/www.carillohome.com\\\/blog\\\/natura-e-cucina-la-biancheria-da-tavola-reever\\\/#primaryimage\",\"url\":\"https:\\\/\\\/blog.carillohome.com\\\/wp-content\\\/uploads\\\/2022\\\/05\\\/tavola-reever-collezione.jpg\",\"contentUrl\":\"https:\\\/\\\/blog.carillohome.com\\\/wp-content\\\/uploads\\\/2022\\\/05\\\/tavola-reever-collezione.jpg\",\"width\":1200,\"height\":800,\"caption\":\"tavola Reev\u00e8r collezione\"},{\"@type\":\"BreadcrumbList\",\"@id\":\"https:\\\/\\\/www.carillohome.com\\\/blog\\\/natura-e-cucina-la-biancheria-da-tavola-reever\\\/#breadcrumb\",\"itemListElement\":[{\"@type\":\"ListItem\",\"position\":1,\"name\":\"Home\",\"item\":\"https:\\\/\\\/www.carillohome.com\\\/blog\\\/\"},{\"@type\":\"ListItem\",\"position\":2,\"name\":\"Natura e cucina: la biancheria da tavola Reev\u00e8r\"}]},{\"@type\":\"WebSite\",\"@id\":\"https:\\\/\\\/www.carillohome.com\\\/blog\\\/#website\",\"url\":\"https:\\\/\\\/www.carillohome.com\\\/blog\\\/\",\"name\":\"Carillo Home Blog\",\"description\":\"\",\"potentialAction\":[{\"@type\":\"SearchAction\",\"target\":{\"@type\":\"EntryPoint\",\"urlTemplate\":\"https:\\\/\\\/www.carillohome.com\\\/blog\\\/?s={search_term_string}\"},\"query-input\":{\"@type\":\"PropertyValueSpecification\",\"valueRequired\":true,\"valueName\":\"search_term_string\"}}],\"inLanguage\":\"it-IT\"},{\"@type\":\"Person\",\"@id\":\"https:\\\/\\\/www.carillohome.com\\\/blog\\\/#\\\/schema\\\/person\\\/f21041096f5e302d2bb374bb0a2d6fd1\",\"name\":\"matrixconsulting\",\"image\":{\"@type\":\"ImageObject\",\"inLanguage\":\"it-IT\",\"@id\":\"https:\\\/\\\/secure.gravatar.com\\\/avatar\\\/f49d301130b38e3c7fd149b9ccada20ea06e5ed1efc366e565f7a4f1ae209b6a?s=96&d=mm&r=g\",\"url\":\"https:\\\/\\\/secure.gravatar.com\\\/avatar\\\/f49d301130b38e3c7fd149b9ccada20ea06e5ed1efc366e565f7a4f1ae209b6a?s=96&d=mm&r=g\",\"contentUrl\":\"https:\\\/\\\/secure.gravatar.com\\\/avatar\\\/f49d301130b38e3c7fd149b9ccada20ea06e5ed1efc366e565f7a4f1ae209b6a?s=96&d=mm&r=g\",\"caption\":\"matrixconsulting\"}}]}<\/script>\n<!-- \/ Yoast SEO plugin. -->","yoast_head_json":{"title":"Natura e cucina: la biancheria da tavola Reev\u00e8r- Carillo Home","description":"Scopriamo insieme la linea da tavola firmata Reev\u00e8r, un connubio perfetto di eleganza, tendenza e funzionalit\u00e0 per vestire la tavola di stile e qualit\u00e0","robots":{"index":"index","follow":"follow","max-snippet":"max-snippet:-1","max-image-preview":"max-image-preview:large","max-video-preview":"max-video-preview:-1"},"canonical":"https:\/\/www.carillohome.com\/blog\/natura-e-cucina-la-biancheria-da-tavola-reever\/","og_locale":"it_IT","og_type":"article","og_title":"Natura e cucina: la biancheria da tavola Reev\u00e8r- Carillo Home","og_description":"Scopriamo insieme la linea da tavola firmata Reev\u00e8r, un connubio perfetto di eleganza, tendenza e funzionalit\u00e0 per vestire la tavola di stile e qualit\u00e0","og_url":"https:\/\/www.carillohome.com\/blog\/natura-e-cucina-la-biancheria-da-tavola-reever\/","og_site_name":"Carillo Home Blog","article_published_time":"2022-05-26T13:02:47+00:00","article_modified_time":"2024-06-24T08:04:26+00:00","og_image":[{"width":1200,"height":800,"url":"https:\/\/blog.carillohome.com\/wp-content\/uploads\/2022\/05\/tavola-reever-collezione.jpg","type":"image\/jpeg"}],"author":"matrixconsulting","twitter_card":"summary_large_image","twitter_misc":{"Scritto da":"matrixconsulting","Tempo di lettura stimato":"4 minuti"},"schema":{"@context":"https:\/\/schema.org","@graph":[{"@type":"Article","@id":"https:\/\/www.carillohome.com\/blog\/natura-e-cucina-la-biancheria-da-tavola-reever\/#article","isPartOf":{"@id":"https:\/\/www.carillohome.com\/blog\/natura-e-cucina-la-biancheria-da-tavola-reever\/"},"author":{"name":"matrixconsulting","@id":"https:\/\/www.carillohome.com\/blog\/#\/schema\/person\/f21041096f5e302d2bb374bb0a2d6fd1"},"headline":"Natura e cucina: la biancheria da tavola Reev\u00e8r","datePublished":"2022-05-26T13:02:47+00:00","dateModified":"2024-06-24T08:04:26+00:00","mainEntityOfPage":{"@id":"https:\/\/www.carillohome.com\/blog\/natura-e-cucina-la-biancheria-da-tavola-reever\/"},"wordCount":821,"image":{"@id":"https:\/\/www.carillohome.com\/blog\/natura-e-cucina-la-biancheria-da-tavola-reever\/#primaryimage"},"thumbnailUrl":"https:\/\/blog.carillohome.com\/wp-content\/uploads\/2022\/05\/tavola-reever-collezione.jpg","articleSection":["Style Pills"],"inLanguage":"it-IT"},{"@type":"WebPage","@id":"https:\/\/www.carillohome.com\/blog\/natura-e-cucina-la-biancheria-da-tavola-reever\/","url":"https:\/\/www.carillohome.com\/blog\/natura-e-cucina-la-biancheria-da-tavola-reever\/","name":"Natura e cucina: la biancheria da tavola Reev\u00e8r- Carillo Home","isPartOf":{"@id":"https:\/\/www.carillohome.com\/blog\/#website"},"primaryImageOfPage":{"@id":"https:\/\/www.carillohome.com\/blog\/natura-e-cucina-la-biancheria-da-tavola-reever\/#primaryimage"},"image":{"@id":"https:\/\/www.carillohome.com\/blog\/natura-e-cucina-la-biancheria-da-tavola-reever\/#primaryimage"},"thumbnailUrl":"https:\/\/blog.carillohome.com\/wp-content\/uploads\/2022\/05\/tavola-reever-collezione.jpg","datePublished":"2022-05-26T13:02:47+00:00","dateModified":"2024-06-24T08:04:26+00:00","author":{"@id":"https:\/\/www.carillohome.com\/blog\/#\/schema\/person\/f21041096f5e302d2bb374bb0a2d6fd1"},"description":"Scopriamo insieme la linea da tavola firmata Reev\u00e8r, un connubio perfetto di eleganza, tendenza e funzionalit\u00e0 per vestire la tavola di stile e qualit\u00e0","breadcrumb":{"@id":"https:\/\/www.carillohome.com\/blog\/natura-e-cucina-la-biancheria-da-tavola-reever\/#breadcrumb"},"inLanguage":"it-IT","potentialAction":[{"@type":"ReadAction","target":["https:\/\/www.carillohome.com\/blog\/natura-e-cucina-la-biancheria-da-tavola-reever\/"]}]},{"@type":"ImageObject","inLanguage":"it-IT","@id":"https:\/\/www.carillohome.com\/blog\/natura-e-cucina-la-biancheria-da-tavola-reever\/#primaryimage","url":"https:\/\/blog.carillohome.com\/wp-content\/uploads\/2022\/05\/tavola-reever-collezione.jpg","contentUrl":"https:\/\/blog.carillohome.com\/wp-content\/uploads\/2022\/05\/tavola-reever-collezione.jpg","width":1200,"height":800,"caption":"tavola Reev\u00e8r collezione"},{"@type":"BreadcrumbList","@id":"https:\/\/www.carillohome.com\/blog\/natura-e-cucina-la-biancheria-da-tavola-reever\/#breadcrumb","itemListElement":[{"@type":"ListItem","position":1,"name":"Home","item":"https:\/\/www.carillohome.com\/blog\/"},{"@type":"ListItem","position":2,"name":"Natura e cucina: la biancheria da tavola Reev\u00e8r"}]},{"@type":"WebSite","@id":"https:\/\/www.carillohome.com\/blog\/#website","url":"https:\/\/www.carillohome.com\/blog\/","name":"Carillo Home Blog","description":"","potentialAction":[{"@type":"SearchAction","target":{"@type":"EntryPoint","urlTemplate":"https:\/\/www.carillohome.com\/blog\/?s={search_term_string}"},"query-input":{"@type":"PropertyValueSpecification","valueRequired":true,"valueName":"search_term_string"}}],"inLanguage":"it-IT"},{"@type":"Person","@id":"https:\/\/www.carillohome.com\/blog\/#\/schema\/person\/f21041096f5e302d2bb374bb0a2d6fd1","name":"matrixconsulting","image":{"@type":"ImageObject","inLanguage":"it-IT","@id":"https:\/\/secure.gravatar.com\/avatar\/f49d301130b38e3c7fd149b9ccada20ea06e5ed1efc366e565f7a4f1ae209b6a?s=96&d=mm&r=g","url":"https:\/\/secure.gravatar.com\/avatar\/f49d301130b38e3c7fd149b9ccada20ea06e5ed1efc366e565f7a4f1ae209b6a?s=96&d=mm&r=g","contentUrl":"https:\/\/secure.gravatar.com\/avatar\/f49d301130b38e3c7fd149b9ccada20ea06e5ed1efc366e565f7a4f1ae209b6a?s=96&d=mm&r=g","caption":"matrixconsulting"}}]}},"_links":{"self":[{"href":"https:\/\/www.carillohome.com\/blog\/wp-json\/wp\/v2\/posts\/2743","targetHints":{"allow":["GET"]}}],"collection":[{"href":"https:\/\/www.carillohome.com\/blog\/wp-json\/wp\/v2\/posts"}],"about":[{"href":"https:\/\/www.carillohome.com\/blog\/wp-json\/wp\/v2\/types\/post"}],"author":[{"embeddable":true,"href":"https:\/\/www.carillohome.com\/blog\/wp-json\/wp\/v2\/users\/1"}],"replies":[{"embeddable":true,"href":"https:\/\/www.carillohome.com\/blog\/wp-json\/wp\/v2\/comments?post=2743"}],"version-history":[{"count":0,"href":"https:\/\/www.carillohome.com\/blog\/wp-json\/wp\/v2\/posts\/2743\/revisions"}],"wp:featuredmedia":[{"embeddable":true,"href":"https:\/\/www.carillohome.com\/blog\/wp-json\/wp\/v2\/media\/2752"}],"wp:attachment":[{"href":"https:\/\/www.carillohome.com\/blog\/wp-json\/wp\/v2\/media?parent=2743"}],"wp:term":[{"taxonomy":"category","embeddable":true,"href":"https:\/\/www.carillohome.com\/blog\/wp-json\/wp\/v2\/categories?post=2743"},{"taxonomy":"post_tag","embeddable":true,"href":"https:\/\/www.carillohome.com\/blog\/wp-json\/wp\/v2\/tags?post=2743"}],"curies":[{"name":"wp","href":"https:\/\/api.w.org\/{rel}","templated":true}]}}