{"id":2734,"date":"2022-05-19T11:40:16","date_gmt":"2022-05-19T09:40:16","guid":{"rendered":"https:\/\/blog.carillohome.com\/?p=2734"},"modified":"2023-04-03T10:33:50","modified_gmt":"2023-04-03T08:33:50","slug":"come-arredare-con-il-verde-menta","status":"publish","type":"post","link":"https:\/\/www.carillohome.com\/blog\/come-arredare-con-il-verde-menta\/","title":{"rendered":"Come arredare con il verde menta ogni angolo della casa"},"content":{"rendered":"<p><img loading=\"lazy\" decoding=\"async\" class=\"alignnone wp-image-2736 size-full\" src=\"https:\/\/blog.carillohome.com\/wp-content\/uploads\/2022\/05\/arredare-con-il-verde-menta.jpg\" alt=\"arredare con il verde menta\" width=\"1200\" height=\"800\" srcset=\"https:\/\/blog.carillohome.com\/wp-content\/uploads\/2022\/05\/arredare-con-il-verde-menta.jpg 1200w, https:\/\/blog.carillohome.com\/wp-content\/uploads\/2022\/05\/arredare-con-il-verde-menta-300x200.jpg 300w, https:\/\/blog.carillohome.com\/wp-content\/uploads\/2022\/05\/arredare-con-il-verde-menta-768x512.jpg 768w, https:\/\/blog.carillohome.com\/wp-content\/uploads\/2022\/05\/arredare-con-il-verde-menta-1024x683.jpg 1024w, https:\/\/blog.carillohome.com\/wp-content\/uploads\/2022\/05\/arredare-con-il-verde-menta-600x400.jpg 600w\" sizes=\"auto, (max-width: 1200px) 100vw, 1200px\" \/><\/p>\n<p>Uno dei colori di maggiore tendenza per questa primavera\/estate \u00e8 il verde menta, una tonalit\u00e0 pastello molto versatile che smorza l\u2019intensit\u00e0 del verde originario virando verso l\u2019azzurro.<\/p>\n<p>Una nuance molto utilizzata negli anni 50 e tornata di gran moda negli ultimi anni, grazie alla ricerca di uno stile di arredamento minimal e dal notevole impatto estetico. Insieme a <a href=\"https:\/\/www.carillohome.com\/it\/\">Carillo Home<\/a>, il brand specialista nei pi\u00f9 svariati stili d\u2019arredo, scopriamo come arredare con il verde menta e i segreti per abbinare questo bellissimo colore.<\/p>\n<p><a href=\"https:\/\/www.carillohome.com\/it\/biancheria-da-letto\/\" target=\"_blank\" rel=\"noopener noreferrer\"><img loading=\"lazy\" decoding=\"async\" class=\"alignnone wp-image-2735 size-full\" src=\"https:\/\/blog.carillohome.com\/wp-content\/uploads\/2022\/05\/arredamento-verde-menta.jpg\" alt=\"arredamento verde menta\" width=\"945\" height=\"630\" srcset=\"https:\/\/blog.carillohome.com\/wp-content\/uploads\/2022\/05\/arredamento-verde-menta.jpg 945w, https:\/\/blog.carillohome.com\/wp-content\/uploads\/2022\/05\/arredamento-verde-menta-300x200.jpg 300w, https:\/\/blog.carillohome.com\/wp-content\/uploads\/2022\/05\/arredamento-verde-menta-768x512.jpg 768w, https:\/\/blog.carillohome.com\/wp-content\/uploads\/2022\/05\/arredamento-verde-menta-600x400.jpg 600w\" sizes=\"auto, (max-width: 945px) 100vw, 945px\" \/><\/a><\/p>\n<h2 class=\"western\">Alla scoperta del verde menta, nuance fresca e delicata<\/h2>\n<p>Il verde menta trasmette <strong>un\u2019immediata sensazione di freschezza e leggerezza<\/strong>: si tratta di un colore molto utilizzato soprattutto durante la bella stagione per donare agli ambienti quella giusta nota di stile, perfetto connubio di attenzione all\u2019estetica e volont\u00e0 di trasmettere un sentimento di accoglienza per i nostri ospiti.<\/p>\n<p>Questa sfumatura di verde richiama alla mente uno <strong>stile tipicamente vintage<\/strong>: veniva utilizzato in passato per decorare piastrelle o per diverse componenti della cucina. Ma oggi \u00e8 diventata una tonalit\u00e0 protagonista anche in stili molto moderni, come quello scandinavo: in questo caso il verde menta aggiunge un tocco di personalizzazione anche agli ambienti pi\u00f9 freddi. La delicata sfumatura cromatica trova largo impiego nello stile shabby chic, il pi\u00f9 romantico degli stili d\u2019arredamento, e non disdegna neanche di comparire qui e l\u00e0 in case arredate secondo i dettami della moda industrial. Insomma, il verde menta pu\u00f2 essere considerato come una delle nuove \u201ctonalit\u00e0 neutre\u201d, abbinabile nei pi\u00f9 svariati contesti, una base da cui partire per costruire un arredamento perfetto, capace di raccontare in ogni dettaglio il nostro modo di abitare.<\/p>\n<p><img loading=\"lazy\" decoding=\"async\" class=\"alignnone wp-image-2739 size-full\" src=\"https:\/\/blog.carillohome.com\/wp-content\/uploads\/2022\/05\/completo-letto-verde-menta.jpg\" alt=\"completo letto verde menta\" width=\"945\" height=\"630\" srcset=\"https:\/\/blog.carillohome.com\/wp-content\/uploads\/2022\/05\/completo-letto-verde-menta.jpg 945w, https:\/\/blog.carillohome.com\/wp-content\/uploads\/2022\/05\/completo-letto-verde-menta-300x200.jpg 300w, https:\/\/blog.carillohome.com\/wp-content\/uploads\/2022\/05\/completo-letto-verde-menta-768x512.jpg 768w, https:\/\/blog.carillohome.com\/wp-content\/uploads\/2022\/05\/completo-letto-verde-menta-600x400.jpg 600w\" sizes=\"auto, (max-width: 945px) 100vw, 945px\" \/><\/p>\n<h2 class=\"western\">Arredamento verde menta: pareti, piastrelle e tessili per ogni stanza<\/h2>\n<p>Il verde menta pu\u00f2 essere integrato con successo in ogni ambiente della casa: ecco i <strong>consigli di stile di Carillo Home<\/strong> per ogni stanza.<\/p>\n<p>In cucina il verde menta pu\u00f2 spiccare sia sulle mattonelle che su alcuni degli elementi che la compongono, in particolar modo se abbinato con materiali come legno e marmo. Anche le tende color verde menta contribuiscono ad arricchire questo ambiente, senza dimenticare tutta la <a href=\"https:\/\/www.carillohome.com\/it\/cucina\/tovaglie\/\">biancheria da cucina<\/a>, come tovaglie, tovaglioli, strofinacci e tanto altro: il verde menta \u00e8 la scelta di chi desidera donare una delicata personalit\u00e0 ad una delle stanze pi\u00f9 importanti della casa.<\/p>\n<p>Il salone \u00e8 il biglietto da visita di ogni casa: \u00e8 possibile inserire diverse <strong>sfumature di verde menta<\/strong> personalizzandolo ulteriormente. Chi desidera restare sulla scia della semplicit\u00e0 pu\u00f2 scegliere cuscini arredo verde menta da abbinare ad un divano di colore neutro come beige o bianco, mentre chi non ha paura di osare tra le mura della propria abitazione pu\u00f2 rischiare un accostamento cromatico pi\u00f9 forte tra verde menta e colori vibranti come giallo e viola.<\/p>\n<p>In camera da letto la parola d\u2019ordine \u00e8 relax e il verde menta rappresenta uno dei colori pi\u00f9 indicati per trasmettere un\u2019immediata sensazione di benessere e per conciliare il sonno. Possiamo scegliere questa tonalit\u00e0 per dipingere una delle pareti, per le romantiche tende lunghe che decorano la finestra o il balcone ma, soprattutto, possiamo scegliere il verde menta per i tessuti protagonisti della camera. La <a href=\"https:\/\/www.carillohome.com\/it\/biancheria-da-letto\/completi-letto\/\">biancheria da letto<\/a> verde menta, elegante e raffinata, trasforma questa stanza in un quadro primaverile, in un vero e proprio luogo dei sogni. Gli abbinamenti migliori? Quelli con la tavolozza dei colori pastello, con panna, rosa antico e terracotta, ma anche con altre tonalit\u00e0 di verde, come ottanio e smeraldo.<\/p>\n<p>Anche in bagno il verde menta \u00e8 indicatissimo per un effetto intimo ed accogliente. Il miglior accostamento possibile \u00e8 quello con legno e bianco. Pensiamo a piastrelle verde menta nella doccia che danno l\u2019impressione di entrare in una confortevole spa. Naturalmente per aggiungere un tocco ulteriore possiamo scegliere <a href=\"https:\/\/www.carillohome.com\/it\/bagno\/asciugamani\/\">set di asciugamani<\/a> di color verde menta, da disseminare in modo organizzato nei vari punti del bagno per averle sempre a portata di mano.<\/p>\n<p><a href=\"https:\/\/www.carillohome.com\/it\/biancheria-da-letto\/\" target=\"_blank\" rel=\"noopener noreferrer\"><img loading=\"lazy\" decoding=\"async\" class=\"alignnone wp-image-2737 size-full\" src=\"https:\/\/blog.carillohome.com\/wp-content\/uploads\/2022\/05\/banner-verde-menta.jpg\" alt=\"banner letto verde menta\" width=\"945\" height=\"315\" srcset=\"https:\/\/blog.carillohome.com\/wp-content\/uploads\/2022\/05\/banner-verde-menta.jpg 945w, https:\/\/blog.carillohome.com\/wp-content\/uploads\/2022\/05\/banner-verde-menta-300x100.jpg 300w, https:\/\/blog.carillohome.com\/wp-content\/uploads\/2022\/05\/banner-verde-menta-768x256.jpg 768w, https:\/\/blog.carillohome.com\/wp-content\/uploads\/2022\/05\/banner-verde-menta-600x200.jpg 600w\" sizes=\"auto, (max-width: 945px) 100vw, 945px\" \/><\/a><\/p>\n<h2 class=\"western\">Biancheria da letto verde menta: le proposte di Carillo Home<\/h2>\n<p>Una <strong>sfumatura che ricorda l\u2019acqua del mare <\/strong>nei luoghi in cui \u00e8 pi\u00f9 limpida e invita ad un energico tuffo con la possibilit\u00e0 di sbirciarne il fondale: il verde menta prende il nome dalla pianta pi\u00f9 rinfrescante che esiste ed \u00e8 proprio quello l\u2019effetto che si intende ottenere. Una sfumatura perfetta per l\u2019estate, la stagione in cui ogni angolo della casa si rinnova e si prepara ad accogliere nuovi colori che richiamano le bellezze del mondo esterno, come sole, mare e natura.<\/p>\n<p>Carillo Home ha pensato a tante <strong>proposte declinate nel colore verde menta<\/strong>, una delle tonalit\u00e0 pi\u00f9 amate del momento: biancheria da letto di altissima qualit\u00e0 da combinare secondo le non-regole del mix e match per trovare l\u2019abbinamento pi\u00f9 adatto ai tuoi gusti e allo stile della tua abitazione. Lasciati ispirare da <strong>completi letto, cuscini arredo, copriletti<\/strong> e tutto ci\u00f2 che serve per dare alla tua casa un\u2019impronta di stile che sia solo tua, uguale a nessun altra, esclusiva e irripetibile, affidabile ed impeccabile!<\/p>\n<p>&nbsp;<\/p>\n","protected":false},"excerpt":{"rendered":"<p>Uno dei colori di maggiore tendenza per questa primavera\/estate \u00e8 il verde menta, una tonalit\u00e0 pastello molto versatile che smorza l\u2019intensit\u00e0 del verde originario virando verso l\u2019azzurro. Una nuance molto utilizzata negli anni 50 e tornata di gran moda negli ultimi anni, grazie alla ricerca di uno stile di arredamento minimal e dal notevole impatto&#8230;<\/p>\n","protected":false},"author":1,"featured_media":2736,"comment_status":"closed","ping_status":"closed","sticky":true,"template":"","format":"standard","meta":{"footnotes":""},"categories":[16],"tags":[],"class_list":["post-2734","post","type-post","status-publish","format-standard","has-post-thumbnail","hentry","category-style-pills"],"yoast_head":"<!-- This site is optimized with the Yoast SEO plugin v27.4 - https:\/\/yoast.com\/product\/yoast-seo-wordpress\/ -->\n<title>Come arredare con il verde menta ogni angolo della casa- Carillo Home<\/title>\n<meta name=\"description\" content=\"Insieme a Carillo Home scopriamo come arredare con il verde menta e i segreti per abbinare questo bellissimo colore nei diversi ambienti della casa.\" \/>\n<meta name=\"robots\" content=\"index, follow, max-snippet:-1, max-image-preview:large, max-video-preview:-1\" \/>\n<link rel=\"canonical\" href=\"https:\/\/www.carillohome.com\/blog\/come-arredare-con-il-verde-menta\/\" \/>\n<meta property=\"og:locale\" content=\"it_IT\" \/>\n<meta property=\"og:type\" content=\"article\" \/>\n<meta property=\"og:title\" content=\"Come arredare con il verde menta ogni angolo della casa- Carillo Home\" \/>\n<meta property=\"og:description\" content=\"Insieme a Carillo Home scopriamo come arredare con il verde menta e i segreti per abbinare questo bellissimo colore nei diversi ambienti della casa.\" \/>\n<meta property=\"og:url\" content=\"https:\/\/www.carillohome.com\/blog\/come-arredare-con-il-verde-menta\/\" \/>\n<meta property=\"og:site_name\" content=\"Carillo Home Blog\" \/>\n<meta property=\"article:published_time\" content=\"2022-05-19T09:40:16+00:00\" \/>\n<meta property=\"article:modified_time\" content=\"2023-04-03T08:33:50+00:00\" \/>\n<meta property=\"og:image\" content=\"https:\/\/blog.carillohome.com\/wp-content\/uploads\/2022\/05\/arredare-con-il-verde-menta.jpg\" \/>\n\t<meta property=\"og:image:width\" content=\"1200\" \/>\n\t<meta property=\"og:image:height\" content=\"800\" \/>\n\t<meta property=\"og:image:type\" content=\"image\/jpeg\" \/>\n<meta name=\"author\" content=\"matrixconsulting\" \/>\n<meta name=\"twitter:card\" content=\"summary_large_image\" \/>\n<meta name=\"twitter:label1\" content=\"Scritto da\" \/>\n\t<meta name=\"twitter:data1\" content=\"matrixconsulting\" \/>\n\t<meta name=\"twitter:label2\" content=\"Tempo di lettura stimato\" \/>\n\t<meta name=\"twitter:data2\" content=\"4 minuti\" \/>\n<script type=\"application\/ld+json\" class=\"yoast-schema-graph\">{\"@context\":\"https:\\\/\\\/schema.org\",\"@graph\":[{\"@type\":\"Article\",\"@id\":\"https:\\\/\\\/www.carillohome.com\\\/blog\\\/come-arredare-con-il-verde-menta\\\/#article\",\"isPartOf\":{\"@id\":\"https:\\\/\\\/www.carillohome.com\\\/blog\\\/come-arredare-con-il-verde-menta\\\/\"},\"author\":{\"name\":\"matrixconsulting\",\"@id\":\"https:\\\/\\\/www.carillohome.com\\\/blog\\\/#\\\/schema\\\/person\\\/f21041096f5e302d2bb374bb0a2d6fd1\"},\"headline\":\"Come arredare con il verde menta ogni angolo della casa\",\"datePublished\":\"2022-05-19T09:40:16+00:00\",\"dateModified\":\"2023-04-03T08:33:50+00:00\",\"mainEntityOfPage\":{\"@id\":\"https:\\\/\\\/www.carillohome.com\\\/blog\\\/come-arredare-con-il-verde-menta\\\/\"},\"wordCount\":830,\"image\":{\"@id\":\"https:\\\/\\\/www.carillohome.com\\\/blog\\\/come-arredare-con-il-verde-menta\\\/#primaryimage\"},\"thumbnailUrl\":\"https:\\\/\\\/blog.carillohome.com\\\/wp-content\\\/uploads\\\/2022\\\/05\\\/arredare-con-il-verde-menta.jpg\",\"articleSection\":[\"Style Pills\"],\"inLanguage\":\"it-IT\"},{\"@type\":\"WebPage\",\"@id\":\"https:\\\/\\\/www.carillohome.com\\\/blog\\\/come-arredare-con-il-verde-menta\\\/\",\"url\":\"https:\\\/\\\/www.carillohome.com\\\/blog\\\/come-arredare-con-il-verde-menta\\\/\",\"name\":\"Come arredare con il verde menta ogni angolo della casa- Carillo Home\",\"isPartOf\":{\"@id\":\"https:\\\/\\\/www.carillohome.com\\\/blog\\\/#website\"},\"primaryImageOfPage\":{\"@id\":\"https:\\\/\\\/www.carillohome.com\\\/blog\\\/come-arredare-con-il-verde-menta\\\/#primaryimage\"},\"image\":{\"@id\":\"https:\\\/\\\/www.carillohome.com\\\/blog\\\/come-arredare-con-il-verde-menta\\\/#primaryimage\"},\"thumbnailUrl\":\"https:\\\/\\\/blog.carillohome.com\\\/wp-content\\\/uploads\\\/2022\\\/05\\\/arredare-con-il-verde-menta.jpg\",\"datePublished\":\"2022-05-19T09:40:16+00:00\",\"dateModified\":\"2023-04-03T08:33:50+00:00\",\"author\":{\"@id\":\"https:\\\/\\\/www.carillohome.com\\\/blog\\\/#\\\/schema\\\/person\\\/f21041096f5e302d2bb374bb0a2d6fd1\"},\"description\":\"Insieme a Carillo Home scopriamo come arredare con il verde menta e i segreti per abbinare questo bellissimo colore nei diversi ambienti della casa.\",\"breadcrumb\":{\"@id\":\"https:\\\/\\\/www.carillohome.com\\\/blog\\\/come-arredare-con-il-verde-menta\\\/#breadcrumb\"},\"inLanguage\":\"it-IT\",\"potentialAction\":[{\"@type\":\"ReadAction\",\"target\":[\"https:\\\/\\\/www.carillohome.com\\\/blog\\\/come-arredare-con-il-verde-menta\\\/\"]}]},{\"@type\":\"ImageObject\",\"inLanguage\":\"it-IT\",\"@id\":\"https:\\\/\\\/www.carillohome.com\\\/blog\\\/come-arredare-con-il-verde-menta\\\/#primaryimage\",\"url\":\"https:\\\/\\\/blog.carillohome.com\\\/wp-content\\\/uploads\\\/2022\\\/05\\\/arredare-con-il-verde-menta.jpg\",\"contentUrl\":\"https:\\\/\\\/blog.carillohome.com\\\/wp-content\\\/uploads\\\/2022\\\/05\\\/arredare-con-il-verde-menta.jpg\",\"width\":1200,\"height\":800,\"caption\":\"arredare con il verde menta\"},{\"@type\":\"BreadcrumbList\",\"@id\":\"https:\\\/\\\/www.carillohome.com\\\/blog\\\/come-arredare-con-il-verde-menta\\\/#breadcrumb\",\"itemListElement\":[{\"@type\":\"ListItem\",\"position\":1,\"name\":\"Home\",\"item\":\"https:\\\/\\\/www.carillohome.com\\\/blog\\\/\"},{\"@type\":\"ListItem\",\"position\":2,\"name\":\"Come arredare con il verde menta ogni angolo della casa\"}]},{\"@type\":\"WebSite\",\"@id\":\"https:\\\/\\\/www.carillohome.com\\\/blog\\\/#website\",\"url\":\"https:\\\/\\\/www.carillohome.com\\\/blog\\\/\",\"name\":\"Carillo Home Blog\",\"description\":\"\",\"potentialAction\":[{\"@type\":\"SearchAction\",\"target\":{\"@type\":\"EntryPoint\",\"urlTemplate\":\"https:\\\/\\\/www.carillohome.com\\\/blog\\\/?s={search_term_string}\"},\"query-input\":{\"@type\":\"PropertyValueSpecification\",\"valueRequired\":true,\"valueName\":\"search_term_string\"}}],\"inLanguage\":\"it-IT\"},{\"@type\":\"Person\",\"@id\":\"https:\\\/\\\/www.carillohome.com\\\/blog\\\/#\\\/schema\\\/person\\\/f21041096f5e302d2bb374bb0a2d6fd1\",\"name\":\"matrixconsulting\",\"image\":{\"@type\":\"ImageObject\",\"inLanguage\":\"it-IT\",\"@id\":\"https:\\\/\\\/secure.gravatar.com\\\/avatar\\\/f49d301130b38e3c7fd149b9ccada20ea06e5ed1efc366e565f7a4f1ae209b6a?s=96&d=mm&r=g\",\"url\":\"https:\\\/\\\/secure.gravatar.com\\\/avatar\\\/f49d301130b38e3c7fd149b9ccada20ea06e5ed1efc366e565f7a4f1ae209b6a?s=96&d=mm&r=g\",\"contentUrl\":\"https:\\\/\\\/secure.gravatar.com\\\/avatar\\\/f49d301130b38e3c7fd149b9ccada20ea06e5ed1efc366e565f7a4f1ae209b6a?s=96&d=mm&r=g\",\"caption\":\"matrixconsulting\"}}]}<\/script>\n<!-- \/ Yoast SEO plugin. -->","yoast_head_json":{"title":"Come arredare con il verde menta ogni angolo della casa- Carillo Home","description":"Insieme a Carillo Home scopriamo come arredare con il verde menta e i segreti per abbinare questo bellissimo colore nei diversi ambienti della casa.","robots":{"index":"index","follow":"follow","max-snippet":"max-snippet:-1","max-image-preview":"max-image-preview:large","max-video-preview":"max-video-preview:-1"},"canonical":"https:\/\/www.carillohome.com\/blog\/come-arredare-con-il-verde-menta\/","og_locale":"it_IT","og_type":"article","og_title":"Come arredare con il verde menta ogni angolo della casa- Carillo Home","og_description":"Insieme a Carillo Home scopriamo come arredare con il verde menta e i segreti per abbinare questo bellissimo colore nei diversi ambienti della casa.","og_url":"https:\/\/www.carillohome.com\/blog\/come-arredare-con-il-verde-menta\/","og_site_name":"Carillo Home Blog","article_published_time":"2022-05-19T09:40:16+00:00","article_modified_time":"2023-04-03T08:33:50+00:00","og_image":[{"width":1200,"height":800,"url":"https:\/\/blog.carillohome.com\/wp-content\/uploads\/2022\/05\/arredare-con-il-verde-menta.jpg","type":"image\/jpeg"}],"author":"matrixconsulting","twitter_card":"summary_large_image","twitter_misc":{"Scritto da":"matrixconsulting","Tempo di lettura stimato":"4 minuti"},"schema":{"@context":"https:\/\/schema.org","@graph":[{"@type":"Article","@id":"https:\/\/www.carillohome.com\/blog\/come-arredare-con-il-verde-menta\/#article","isPartOf":{"@id":"https:\/\/www.carillohome.com\/blog\/come-arredare-con-il-verde-menta\/"},"author":{"name":"matrixconsulting","@id":"https:\/\/www.carillohome.com\/blog\/#\/schema\/person\/f21041096f5e302d2bb374bb0a2d6fd1"},"headline":"Come arredare con il verde menta ogni angolo della casa","datePublished":"2022-05-19T09:40:16+00:00","dateModified":"2023-04-03T08:33:50+00:00","mainEntityOfPage":{"@id":"https:\/\/www.carillohome.com\/blog\/come-arredare-con-il-verde-menta\/"},"wordCount":830,"image":{"@id":"https:\/\/www.carillohome.com\/blog\/come-arredare-con-il-verde-menta\/#primaryimage"},"thumbnailUrl":"https:\/\/blog.carillohome.com\/wp-content\/uploads\/2022\/05\/arredare-con-il-verde-menta.jpg","articleSection":["Style Pills"],"inLanguage":"it-IT"},{"@type":"WebPage","@id":"https:\/\/www.carillohome.com\/blog\/come-arredare-con-il-verde-menta\/","url":"https:\/\/www.carillohome.com\/blog\/come-arredare-con-il-verde-menta\/","name":"Come arredare con il verde menta ogni angolo della casa- Carillo Home","isPartOf":{"@id":"https:\/\/www.carillohome.com\/blog\/#website"},"primaryImageOfPage":{"@id":"https:\/\/www.carillohome.com\/blog\/come-arredare-con-il-verde-menta\/#primaryimage"},"image":{"@id":"https:\/\/www.carillohome.com\/blog\/come-arredare-con-il-verde-menta\/#primaryimage"},"thumbnailUrl":"https:\/\/blog.carillohome.com\/wp-content\/uploads\/2022\/05\/arredare-con-il-verde-menta.jpg","datePublished":"2022-05-19T09:40:16+00:00","dateModified":"2023-04-03T08:33:50+00:00","author":{"@id":"https:\/\/www.carillohome.com\/blog\/#\/schema\/person\/f21041096f5e302d2bb374bb0a2d6fd1"},"description":"Insieme a Carillo Home scopriamo come arredare con il verde menta e i segreti per abbinare questo bellissimo colore nei diversi ambienti della casa.","breadcrumb":{"@id":"https:\/\/www.carillohome.com\/blog\/come-arredare-con-il-verde-menta\/#breadcrumb"},"inLanguage":"it-IT","potentialAction":[{"@type":"ReadAction","target":["https:\/\/www.carillohome.com\/blog\/come-arredare-con-il-verde-menta\/"]}]},{"@type":"ImageObject","inLanguage":"it-IT","@id":"https:\/\/www.carillohome.com\/blog\/come-arredare-con-il-verde-menta\/#primaryimage","url":"https:\/\/blog.carillohome.com\/wp-content\/uploads\/2022\/05\/arredare-con-il-verde-menta.jpg","contentUrl":"https:\/\/blog.carillohome.com\/wp-content\/uploads\/2022\/05\/arredare-con-il-verde-menta.jpg","width":1200,"height":800,"caption":"arredare con il verde menta"},{"@type":"BreadcrumbList","@id":"https:\/\/www.carillohome.com\/blog\/come-arredare-con-il-verde-menta\/#breadcrumb","itemListElement":[{"@type":"ListItem","position":1,"name":"Home","item":"https:\/\/www.carillohome.com\/blog\/"},{"@type":"ListItem","position":2,"name":"Come arredare con il verde menta ogni angolo della casa"}]},{"@type":"WebSite","@id":"https:\/\/www.carillohome.com\/blog\/#website","url":"https:\/\/www.carillohome.com\/blog\/","name":"Carillo Home Blog","description":"","potentialAction":[{"@type":"SearchAction","target":{"@type":"EntryPoint","urlTemplate":"https:\/\/www.carillohome.com\/blog\/?s={search_term_string}"},"query-input":{"@type":"PropertyValueSpecification","valueRequired":true,"valueName":"search_term_string"}}],"inLanguage":"it-IT"},{"@type":"Person","@id":"https:\/\/www.carillohome.com\/blog\/#\/schema\/person\/f21041096f5e302d2bb374bb0a2d6fd1","name":"matrixconsulting","image":{"@type":"ImageObject","inLanguage":"it-IT","@id":"https:\/\/secure.gravatar.com\/avatar\/f49d301130b38e3c7fd149b9ccada20ea06e5ed1efc366e565f7a4f1ae209b6a?s=96&d=mm&r=g","url":"https:\/\/secure.gravatar.com\/avatar\/f49d301130b38e3c7fd149b9ccada20ea06e5ed1efc366e565f7a4f1ae209b6a?s=96&d=mm&r=g","contentUrl":"https:\/\/secure.gravatar.com\/avatar\/f49d301130b38e3c7fd149b9ccada20ea06e5ed1efc366e565f7a4f1ae209b6a?s=96&d=mm&r=g","caption":"matrixconsulting"}}]}},"_links":{"self":[{"href":"https:\/\/www.carillohome.com\/blog\/wp-json\/wp\/v2\/posts\/2734","targetHints":{"allow":["GET"]}}],"collection":[{"href":"https:\/\/www.carillohome.com\/blog\/wp-json\/wp\/v2\/posts"}],"about":[{"href":"https:\/\/www.carillohome.com\/blog\/wp-json\/wp\/v2\/types\/post"}],"author":[{"embeddable":true,"href":"https:\/\/www.carillohome.com\/blog\/wp-json\/wp\/v2\/users\/1"}],"replies":[{"embeddable":true,"href":"https:\/\/www.carillohome.com\/blog\/wp-json\/wp\/v2\/comments?post=2734"}],"version-history":[{"count":0,"href":"https:\/\/www.carillohome.com\/blog\/wp-json\/wp\/v2\/posts\/2734\/revisions"}],"wp:featuredmedia":[{"embeddable":true,"href":"https:\/\/www.carillohome.com\/blog\/wp-json\/wp\/v2\/media\/2736"}],"wp:attachment":[{"href":"https:\/\/www.carillohome.com\/blog\/wp-json\/wp\/v2\/media?parent=2734"}],"wp:term":[{"taxonomy":"category","embeddable":true,"href":"https:\/\/www.carillohome.com\/blog\/wp-json\/wp\/v2\/categories?post=2734"},{"taxonomy":"post_tag","embeddable":true,"href":"https:\/\/www.carillohome.com\/blog\/wp-json\/wp\/v2\/tags?post=2734"}],"curies":[{"name":"wp","href":"https:\/\/api.w.org\/{rel}","templated":true}]}}