{"id":2642,"date":"2022-03-17T11:56:52","date_gmt":"2022-03-17T10:56:52","guid":{"rendered":"https:\/\/blog.carillohome.com\/?p=2642"},"modified":"2023-04-03T10:36:27","modified_gmt":"2023-04-03T08:36:27","slug":"tendenze-arredo-primavera-estate-2022","status":"publish","type":"post","link":"https:\/\/www.carillohome.com\/blog\/tendenze-arredo-primavera-estate-2022\/","title":{"rendered":"Tendenze arredo primavera\/estate 2022: materiali e colori dell\u2019interior design"},"content":{"rendered":"<p><img loading=\"lazy\" decoding=\"async\" class=\"alignnone wp-image-2646 size-full\" src=\"https:\/\/blog.carillohome.com\/wp-content\/uploads\/2022\/03\/tendenze-primavera-estate-2022.jpg\" alt=\"tendenze arredo primavera-estate 2022\" width=\"1200\" height=\"800\" srcset=\"https:\/\/blog.carillohome.com\/wp-content\/uploads\/2022\/03\/tendenze-primavera-estate-2022.jpg 1200w, https:\/\/blog.carillohome.com\/wp-content\/uploads\/2022\/03\/tendenze-primavera-estate-2022-300x200.jpg 300w, https:\/\/blog.carillohome.com\/wp-content\/uploads\/2022\/03\/tendenze-primavera-estate-2022-768x512.jpg 768w, https:\/\/blog.carillohome.com\/wp-content\/uploads\/2022\/03\/tendenze-primavera-estate-2022-1024x683.jpg 1024w, https:\/\/blog.carillohome.com\/wp-content\/uploads\/2022\/03\/tendenze-primavera-estate-2022-600x400.jpg 600w\" sizes=\"auto, (max-width: 1200px) 100vw, 1200px\" \/><\/p>\n<p>Una nuova stagione per le <strong>tendenze dell\u2019interior design<\/strong>, una nuova stagione in cui sperimentare nuovi colori, nuove fantasie e nuovi stili nei diversi ambienti della casa: la primavera si interpreta in modi differenti a seconda dell\u2019immagine che vogliamo dare della nostra dimora, coniugando i trend del momento con i gusti personali.<\/p>\n<p>Scopriamo, insieme al brand specialista nell\u2019arredo casa <a href=\"https:\/\/www.carillohome.com\/it\/\" target=\"_blank\" rel=\"noopener noreferrer\">Carillo Home<\/a>, quali saranno i tessuti, i modelli di biancheria e i colori protagonisti del settore dell\u2019interior design in questa primavera\/estate 2022.<\/p>\n<p><img loading=\"lazy\" decoding=\"async\" class=\"alignnone wp-image-2644 size-full\" src=\"https:\/\/blog.carillohome.com\/wp-content\/uploads\/2022\/03\/colori-primavera-estate-2022-casa.jpg\" alt=\"colori arreda primavera-estate 2022\" width=\"945\" height=\"630\" srcset=\"https:\/\/blog.carillohome.com\/wp-content\/uploads\/2022\/03\/colori-primavera-estate-2022-casa.jpg 945w, https:\/\/blog.carillohome.com\/wp-content\/uploads\/2022\/03\/colori-primavera-estate-2022-casa-300x200.jpg 300w, https:\/\/blog.carillohome.com\/wp-content\/uploads\/2022\/03\/colori-primavera-estate-2022-casa-768x512.jpg 768w, https:\/\/blog.carillohome.com\/wp-content\/uploads\/2022\/03\/colori-primavera-estate-2022-casa-600x400.jpg 600w\" sizes=\"auto, (max-width: 945px) 100vw, 945px\" \/><\/p>\n<h2 class=\"western\">Colori di tendenza per arredare primavera\/estate 2022<\/h2>\n<p>La stagione che sta per cominciare sar\u00e0 caratterizzata dai colori intensi, dalle <strong>tonalit\u00e0 vibranti e decise<\/strong>. Il blu \u00e8 una delle grandi certezze di stile su cui fare affidamento anche in questa primavera: una sfumatura versatile, capace di abbinarsi a contesti pi\u00f9 tradizionali, ma anche a stili moderni e contemporanei. Il blu \u00e8 scelto per ridipingere le pareti e nei tessuti lo troviamo abbinato all\u2019oro, un mix di assoluta raffinatezza.<\/p>\n<p>Spazio anche al rosso scarlatto, che trover\u00e0 largo impiego in abbinamento al bianco e in versione lucida. Di <strong>tendenza per la primavera\/estate 2022<\/strong> anche il giallo ocra, che domina le scelte per dare un nuovo volto alle pareti di casa. L\u2019accostamento con mobili e tessuti dal tono scuro e freddo \u00e8 la risposta a chi si chiede come abbinare questo colore in modo che l\u2019ambiente risulti glamour ma non vecchio.<\/p>\n<p>Il viola \u00e8 un altro assoluto protagonista della tavolozza che riguarda i <strong>colori arredo 2022<\/strong>: lo troviamo utilizzato in tutti i campi, dalle decorazioni alla biancheria da letto, in tutte le sue sfumature, da quelle pi\u00f9 pastello a quelle pi\u00f9 scure.<\/p>\n<p>Menzione speciale per il magenta, una nuance che accende in modo vivace qualsiasi ambiente, il tocco di colore con cui personalizzare gli ambienti, da scegliere soprattutto per tessuti e biancheria, come <a href=\"https:\/\/www.carillohome.com\/it\/biancheria-da-letto\/completi-letto\/\" target=\"_blank\" rel=\"noopener noreferrer\">completi letto<\/a>, cuscini arredo e asciugamani.<\/p>\n<p>Non possiamo dimenticare, poi, una delle grandi novit\u00e0 della <strong>palette arredamento 2022<\/strong>, il verde oliva, la particolare sfumatura che nasce dall\u2019incontro del verde base con grigio e giallo: questo \u00e8 il colore perfetto per l\u2019abbinamento con tessuti e materiali naturali, ma attenzione a non esagerare perch\u00e9 si tratta di una tonalit\u00e0 scura che potrebbe togliere luce agli ambienti.<\/p>\n<p><img loading=\"lazy\" decoding=\"async\" class=\"alignnone wp-image-2645 size-full\" src=\"https:\/\/blog.carillohome.com\/wp-content\/uploads\/2022\/03\/stili-arredo-primavera-estate-2022.jpg\" alt=\"stili arredo primavera-estate 2022\" width=\"945\" height=\"630\" srcset=\"https:\/\/blog.carillohome.com\/wp-content\/uploads\/2022\/03\/stili-arredo-primavera-estate-2022.jpg 945w, https:\/\/blog.carillohome.com\/wp-content\/uploads\/2022\/03\/stili-arredo-primavera-estate-2022-300x200.jpg 300w, https:\/\/blog.carillohome.com\/wp-content\/uploads\/2022\/03\/stili-arredo-primavera-estate-2022-768x512.jpg 768w, https:\/\/blog.carillohome.com\/wp-content\/uploads\/2022\/03\/stili-arredo-primavera-estate-2022-600x400.jpg 600w\" sizes=\"auto, (max-width: 945px) 100vw, 945px\" \/><\/p>\n<h2 class=\"western\">Stili d\u2019arredamento: tendenze per la primavera\/estate 2022<\/h2>\n<p>Parliamo di stili d\u2019arredamento: quali saranno le impronte stilistiche pi\u00f9 scelte per rinnovare casa in questo 2022? Ecco i <strong>trend principali per l\u2019interior design primavera\/estate<\/strong>.<\/p>\n<p>Less is more \u00e8 una delle regole auree dello stile, che trova la sua massima espressione nella scelta di un <strong>arredo minimalista<\/strong>: la bella stagione del 2022 invita a liberarsi del superfluo, scegliendo di vivere una casa molto pi\u00f9 zen e rilassante, con legni chiari, stampe e colori neutri e piante disseminate qua e l\u00e0.<\/p>\n<p>Per chi desidera sentire l\u2019aria di vacanza e libert\u00e0 anche in citt\u00e0, lo stile marinaro \u00e8 quello pi\u00f9 adatto, declinato nella <strong>tendenza attualissima del global coastal<\/strong>: le stanze si trasformano cos\u00ec in piccoli regni marini, in cui dominano bianco e blu, righe e dettagli in rattan.<\/p>\n<p>Anche la primavera\/estate 2022 non sfugge alle infinite possibilit\u00e0 offerte dallo <strong>stile mix &amp; match<\/strong>: \u00e8 consentito l\u2019accostamento di concetti di design apparentemente opposti, come rustico e moderno, vintage e contemporaneo per creare effetti sorprendenti e personalizzare i diversi ambienti di casa secondo le proprie esperienze, i propri viaggi, la propria cultura.<\/p>\n<p>Non \u00e8 primavera senza <strong>boho-chic<\/strong>, questo \u00e8 lo stile pi\u00f9 amato durante l\u2019anno, quando le temperature si alzano e le giornate si trascorrono al sole: base neutra su cui spiccano colori vivaci e sgargianti, tante stampe sulle pareti e pattern etnici a caratterizzare tutti i tessuti di casa, dalla biancheria da letto alle <a href=\"https:\/\/www.carillohome.com\/it\/tende-e-bastoni\/tende-confezionate\/\" target=\"_blank\" rel=\"noopener noreferrer\">tende<\/a>, dai set bagno ai <a href=\"https:\/\/www.carillohome.com\/it\/salone\/copridivani\/\" target=\"_blank\" rel=\"noopener noreferrer\">copridivani<\/a>.<\/p>\n<p><a href=\"https:\/\/www.carillohome.com\/it\/\" target=\"_blank\" rel=\"noopener noreferrer\"><img loading=\"lazy\" decoding=\"async\" class=\"alignnone wp-image-2643 size-full\" src=\"https:\/\/blog.carillohome.com\/wp-content\/uploads\/2022\/03\/banner-primavera-estate.jpg\" alt=\"\" width=\"945\" height=\"315\" srcset=\"https:\/\/blog.carillohome.com\/wp-content\/uploads\/2022\/03\/banner-primavera-estate.jpg 945w, https:\/\/blog.carillohome.com\/wp-content\/uploads\/2022\/03\/banner-primavera-estate-300x100.jpg 300w, https:\/\/blog.carillohome.com\/wp-content\/uploads\/2022\/03\/banner-primavera-estate-768x256.jpg 768w, https:\/\/blog.carillohome.com\/wp-content\/uploads\/2022\/03\/banner-primavera-estate-600x200.jpg 600w\" sizes=\"auto, (max-width: 945px) 100vw, 945px\" \/><\/a><\/p>\n<h2 class=\"western\">Tessuti di tendenza primavera\/estate: come si trasforma la casa nel 2022<\/h2>\n<p>Per quanto riguarda i tessuti di tendenza della primavera\/estate 2022, si punta sui filati naturali, come <strong>lino, seta e cotone<\/strong>, ma sono le lavorazioni a fare la differenza: la biancheria per la casa di tendenza in questo periodo si arricchisce di ricami, stampe, lavorazioni artigianali che la rendono esclusiva, come nel caso del <strong>tessuto jacquard<\/strong>, un lussuoso tocco di stile per la camera da letto. <strong>Fantasie floreali e righe colorate<\/strong> dominano nei motivi pi\u00f9 trendy del momento, in linea con il risveglio della natura che avviene in primavera fuori dalla porta di casa: tutto tende a sbocciare, anche tra le pareti domestiche.<\/p>\n<p>Scegli i migliori tessuti con cui arredare casa in primavera affidandoti all\u2019esperienza e al gusto di Carillo Home: scopri la collezione primavera\/estate 2022 di <a href=\"https:\/\/www.carillohome.com\/it\/\" target=\"_blank\" rel=\"noopener noreferrer\">biancheria per la casa<\/a> e decorazioni con cui trasformare il volto dei tuoi ambienti in questa stagione di luce e colore. Materiali e lavorazioni di alta qualit\u00e0 caratterizzano le proposte Carillo Home, orientate a soddisfare le richieste di funzionalit\u00e0, ma anche il bisogno di un tocco estetico personalizzato alle diverse stanza di una casa pronta ad accogliere la primavera in ogni dettaglio!<\/p>\n","protected":false},"excerpt":{"rendered":"<p>Una nuova stagione per le tendenze dell\u2019interior design, una nuova stagione in cui sperimentare nuovi colori, nuove fantasie e nuovi stili nei diversi ambienti della casa: la primavera si interpreta in modi differenti a seconda dell\u2019immagine che vogliamo dare della nostra dimora, coniugando i trend del momento con i gusti personali. Scopriamo, insieme al brand&#8230;<\/p>\n","protected":false},"author":1,"featured_media":2646,"comment_status":"closed","ping_status":"closed","sticky":true,"template":"","format":"standard","meta":{"footnotes":""},"categories":[15],"tags":[],"class_list":["post-2642","post","type-post","status-publish","format-standard","has-post-thumbnail","hentry","category-interior-design-trends"],"yoast_head":"<!-- This site is optimized with the Yoast SEO plugin v27.4 - https:\/\/yoast.com\/product\/yoast-seo-wordpress\/ -->\n<title>Tendenze arredo interior design primavera\/estate 2022- Carillo Home<\/title>\n<meta name=\"description\" content=\"Scopriamo, insieme a Carillo Home, quali saranno i tessuti, i modelli di biancheria e i colori protagonisti in questa primavera\/estate 2022.\" \/>\n<meta name=\"robots\" content=\"index, follow, max-snippet:-1, max-image-preview:large, max-video-preview:-1\" \/>\n<link rel=\"canonical\" href=\"https:\/\/www.carillohome.com\/blog\/tendenze-arredo-primavera-estate-2022\/\" \/>\n<meta property=\"og:locale\" content=\"it_IT\" \/>\n<meta property=\"og:type\" content=\"article\" \/>\n<meta property=\"og:title\" content=\"Tendenze arredo interior design primavera\/estate 2022- Carillo Home\" \/>\n<meta property=\"og:description\" content=\"Scopriamo, insieme a Carillo Home, quali saranno i tessuti, i modelli di biancheria e i colori protagonisti in questa primavera\/estate 2022.\" \/>\n<meta property=\"og:url\" content=\"https:\/\/www.carillohome.com\/blog\/tendenze-arredo-primavera-estate-2022\/\" \/>\n<meta property=\"og:site_name\" content=\"Carillo Home Blog\" \/>\n<meta property=\"article:published_time\" content=\"2022-03-17T10:56:52+00:00\" \/>\n<meta property=\"article:modified_time\" content=\"2023-04-03T08:36:27+00:00\" \/>\n<meta property=\"og:image\" content=\"https:\/\/blog.carillohome.com\/wp-content\/uploads\/2022\/03\/tendenze-primavera-estate-2022.jpg\" \/>\n\t<meta property=\"og:image:width\" content=\"1200\" \/>\n\t<meta property=\"og:image:height\" content=\"800\" \/>\n\t<meta property=\"og:image:type\" content=\"image\/jpeg\" \/>\n<meta name=\"author\" content=\"matrixconsulting\" \/>\n<meta name=\"twitter:card\" content=\"summary_large_image\" \/>\n<meta name=\"twitter:label1\" content=\"Scritto da\" \/>\n\t<meta name=\"twitter:data1\" content=\"matrixconsulting\" \/>\n\t<meta name=\"twitter:label2\" content=\"Tempo di lettura stimato\" \/>\n\t<meta name=\"twitter:data2\" content=\"4 minuti\" \/>\n<script type=\"application\/ld+json\" class=\"yoast-schema-graph\">{\"@context\":\"https:\\\/\\\/schema.org\",\"@graph\":[{\"@type\":\"Article\",\"@id\":\"https:\\\/\\\/www.carillohome.com\\\/blog\\\/tendenze-arredo-primavera-estate-2022\\\/#article\",\"isPartOf\":{\"@id\":\"https:\\\/\\\/www.carillohome.com\\\/blog\\\/tendenze-arredo-primavera-estate-2022\\\/\"},\"author\":{\"name\":\"matrixconsulting\",\"@id\":\"https:\\\/\\\/www.carillohome.com\\\/blog\\\/#\\\/schema\\\/person\\\/f21041096f5e302d2bb374bb0a2d6fd1\"},\"headline\":\"Tendenze arredo primavera\\\/estate 2022: materiali e colori dell\u2019interior design\",\"datePublished\":\"2022-03-17T10:56:52+00:00\",\"dateModified\":\"2023-04-03T08:36:27+00:00\",\"mainEntityOfPage\":{\"@id\":\"https:\\\/\\\/www.carillohome.com\\\/blog\\\/tendenze-arredo-primavera-estate-2022\\\/\"},\"wordCount\":819,\"image\":{\"@id\":\"https:\\\/\\\/www.carillohome.com\\\/blog\\\/tendenze-arredo-primavera-estate-2022\\\/#primaryimage\"},\"thumbnailUrl\":\"https:\\\/\\\/blog.carillohome.com\\\/wp-content\\\/uploads\\\/2022\\\/03\\\/tendenze-primavera-estate-2022.jpg\",\"articleSection\":[\"Interior Design Trends\"],\"inLanguage\":\"it-IT\"},{\"@type\":\"WebPage\",\"@id\":\"https:\\\/\\\/www.carillohome.com\\\/blog\\\/tendenze-arredo-primavera-estate-2022\\\/\",\"url\":\"https:\\\/\\\/www.carillohome.com\\\/blog\\\/tendenze-arredo-primavera-estate-2022\\\/\",\"name\":\"Tendenze arredo interior design primavera\\\/estate 2022- Carillo Home\",\"isPartOf\":{\"@id\":\"https:\\\/\\\/www.carillohome.com\\\/blog\\\/#website\"},\"primaryImageOfPage\":{\"@id\":\"https:\\\/\\\/www.carillohome.com\\\/blog\\\/tendenze-arredo-primavera-estate-2022\\\/#primaryimage\"},\"image\":{\"@id\":\"https:\\\/\\\/www.carillohome.com\\\/blog\\\/tendenze-arredo-primavera-estate-2022\\\/#primaryimage\"},\"thumbnailUrl\":\"https:\\\/\\\/blog.carillohome.com\\\/wp-content\\\/uploads\\\/2022\\\/03\\\/tendenze-primavera-estate-2022.jpg\",\"datePublished\":\"2022-03-17T10:56:52+00:00\",\"dateModified\":\"2023-04-03T08:36:27+00:00\",\"author\":{\"@id\":\"https:\\\/\\\/www.carillohome.com\\\/blog\\\/#\\\/schema\\\/person\\\/f21041096f5e302d2bb374bb0a2d6fd1\"},\"description\":\"Scopriamo, insieme a Carillo Home, quali saranno i tessuti, i modelli di biancheria e i colori protagonisti in questa primavera\\\/estate 2022.\",\"breadcrumb\":{\"@id\":\"https:\\\/\\\/www.carillohome.com\\\/blog\\\/tendenze-arredo-primavera-estate-2022\\\/#breadcrumb\"},\"inLanguage\":\"it-IT\",\"potentialAction\":[{\"@type\":\"ReadAction\",\"target\":[\"https:\\\/\\\/www.carillohome.com\\\/blog\\\/tendenze-arredo-primavera-estate-2022\\\/\"]}]},{\"@type\":\"ImageObject\",\"inLanguage\":\"it-IT\",\"@id\":\"https:\\\/\\\/www.carillohome.com\\\/blog\\\/tendenze-arredo-primavera-estate-2022\\\/#primaryimage\",\"url\":\"https:\\\/\\\/blog.carillohome.com\\\/wp-content\\\/uploads\\\/2022\\\/03\\\/tendenze-primavera-estate-2022.jpg\",\"contentUrl\":\"https:\\\/\\\/blog.carillohome.com\\\/wp-content\\\/uploads\\\/2022\\\/03\\\/tendenze-primavera-estate-2022.jpg\",\"width\":1200,\"height\":800,\"caption\":\"tendenze arredo primavera-estate 2022\"},{\"@type\":\"BreadcrumbList\",\"@id\":\"https:\\\/\\\/www.carillohome.com\\\/blog\\\/tendenze-arredo-primavera-estate-2022\\\/#breadcrumb\",\"itemListElement\":[{\"@type\":\"ListItem\",\"position\":1,\"name\":\"Home\",\"item\":\"https:\\\/\\\/www.carillohome.com\\\/blog\\\/\"},{\"@type\":\"ListItem\",\"position\":2,\"name\":\"Tendenze arredo primavera\\\/estate 2022: materiali e colori dell\u2019interior design\"}]},{\"@type\":\"WebSite\",\"@id\":\"https:\\\/\\\/www.carillohome.com\\\/blog\\\/#website\",\"url\":\"https:\\\/\\\/www.carillohome.com\\\/blog\\\/\",\"name\":\"Carillo Home Blog\",\"description\":\"\",\"potentialAction\":[{\"@type\":\"SearchAction\",\"target\":{\"@type\":\"EntryPoint\",\"urlTemplate\":\"https:\\\/\\\/www.carillohome.com\\\/blog\\\/?s={search_term_string}\"},\"query-input\":{\"@type\":\"PropertyValueSpecification\",\"valueRequired\":true,\"valueName\":\"search_term_string\"}}],\"inLanguage\":\"it-IT\"},{\"@type\":\"Person\",\"@id\":\"https:\\\/\\\/www.carillohome.com\\\/blog\\\/#\\\/schema\\\/person\\\/f21041096f5e302d2bb374bb0a2d6fd1\",\"name\":\"matrixconsulting\",\"image\":{\"@type\":\"ImageObject\",\"inLanguage\":\"it-IT\",\"@id\":\"https:\\\/\\\/secure.gravatar.com\\\/avatar\\\/f49d301130b38e3c7fd149b9ccada20ea06e5ed1efc366e565f7a4f1ae209b6a?s=96&d=mm&r=g\",\"url\":\"https:\\\/\\\/secure.gravatar.com\\\/avatar\\\/f49d301130b38e3c7fd149b9ccada20ea06e5ed1efc366e565f7a4f1ae209b6a?s=96&d=mm&r=g\",\"contentUrl\":\"https:\\\/\\\/secure.gravatar.com\\\/avatar\\\/f49d301130b38e3c7fd149b9ccada20ea06e5ed1efc366e565f7a4f1ae209b6a?s=96&d=mm&r=g\",\"caption\":\"matrixconsulting\"}}]}<\/script>\n<!-- \/ Yoast SEO plugin. -->","yoast_head_json":{"title":"Tendenze arredo interior design primavera\/estate 2022- Carillo Home","description":"Scopriamo, insieme a Carillo Home, quali saranno i tessuti, i modelli di biancheria e i colori protagonisti in questa primavera\/estate 2022.","robots":{"index":"index","follow":"follow","max-snippet":"max-snippet:-1","max-image-preview":"max-image-preview:large","max-video-preview":"max-video-preview:-1"},"canonical":"https:\/\/www.carillohome.com\/blog\/tendenze-arredo-primavera-estate-2022\/","og_locale":"it_IT","og_type":"article","og_title":"Tendenze arredo interior design primavera\/estate 2022- Carillo Home","og_description":"Scopriamo, insieme a Carillo Home, quali saranno i tessuti, i modelli di biancheria e i colori protagonisti in questa primavera\/estate 2022.","og_url":"https:\/\/www.carillohome.com\/blog\/tendenze-arredo-primavera-estate-2022\/","og_site_name":"Carillo Home Blog","article_published_time":"2022-03-17T10:56:52+00:00","article_modified_time":"2023-04-03T08:36:27+00:00","og_image":[{"width":1200,"height":800,"url":"https:\/\/blog.carillohome.com\/wp-content\/uploads\/2022\/03\/tendenze-primavera-estate-2022.jpg","type":"image\/jpeg"}],"author":"matrixconsulting","twitter_card":"summary_large_image","twitter_misc":{"Scritto da":"matrixconsulting","Tempo di lettura stimato":"4 minuti"},"schema":{"@context":"https:\/\/schema.org","@graph":[{"@type":"Article","@id":"https:\/\/www.carillohome.com\/blog\/tendenze-arredo-primavera-estate-2022\/#article","isPartOf":{"@id":"https:\/\/www.carillohome.com\/blog\/tendenze-arredo-primavera-estate-2022\/"},"author":{"name":"matrixconsulting","@id":"https:\/\/www.carillohome.com\/blog\/#\/schema\/person\/f21041096f5e302d2bb374bb0a2d6fd1"},"headline":"Tendenze arredo primavera\/estate 2022: materiali e colori dell\u2019interior design","datePublished":"2022-03-17T10:56:52+00:00","dateModified":"2023-04-03T08:36:27+00:00","mainEntityOfPage":{"@id":"https:\/\/www.carillohome.com\/blog\/tendenze-arredo-primavera-estate-2022\/"},"wordCount":819,"image":{"@id":"https:\/\/www.carillohome.com\/blog\/tendenze-arredo-primavera-estate-2022\/#primaryimage"},"thumbnailUrl":"https:\/\/blog.carillohome.com\/wp-content\/uploads\/2022\/03\/tendenze-primavera-estate-2022.jpg","articleSection":["Interior Design Trends"],"inLanguage":"it-IT"},{"@type":"WebPage","@id":"https:\/\/www.carillohome.com\/blog\/tendenze-arredo-primavera-estate-2022\/","url":"https:\/\/www.carillohome.com\/blog\/tendenze-arredo-primavera-estate-2022\/","name":"Tendenze arredo interior design primavera\/estate 2022- Carillo Home","isPartOf":{"@id":"https:\/\/www.carillohome.com\/blog\/#website"},"primaryImageOfPage":{"@id":"https:\/\/www.carillohome.com\/blog\/tendenze-arredo-primavera-estate-2022\/#primaryimage"},"image":{"@id":"https:\/\/www.carillohome.com\/blog\/tendenze-arredo-primavera-estate-2022\/#primaryimage"},"thumbnailUrl":"https:\/\/blog.carillohome.com\/wp-content\/uploads\/2022\/03\/tendenze-primavera-estate-2022.jpg","datePublished":"2022-03-17T10:56:52+00:00","dateModified":"2023-04-03T08:36:27+00:00","author":{"@id":"https:\/\/www.carillohome.com\/blog\/#\/schema\/person\/f21041096f5e302d2bb374bb0a2d6fd1"},"description":"Scopriamo, insieme a Carillo Home, quali saranno i tessuti, i modelli di biancheria e i colori protagonisti in questa primavera\/estate 2022.","breadcrumb":{"@id":"https:\/\/www.carillohome.com\/blog\/tendenze-arredo-primavera-estate-2022\/#breadcrumb"},"inLanguage":"it-IT","potentialAction":[{"@type":"ReadAction","target":["https:\/\/www.carillohome.com\/blog\/tendenze-arredo-primavera-estate-2022\/"]}]},{"@type":"ImageObject","inLanguage":"it-IT","@id":"https:\/\/www.carillohome.com\/blog\/tendenze-arredo-primavera-estate-2022\/#primaryimage","url":"https:\/\/blog.carillohome.com\/wp-content\/uploads\/2022\/03\/tendenze-primavera-estate-2022.jpg","contentUrl":"https:\/\/blog.carillohome.com\/wp-content\/uploads\/2022\/03\/tendenze-primavera-estate-2022.jpg","width":1200,"height":800,"caption":"tendenze arredo primavera-estate 2022"},{"@type":"BreadcrumbList","@id":"https:\/\/www.carillohome.com\/blog\/tendenze-arredo-primavera-estate-2022\/#breadcrumb","itemListElement":[{"@type":"ListItem","position":1,"name":"Home","item":"https:\/\/www.carillohome.com\/blog\/"},{"@type":"ListItem","position":2,"name":"Tendenze arredo primavera\/estate 2022: materiali e colori dell\u2019interior design"}]},{"@type":"WebSite","@id":"https:\/\/www.carillohome.com\/blog\/#website","url":"https:\/\/www.carillohome.com\/blog\/","name":"Carillo Home Blog","description":"","potentialAction":[{"@type":"SearchAction","target":{"@type":"EntryPoint","urlTemplate":"https:\/\/www.carillohome.com\/blog\/?s={search_term_string}"},"query-input":{"@type":"PropertyValueSpecification","valueRequired":true,"valueName":"search_term_string"}}],"inLanguage":"it-IT"},{"@type":"Person","@id":"https:\/\/www.carillohome.com\/blog\/#\/schema\/person\/f21041096f5e302d2bb374bb0a2d6fd1","name":"matrixconsulting","image":{"@type":"ImageObject","inLanguage":"it-IT","@id":"https:\/\/secure.gravatar.com\/avatar\/f49d301130b38e3c7fd149b9ccada20ea06e5ed1efc366e565f7a4f1ae209b6a?s=96&d=mm&r=g","url":"https:\/\/secure.gravatar.com\/avatar\/f49d301130b38e3c7fd149b9ccada20ea06e5ed1efc366e565f7a4f1ae209b6a?s=96&d=mm&r=g","contentUrl":"https:\/\/secure.gravatar.com\/avatar\/f49d301130b38e3c7fd149b9ccada20ea06e5ed1efc366e565f7a4f1ae209b6a?s=96&d=mm&r=g","caption":"matrixconsulting"}}]}},"_links":{"self":[{"href":"https:\/\/www.carillohome.com\/blog\/wp-json\/wp\/v2\/posts\/2642","targetHints":{"allow":["GET"]}}],"collection":[{"href":"https:\/\/www.carillohome.com\/blog\/wp-json\/wp\/v2\/posts"}],"about":[{"href":"https:\/\/www.carillohome.com\/blog\/wp-json\/wp\/v2\/types\/post"}],"author":[{"embeddable":true,"href":"https:\/\/www.carillohome.com\/blog\/wp-json\/wp\/v2\/users\/1"}],"replies":[{"embeddable":true,"href":"https:\/\/www.carillohome.com\/blog\/wp-json\/wp\/v2\/comments?post=2642"}],"version-history":[{"count":0,"href":"https:\/\/www.carillohome.com\/blog\/wp-json\/wp\/v2\/posts\/2642\/revisions"}],"wp:featuredmedia":[{"embeddable":true,"href":"https:\/\/www.carillohome.com\/blog\/wp-json\/wp\/v2\/media\/2646"}],"wp:attachment":[{"href":"https:\/\/www.carillohome.com\/blog\/wp-json\/wp\/v2\/media?parent=2642"}],"wp:term":[{"taxonomy":"category","embeddable":true,"href":"https:\/\/www.carillohome.com\/blog\/wp-json\/wp\/v2\/categories?post=2642"},{"taxonomy":"post_tag","embeddable":true,"href":"https:\/\/www.carillohome.com\/blog\/wp-json\/wp\/v2\/tags?post=2642"}],"curies":[{"name":"wp","href":"https:\/\/api.w.org\/{rel}","templated":true}]}}